{"id":313056,"date":"2025-08-12T03:45:13","date_gmt":"2025-08-12T03:45:13","guid":{"rendered":"https:\/\/www.europesays.com\/fr\/313056\/"},"modified":"2025-08-12T03:45:13","modified_gmt":"2025-08-12T03:45:13","slug":"le-retour-economique-des-pays-du-sud-de-leurope","status":"publish","type":"post","link":"https:\/\/www.europesays.com\/fr\/313056\/","title":{"rendered":"le retour \u00e9conomique des pays du sud de l&rsquo;Europe"},"content":{"rendered":"<p>&#13;<br \/>\n\tQuinze ans apr\u00e8s la crise des dettes souveraines, l\u2019Italie, l\u2019Espagne et le Portugal enregistrent une croissance sup\u00e9rieure \u00e0 celle des autres pays de la zone euro. Tous, y compris l\u2019Italie, d\u00e9passent de plus de 6% leur niveau de PIB d\u2019avant-Covid et leur taux de ch\u00f4mage a chut\u00e9. La recette de cette remontada m\u00e9ridionale ? Principalement, un rattrapage, apr\u00e8s le choc cr\u00e9\u00e9 par des cures d\u2019aust\u00e9rit\u00e9 s\u00e9v\u00e8res. Mais pas seulement. Notre dossier pour comprendre.<\/p>\n","protected":false},"excerpt":{"rendered":"&#13; Quinze ans apr\u00e8s la crise des dettes souveraines, l\u2019Italie, l\u2019Espagne et le Portugal enregistrent une croissance sup\u00e9rieure&hellip;\n","protected":false},"author":2,"featured_media":313057,"comment_status":"","ping_status":"","sticky":false,"template":"","format":"standard","meta":{"footnotes":""},"categories":[1586],"tags":[11,4485,11291,123,1777,674,1011,27,452,12,6996,25],"class_list":{"0":"post-313056","1":"post","2":"type-post","3":"status-publish","4":"format-standard","5":"has-post-thumbnail","7":"category-europe","8":"tag-actualites","9":"tag-dossier","10":"tag-eco-social","11":"tag-espagne","12":"tag-eu","13":"tag-europe","14":"tag-fr","15":"tag-france","16":"tag-italie","17":"tag-news","18":"tag-portugal","19":"tag-republique-francaise"},"share_on_mastodon":{"url":"https:\/\/pubeurope.com\/@fr\/115013741691047410","error":""},"_links":{"self":[{"href":"https:\/\/www.europesays.com\/fr\/wp-json\/wp\/v2\/posts\/313056","targetHints":{"allow":["GET"]}}],"collection":[{"href":"https:\/\/www.europesays.com\/fr\/wp-json\/wp\/v2\/posts"}],"about":[{"href":"https:\/\/www.europesays.com\/fr\/wp-json\/wp\/v2\/types\/post"}],"author":[{"embeddable":true,"href":"https:\/\/www.europesays.com\/fr\/wp-json\/wp\/v2\/users\/2"}],"replies":[{"embeddable":true,"href":"https:\/\/www.europesays.com\/fr\/wp-json\/wp\/v2\/comments?post=313056"}],"version-history":[{"count":0,"href":"https:\/\/www.europesays.com\/fr\/wp-json\/wp\/v2\/posts\/313056\/revisions"}],"wp:featuredmedia":[{"embeddable":true,"href":"https:\/\/www.europesays.com\/fr\/wp-json\/wp\/v2\/media\/313057"}],"wp:attachment":[{"href":"https:\/\/www.europesays.com\/fr\/wp-json\/wp\/v2\/media?parent=313056"}],"wp:term":[{"taxonomy":"category","embeddable":true,"href":"https:\/\/www.europesays.com\/fr\/wp-json\/wp\/v2\/categories?post=313056"},{"taxonomy":"post_tag","embeddable":true,"href":"https:\/\/www.europesays.com\/fr\/wp-json\/wp\/v2\/tags?post=313056"}],"curies":[{"name":"wp","href":"https:\/\/api.w.org\/{rel}","templated":true}]}}