{"id":313066,"date":"2025-08-12T03:52:18","date_gmt":"2025-08-12T03:52:18","guid":{"rendered":"https:\/\/www.europesays.com\/fr\/313066\/"},"modified":"2025-08-12T03:52:18","modified_gmt":"2025-08-12T03:52:18","slug":"transferts-top-14-les-dossiers-chauds-de-la-rentree-rugby","status":"publish","type":"post","link":"https:\/\/www.europesays.com\/fr\/313066\/","title":{"rendered":"Transferts-Top 14 : Les Dossiers Chauds de la Rentr\u00e9e Rugby"},"content":{"rendered":"<p>Alors que le coup d\u2019envoi du Top 14 approche \u00e0 grands pas, le march\u00e9 des transferts s\u2019active, avec des clubs \u00e0 la recherche de renforts significatifs. Le RC Toulonnais, en particulier, a plusieurs dossiers chauds sur la table, notamment ceux de Baptiste Jauneau, Tomas Albornoz et Tommaso Menoncello. Pendant ce temps, le Stade Fran\u00e7ais met les bouch\u00e9es doubles pour attirer Alivereti Duguivalu.<\/p>\n<p>Baptiste Jauneau : Un Demandeur Pris\u00e9<\/p>\n<p>Le demi de m\u00eal\u00e9e Baptiste Jauneau, \u00e2g\u00e9 de 21 ans et en fin de contrat avec Clermont, est au centre de l\u2019attention. Le RC Toulonnais a formellement manifest\u00e9 son int\u00e9r\u00eat en transmettant une offre \u00e0 son entourage. Les dirigeants du RCT cherchent \u00e0 anticiper l\u2019avenir de leur titulaire au poste, Baptiste Serin, dont le statut reste incertain.<\/p>\n<p>Jauneau est \u00e9galement suivi par d\u2019autres clubs, tels que Pau et Bordeaux-B\u00e8gles, qui envisagent son recrutement pour renforcer leur effectif. Cependant, l\u2019ASM Clermont Auvergne n\u2019a pas dit son dernier mot et pr\u00e9pare une nouvelle proposition de contrat pour sa jeune p\u00e9pite, avec une revalorisation salariale \u00e0 la cl\u00e9. La situation devrait se clarifier d\u00e9but septembre, alors que Clermont souhaite r\u00e9soudre cette question rapidement.<\/p>\n<p>Toulon : Une Strat\u00e9gie Multi-FrontaleNouveau ! Recevez la newsletter Rugby Transfert 1 fois par mois !<\/p>\n<p>Le RC Toulonnais ne s\u2019arr\u00eate pas l\u00e0. En parall\u00e8le, le club est en discussions avanc\u00e9es pour signer l\u2019international argentin Tomas Albornoz, 27 ans, qui a fait ses preuves avec le Benetton Tr\u00e9vise. D\u00e9sireux de passer \u00e0 la vitesse sup\u00e9rieure dans sa carri\u00e8re, Albornoz pourrait rejoindre Toulon, qui aurait d\u00e9j\u00e0 formul\u00e9 une offre.<\/p>\n<p>Par ailleurs, le RCT envisage \u00e9galement de recruter Tommaso Menoncello, 22 ans, co\u00e9quipier d\u2019Albornoz. La complicit\u00e9 entre les deux joueurs pourrait jouer en faveur de Toulon, qui fait face \u00e0 la concurrence de Toulouse. Les champions de France cherchent \u00e0 renforcer leur ligne arri\u00e8re, notamment en raison d\u2019une possible d\u00e9part de Pita Ahki, qui pourrait revenir en Nouvelle-Z\u00e9lande.<\/p>\n<p>Le Stade Fran\u00e7ais \u00e0 l\u2019Aff\u00fbt de Duguivalu<\/p>\n<p>Enfin, le futur d\u2019Alivereti Duguivalu, actuellement \u00e0 l\u2019Usap, est incertain. Le joueur, qui vient de rentrer de Nouvelle-Z\u00e9lande avec le groupe France, arrive en fin de contrat \u00e0 la fin de la saison. Le Stade Fran\u00e7ais a fait de lui une de ses priorit\u00e9s et a d\u00e9j\u00e0 \u00e9tabli des contacts. Les n\u00e9gociations devraient s\u2019acc\u00e9l\u00e9rer \u00e0 la rentr\u00e9e, alors que le club parisien souhaite finaliser rapidement ce dossier.<\/p>\n<p>Conclusion<\/p>\n<p>\u00c0 un mois de la reprise du Top 14, les clubs s\u2019activent sur le march\u00e9 des transferts. Le RC Toulonnais m\u00e8ne la danse avec plusieurs pistes prometteuses, tandis que le Stade Fran\u00e7ais tente de frapper un grand coup avec Duguivalu. La p\u00e9riode estivale s\u2019annonce d\u00e9cisive pour l\u2019avenir de nombreux joueurs et la composition des \u00e9quipes pour la prochaine saison.<\/p>\n<p><img loading=\"lazy\" decoding=\"async\" data-class=\"LazyLoad\" src=\"https:\/\/www.europesays.com\/fr\/wp-content\/uploads\/2025\/04\/image-1.jpg\" width=\"100\" height=\"100\" alt=\"image 1\" itemprop=\"image\" title=\"Transferts-Top 14 : Les Dossiers Chauds de la Rentr\u00e9e Rugby\"\/><\/p>\n<p>Bruno Lancelle, n\u00e9 en 1986 \u00e0 La Seyne-sur-Mer (Var), aujourd\u2019hui Kin\u00e9sith\u00e9rapeute, est un ancien joueur\u00a0 de rugby \u00e0 XV qui \u00e9voluait au poste de demi d\u2019ouverture, pass\u00e9 par Toulon, Lyon, Provence Rugby, La Seyne-sur-Mer, US bressane, Lille et Hy\u00e8res.<\/p>\n","protected":false},"excerpt":{"rendered":"Alors que le coup d\u2019envoi du Top 14 approche \u00e0 grands pas, le march\u00e9 des transferts s\u2019active, avec&hellip;\n","protected":false},"author":2,"featured_media":313067,"comment_status":"","ping_status":"","sticky":false,"template":"","format":"standard","meta":{"footnotes":""},"categories":[1416],"tags":[1011,27,479,1468,60],"class_list":{"0":"post-313066","1":"post","2":"type-post","3":"status-publish","4":"format-standard","5":"has-post-thumbnail","7":"category-rugby","8":"tag-fr","9":"tag-france","10":"tag-rugby","11":"tag-rugby-football","12":"tag-sports"},"share_on_mastodon":{"url":"https:\/\/pubeurope.com\/@fr\/115013769158329745","error":""},"_links":{"self":[{"href":"https:\/\/www.europesays.com\/fr\/wp-json\/wp\/v2\/posts\/313066","targetHints":{"allow":["GET"]}}],"collection":[{"href":"https:\/\/www.europesays.com\/fr\/wp-json\/wp\/v2\/posts"}],"about":[{"href":"https:\/\/www.europesays.com\/fr\/wp-json\/wp\/v2\/types\/post"}],"author":[{"embeddable":true,"href":"https:\/\/www.europesays.com\/fr\/wp-json\/wp\/v2\/users\/2"}],"replies":[{"embeddable":true,"href":"https:\/\/www.europesays.com\/fr\/wp-json\/wp\/v2\/comments?post=313066"}],"version-history":[{"count":0,"href":"https:\/\/www.europesays.com\/fr\/wp-json\/wp\/v2\/posts\/313066\/revisions"}],"wp:featuredmedia":[{"embeddable":true,"href":"https:\/\/www.europesays.com\/fr\/wp-json\/wp\/v2\/media\/313067"}],"wp:attachment":[{"href":"https:\/\/www.europesays.com\/fr\/wp-json\/wp\/v2\/media?parent=313066"}],"wp:term":[{"taxonomy":"category","embeddable":true,"href":"https:\/\/www.europesays.com\/fr\/wp-json\/wp\/v2\/categories?post=313066"},{"taxonomy":"post_tag","embeddable":true,"href":"https:\/\/www.europesays.com\/fr\/wp-json\/wp\/v2\/tags?post=313066"}],"curies":[{"name":"wp","href":"https:\/\/api.w.org\/{rel}","templated":true}]}}