{"id":313068,"date":"2025-08-12T03:53:23","date_gmt":"2025-08-12T03:53:23","guid":{"rendered":"https:\/\/www.europesays.com\/fr\/313068\/"},"modified":"2025-08-12T03:53:23","modified_gmt":"2025-08-12T03:53:23","slug":"us-open-connors-ne-croit-pas-vraiment-aux-chances-de-novak-djokovic-batailler-alcaraz-ou-sinner-coup-sur-coup-cest-un-defi-de-taille-surtout-trois-sets-sur-cinq-et-surtout-sil-fai","status":"publish","type":"post","link":"https:\/\/www.europesays.com\/fr\/313068\/","title":{"rendered":"US Open > Connors ne croit pas vraiment aux chances de Novak Djokovic : \u00ab\u00a0Batailler Alcaraz ou Sinner coup sur coup, c&rsquo;est un d\u00e9fi de taille, surtout trois sets sur cinq, et surtout s&rsquo;il fait chaud \u00e0 New York\u00a0\u00bb"},"content":{"rendered":"<p>Novak Djokovic va se rendre \u00e0 New York sans tournoi de pr\u00e9pa\u00adra\u00adtion, ce qui n\u2019est pas id\u00e9al pour esp\u00e9rer briller en Grand Chelem.<\/p>\n<p>La l\u00e9gende Jimmy Connors estime donc que ses chances d\u2019aller au bout sont tr\u00e8s faibles, <a href=\"https:\/\/www.welovetennis.fr\/atp\/jimmy-connors-a-peur-pour-djokovic-une-chose-minquiete-concernant-novak\" data-wpel-link=\"internal\" target=\"_blank\" rel=\"noopener\">comme il l\u2019avait expliqu\u00e9 il y a quelques jours<\/a>, d\u2019au\u00adtant plus qu\u2019il devrai certai\u00adne\u00adment affronter Carlos Alcaraz et Jannik Sinner. Mais l\u2019Am\u00e9ricain ne se r\u00e9sout pas \u00e0 exclure tota\u00adle\u00adment le Serbe des pr\u00e9ten\u00addants au\u00a0titre.<\/p>\n<p><strong>\u00ab\u202fEn demi\u2010finale de Wimbledon, sa perfor\u00admance n\u2019\u00e9tait pas \u00e0 la hauteur de son niveau, en partie \u00e0 cause de la bles\u00adsure qu\u2019il a subie lors du match contre Cobolli. Il sera d\u00e9sor\u00admais \u00e0 l\u2019US Open sans aucun match sur dur. Nous savons qu\u2019il devra remporter trois matchs diffi\u00adciles d\u2019af\u00adfil\u00e9e\u00a0: un quart de finale, puis une demi\u2010finale et une finale.\u00a0Et deux de ces matchs seront proba\u00adble\u00adment contre Alcaraz et Sinner. Batailler Alcaraz ou Sinner coup sur coup, c\u2019est un d\u00e9fi de taille, surtout trois sets sur cinq, et surtout s\u2019il fait chaud \u00e0 New York. Il a fait une longue pause, pass\u00e9 du temps avec sa famille, est parti en vacances et s\u2019est \u00e9loign\u00e9 du tennis. Mais avec lui, on ne sait jamais.\u202f\u00bb<\/strong><\/p>\n<p class=\"post-published-date\" style=\"color: silver; font-size: 75%; text-align: left;\">Publi\u00e9 le lundi 11 ao\u00fbt 2025 \u00e0 18:45<\/p>\n","protected":false},"excerpt":{"rendered":"Novak Djokovic va se rendre \u00e0 New York sans tournoi de pr\u00e9pa\u00adra\u00adtion, ce qui n\u2019est pas id\u00e9al pour&hellip;\n","protected":false},"author":2,"featured_media":259338,"comment_status":"","ping_status":"","sticky":false,"template":"","format":"standard","meta":{"footnotes":""},"categories":[1415],"tags":[1744,11582,105,1011,27,2127,60,1467],"class_list":{"0":"post-313068","1":"post","2":"type-post","3":"status-publish","4":"format-standard","5":"has-post-thumbnail","7":"category-tennis","8":"tag-alcaraz","9":"tag-connors","10":"tag-djokovic","11":"tag-fr","12":"tag-france","13":"tag-sinner","14":"tag-sports","15":"tag-tennis"},"share_on_mastodon":{"url":"https:\/\/pubeurope.com\/@fr\/115013773477277795","error":""},"_links":{"self":[{"href":"https:\/\/www.europesays.com\/fr\/wp-json\/wp\/v2\/posts\/313068","targetHints":{"allow":["GET"]}}],"collection":[{"href":"https:\/\/www.europesays.com\/fr\/wp-json\/wp\/v2\/posts"}],"about":[{"href":"https:\/\/www.europesays.com\/fr\/wp-json\/wp\/v2\/types\/post"}],"author":[{"embeddable":true,"href":"https:\/\/www.europesays.com\/fr\/wp-json\/wp\/v2\/users\/2"}],"replies":[{"embeddable":true,"href":"https:\/\/www.europesays.com\/fr\/wp-json\/wp\/v2\/comments?post=313068"}],"version-history":[{"count":0,"href":"https:\/\/www.europesays.com\/fr\/wp-json\/wp\/v2\/posts\/313068\/revisions"}],"wp:featuredmedia":[{"embeddable":true,"href":"https:\/\/www.europesays.com\/fr\/wp-json\/wp\/v2\/media\/259338"}],"wp:attachment":[{"href":"https:\/\/www.europesays.com\/fr\/wp-json\/wp\/v2\/media?parent=313068"}],"wp:term":[{"taxonomy":"category","embeddable":true,"href":"https:\/\/www.europesays.com\/fr\/wp-json\/wp\/v2\/categories?post=313068"},{"taxonomy":"post_tag","embeddable":true,"href":"https:\/\/www.europesays.com\/fr\/wp-json\/wp\/v2\/tags?post=313068"}],"curies":[{"name":"wp","href":"https:\/\/api.w.org\/{rel}","templated":true}]}}