{"id":313069,"date":"2025-08-12T03:54:30","date_gmt":"2025-08-12T03:54:30","guid":{"rendered":"https:\/\/www.europesays.com\/fr\/313069\/"},"modified":"2025-08-12T03:54:30","modified_gmt":"2025-08-12T03:54:30","slug":"detection-formation-talents-pourquoi-le-basket-francais-est-le-deuxieme-meilleur-du-monde","status":"publish","type":"post","link":"https:\/\/www.europesays.com\/fr\/313069\/","title":{"rendered":"D\u00e9tection, formation, talents\u2026 Pourquoi le basket fran\u00e7ais est le deuxi\u00e8me meilleur du monde"},"content":{"rendered":"<p class=\"paragraph text_align_left lp-f-body-02\">Les deux finalistes des Jeux, gar\u00e7ons et filles, face aux surpuissantes Team USA ? Fran\u00e7ais. Sans compter le 3 x 3 masculin, en argent aussi. Les deux derniers num\u00e9ros 1 de la draft NBA ? Fran\u00e7ais encore, <a href=\"https:\/\/www.leparisien.fr\/sports\/basket\/victor-wembanyama\/\" target=\"_blank\" rel=\"noopener\">Victor Wembanyama<\/a> en 2023 et<a href=\"https:\/\/www.leparisien.fr\/sports\/basket\/numero-1-de-la-draft-nba-qui-est-zaccharie-risacher-la-nouvelle-star-du-basket-francais-27-06-2024-Y26M7WUBKBCABIN4BKG7245J2Y.php\" target=\"_blank\" rel=\"noopener\"> Zacharie Risacher en 2024.<\/a> Le meilleur d\u00e9fenseur de l\u2019ann\u00e9e en NBA ? Fran\u00e7ais toujours, <a href=\"https:\/\/www.leparisien.fr\/sports\/basket\/rudy-gobert\/\" target=\"_blank\" rel=\"noopener\">Rudy Gobert<\/a>. Le meilleur rookie de la ligue am\u00e9ricaine ? Wemby bien s\u00fbr.<\/p>\n<p class=\"paragraph text_align_left lp-f-body-02\">S\u2019en rend-on bien compte ? Dans un sport pratiqu\u00e9 sous toutes les latitudes, le <a href=\"https:\/\/www.leparisien.fr\/sports\/basket\/\" target=\"_blank\" rel=\"noopener\">basket<\/a> fran\u00e7ais est le deuxi\u00e8me plus fort du monde derri\u00e8re les inventeurs de ce jeu, les (pour le moment) intouchables Am\u00e9ricains. \u00ab La France fait partie des meilleures nations sur les derni\u00e8res ann\u00e9es, c\u2019est factuel. Mais l\u2019humilit\u00e9 du tr\u00e8s haut niveau est de savoir qu\u2019il faut toujours s\u2019am\u00e9liorer si on veut garder cette place \u00bb, pr\u00e9cise Guillaume Vizade, entra\u00eeneur du Mans et s\u00e9lectionneur des U20 doubles champions d\u2019Europe en 2023 et 2024.<\/p>\n","protected":false},"excerpt":{"rendered":"Les deux finalistes des Jeux, gar\u00e7ons et filles, face aux surpuissantes Team USA ? Fran\u00e7ais. Sans compter le&hellip;\n","protected":false},"author":2,"featured_media":313070,"comment_status":"","ping_status":"","sticky":false,"template":"","format":"standard","meta":{"footnotes":""},"categories":[1414],"tags":[1465,1464,1011,27,45275,5856,60],"class_list":{"0":"post-313069","1":"post","2":"type-post","3":"status-publish","4":"format-standard","5":"has-post-thumbnail","7":"category-basket","8":"tag-basket","9":"tag-basketball","10":"tag-fr","11":"tag-france","12":"tag-jo-basketball","13":"tag-paris-2024","14":"tag-sports"},"share_on_mastodon":{"url":"https:\/\/pubeurope.com\/@fr\/115013777099561735","error":""},"_links":{"self":[{"href":"https:\/\/www.europesays.com\/fr\/wp-json\/wp\/v2\/posts\/313069","targetHints":{"allow":["GET"]}}],"collection":[{"href":"https:\/\/www.europesays.com\/fr\/wp-json\/wp\/v2\/posts"}],"about":[{"href":"https:\/\/www.europesays.com\/fr\/wp-json\/wp\/v2\/types\/post"}],"author":[{"embeddable":true,"href":"https:\/\/www.europesays.com\/fr\/wp-json\/wp\/v2\/users\/2"}],"replies":[{"embeddable":true,"href":"https:\/\/www.europesays.com\/fr\/wp-json\/wp\/v2\/comments?post=313069"}],"version-history":[{"count":0,"href":"https:\/\/www.europesays.com\/fr\/wp-json\/wp\/v2\/posts\/313069\/revisions"}],"wp:featuredmedia":[{"embeddable":true,"href":"https:\/\/www.europesays.com\/fr\/wp-json\/wp\/v2\/media\/313070"}],"wp:attachment":[{"href":"https:\/\/www.europesays.com\/fr\/wp-json\/wp\/v2\/media?parent=313069"}],"wp:term":[{"taxonomy":"category","embeddable":true,"href":"https:\/\/www.europesays.com\/fr\/wp-json\/wp\/v2\/categories?post=313069"},{"taxonomy":"post_tag","embeddable":true,"href":"https:\/\/www.europesays.com\/fr\/wp-json\/wp\/v2\/tags?post=313069"}],"curies":[{"name":"wp","href":"https:\/\/api.w.org\/{rel}","templated":true}]}}