{"id":313075,"date":"2025-08-12T03:57:12","date_gmt":"2025-08-12T03:57:12","guid":{"rendered":"https:\/\/www.europesays.com\/fr\/313075\/"},"modified":"2025-08-12T03:57:12","modified_gmt":"2025-08-12T03:57:12","slug":"mercato-cycliste-alec-segaert-signe-chez-bahrain-victorious-a-partir-de-2026","status":"publish","type":"post","link":"https:\/\/www.europesays.com\/fr\/313075\/","title":{"rendered":"Mercato cycliste : Alec Segaert signe chez Bahrain-Victorious \u00e0 partir de 2026"},"content":{"rendered":"<p class=\"ap-StoryElement ap-StoryElement--mb ap-StoryText\">Le rouleur de 22 ans quitte donc les rangs de l&rsquo;\u00e9quipe Lotto pour l&rsquo;\u00e9tranger. Sa nouvelle \u00e9curie a annonc\u00e9 son arriv\u00e9e lundi sur son site internet, sans d\u00e9voiler la dur\u00e9e de son contrat.<\/p>\n<p class=\"ap-StoryElement ap-StoryElement--mb ap-StoryText\">D&rsquo;apr\u00e8s le communiqu\u00e9 de Bahrain Victorious, Segaert \u00ab\u00a0renforcera l&rsquo;\u00e9quipe pour les classiques et jouera un r\u00f4le majeur en soutien des leaders du classement g\u00e9n\u00e9ral sur les courses \u00e0 \u00e9tapes\u00a0\u00bb.<\/p>\n<p class=\"ap-StoryElement ap-StoryElement--mb ap-StoryText\">Le triple champion d&rsquo;Europe espoirs, double vice-champion du monde espoirs et double vice-champion de Belgique \u00e9lites en contre-la-montre a d\u00e9j\u00e0 sign\u00e9 deux victoires chez les professionnels l&rsquo;ann\u00e9e derni\u00e8re. Il a remport\u00e9 le Grand Prix Criquielion et une \u00e9tape du Renewi Tour. Son futur directeur g\u00e9n\u00e9ral Milan Erzen parle de lui comme d&rsquo;un \u00ab\u00a0jeune coureur avec un \u00e9norme potentiel\u00a0\u00bb.<\/p>\n","protected":false},"excerpt":{"rendered":"Le rouleur de 22 ans quitte donc les rangs de l&rsquo;\u00e9quipe Lotto pour l&rsquo;\u00e9tranger. Sa nouvelle \u00e9curie a&hellip;\n","protected":false},"author":2,"featured_media":313076,"comment_status":"","ping_status":"","sticky":false,"template":"","format":"standard","meta":{"footnotes":""},"categories":[1411],"tags":[828,1154,207,1011,27,60],"class_list":{"0":"post-313075","1":"post","2":"type-post","3":"status-publish","4":"format-standard","5":"has-post-thumbnail","7":"category-cyclisme","8":"tag-belgique","9":"tag-cycling","10":"tag-cyclisme","11":"tag-fr","12":"tag-france","13":"tag-sports"},"share_on_mastodon":{"url":"https:\/\/pubeurope.com\/@fr\/115013788835445296","error":""},"_links":{"self":[{"href":"https:\/\/www.europesays.com\/fr\/wp-json\/wp\/v2\/posts\/313075","targetHints":{"allow":["GET"]}}],"collection":[{"href":"https:\/\/www.europesays.com\/fr\/wp-json\/wp\/v2\/posts"}],"about":[{"href":"https:\/\/www.europesays.com\/fr\/wp-json\/wp\/v2\/types\/post"}],"author":[{"embeddable":true,"href":"https:\/\/www.europesays.com\/fr\/wp-json\/wp\/v2\/users\/2"}],"replies":[{"embeddable":true,"href":"https:\/\/www.europesays.com\/fr\/wp-json\/wp\/v2\/comments?post=313075"}],"version-history":[{"count":0,"href":"https:\/\/www.europesays.com\/fr\/wp-json\/wp\/v2\/posts\/313075\/revisions"}],"wp:featuredmedia":[{"embeddable":true,"href":"https:\/\/www.europesays.com\/fr\/wp-json\/wp\/v2\/media\/313076"}],"wp:attachment":[{"href":"https:\/\/www.europesays.com\/fr\/wp-json\/wp\/v2\/media?parent=313075"}],"wp:term":[{"taxonomy":"category","embeddable":true,"href":"https:\/\/www.europesays.com\/fr\/wp-json\/wp\/v2\/categories?post=313075"},{"taxonomy":"post_tag","embeddable":true,"href":"https:\/\/www.europesays.com\/fr\/wp-json\/wp\/v2\/tags?post=313075"}],"curies":[{"name":"wp","href":"https:\/\/api.w.org\/{rel}","templated":true}]}}