{"id":313079,"date":"2025-08-12T03:59:21","date_gmt":"2025-08-12T03:59:21","guid":{"rendered":"https:\/\/www.europesays.com\/fr\/313079\/"},"modified":"2025-08-12T03:59:21","modified_gmt":"2025-08-12T03:59:21","slug":"quand-charles-berling-se-confiait-sur-sa-relation-avec-carla-bruni-on-sest-aimes-passionnement","status":"publish","type":"post","link":"https:\/\/www.europesays.com\/fr\/313079\/","title":{"rendered":"Quand Charles Berling se confiait sur sa relation avec Carla Bruni : \u00ab\u00a0On s\u2019est aim\u00e9s passionn\u00e9ment\u00a0\u00bb"},"content":{"rendered":"<p>\u00ab\u00a0Jean-Luc, m\u00e9decin \u00e0 qui tout r\u00e9ussit, pense avoir oubli\u00e9 son p\u00e8re. Un p\u00e8re parti il y a si longtemps, qui a donn\u00e9 si peu de nouvelles&#8230; Comme si le souvenir \u2014 ou le ressentiment \u2014 \u00e9tait du temps perdu. Mais voici que surgit Maurice, de retour d&rsquo;un long exil. Il n&rsquo;exprime aucun remords. Sans \u00e9tat d&rsquo;\u00e2me apparent, il regarde autour de lui avec un dr\u00f4le de sourire\u00a0\u00bb. Lundi 11 ao\u00fbt 2025 \u00e0 20h55, Arte diffuse Comment j&rsquo;ai tu\u00e9 mon p\u00e8re. Le film, sorti en 2001, a comme t\u00eates d&rsquo;affiche Charles Berling, Michel Bouquet et Natacha R\u00e9gnier. \u00c0 l&rsquo;\u00e9poque, le premier avait d\u00e9j\u00e0 obtenu<a href=\"https:\/\/www.programme-tv.net\/news\/cinema\/373256-ridicule-le-film-a-ete-tourne-dans-un-chateau-appartenant-a-un-celebre-humoriste\/\" data-api-deeplink=\"teleloisirs:\/\/news\/373256\" target=\"_blank\" rel=\"noopener\"> une Lumi\u00e8re du meilleur acteur pour Ridicule<\/a> et \u00e9t\u00e9 nomm\u00e9 plusieurs fois au C\u00e9sar pour ses r\u00f4les dans Petits Arrangements avec les morts, Nettoyage \u00e0 sec, ou encore Les Destin\u00e9es sentimentales. Plus de 20 ans apr\u00e8s le film diffus\u00e9 sur Arte, l&rsquo;acteur a fait du chemin, jouant aussi bien pour Zabou Breitman, Paul Verhoeven et Nicolas Bedos, qu&rsquo;apparaissant \u00e0 la t\u00e9l\u00e9vision dans Capitaine Marleau.<\/p>\n<p>                        Charles Berling en couple pendant un an avec Carla Bruni<\/p>\n<p>En 2023, alors qu&rsquo;il venait de jouer dans Flo de G\u00e9raldine Danon, son dernier film \u00e0 date, Charles Berling revenait sur son r\u00f4le parall\u00e8le de directeur de th\u00e9\u00e2tre \u00e0 Toulon aupr\u00e8s de <a href=\"https:\/\/www.gala.fr\/l_actu\/news_de_stars\/exclu-charles-berling-ses-confidences-sur-son-idylle-avec-carla-bruni-ce-fut-bref_526491\" target=\"_blank\" rel=\"noopener\">Gala<\/a>. \u00ab\u00a0\u00c0 un moment, j\u2019ai aussi voulu agir\u2026 Mon p\u00e8re \u00e9tait m\u00e9decin militaire. \u00c7a laisse des traces. J\u2019ai toujours un petit drapeau qui se l\u00e8ve dans ma t\u00eate quand je pense \u00e0 la France. J\u2019ai donc eu envie de travailler pour le service public\u00a0\u00bb. Au cours de cet entretien avec nos confr\u00e8res, le com\u00e9dien est \u00e9galement revenu sur son coming out, survenu en 1997. \u00ab\u00a0J\u2019en ai eu marre que les journalistes me demandent si la sc\u00e8ne de sodomie \u00e9tait compliqu\u00e9e \u00e0 jouer. [\u2026] Alors j\u2019ai racont\u00e9 mes exp\u00e9riences homosexuelles. Quand j\u2019\u00e9tais jeune, la virilit\u00e9 consistait \u00e0 rouler en 205 GTI\u2026 Et moi, \u00e0 15 ou 16 ans je ne savais m\u00eame pas si j\u2019\u00e9tais un homme ou une femme\u00a0\u00bb. Il a alors aim\u00e9 les deux. Et parmi les femmes avec qui il a partag\u00e9 un bout de vie, il y a eu Carla Bruni, avec qui il a v\u00e9cu une histoire, mais aussi fait un duo sur la chanson Lit garni lorsqu&rsquo;il s&rsquo;est essay\u00e9 \u00e0 la musique en 2012 en sortant l&rsquo;album Jeune Chanteur. En 2008, il avouait \u00e0 nos confr\u00e8res : \u00ab\u00a0J&rsquo;ai beaucoup d&rsquo;affection pour Carla. On s&rsquo;est aim\u00e9s passionn\u00e9ment et l&rsquo;on est rest\u00e9s de tr\u00e8s bons amis. Maintenant,<a href=\"https:\/\/www.programme-tv.net\/news\/people\/266886-carla-bruni-qui-sont-les-hommes-de-sa-vie\/\" data-api-deeplink=\"teleloisirs:\/\/news\/266886\" target=\"_blank\" rel=\"noopener\"> elle a sa vie amoureuse<\/a>, mais c&rsquo;est quelqu&rsquo;un qui me sera toujours cher, comme d&rsquo;autres femmes dans ma vie\u00a0\u00bb. 15 ans apr\u00e8s cette d\u00e9claration, les sentiments se sont dilu\u00e9s : \u00ab\u00a0Avec Carla ce fut bref, \u00e0 peine un an. Et nos relations se sont estomp\u00e9es parce que j\u2019ai vot\u00e9 Hollande plut\u00f4t que Sarkozy, or <a href=\"https:\/\/www.programme-tv.net\/news\/people\/340361-merci-pour-ces-16-ans-damour-carla-bruni-fait-une-tendre-declaration-a-nicolas-sarkozy-pour-une-occasion-tres-speciale\/\" data-api-deeplink=\"teleloisirs:\/\/news\/340361\" target=\"_blank\" rel=\"noopener\">c\u2019est une femme tr\u00e8s protectrice avec son homme<\/a>. Mais je lui dois d\u2019avoir assist\u00e9 \u00e0 un d\u00e9fil\u00e9 du 14 juillet avec mon p\u00e8re, tr\u00e8s \u00e9mu\u00a0\u00bb.<\/p>\n<p>            Charles Berling est-il en couple ?<\/p>\n<p>Charles Berling aura d&rsquo;autres histoires, dont une de 10 ans avec Virginie Coup\u00e9rie-Eiffel. Et m\u00eame s&rsquo;il avoue que \u00ab\u00a0tomber amoureux d\u2019une femme beaucoup plus jeune, \u00e7a [lui] est arriv\u00e9, [il a \u00e9t\u00e9 en couple avec Pauline Cheviller, de 31 ans sa cadette, ndlr]\u00a0\u00bb, il reconna\u00eet que \u00ab\u00a0\u00e7a n\u2019est pas si flatteur. On prend des coups de vieux\u00a0\u00bb. En 2023, il avouait \u00e0 Gala : \u00ab\u00a0Ma compagne, B\u00e9reng\u00e8re Warluzel est quinquag\u00e9naire. [\u2026] Je n\u2019aime pas sp\u00e9cialement vivre avec une actrice mais j\u2019aime vivre avec elle\u00a0\u00bb.<\/p>\n","protected":false},"excerpt":{"rendered":"\u00ab\u00a0Jean-Luc, m\u00e9decin \u00e0 qui tout r\u00e9ussit, pense avoir oubli\u00e9 son p\u00e8re. Un p\u00e8re parti il y a si&hellip;\n","protected":false},"author":2,"featured_media":313080,"comment_status":"","ping_status":"","sticky":false,"template":"","format":"standard","meta":{"footnotes":""},"categories":[1359],"tags":[15610,2083,12667,45277,45279,45278,244,33730,58,59,1011,27,973],"class_list":{"0":"post-313079","1":"post","2":"type-post","3":"status-publish","4":"format-standard","5":"has-post-thumbnail","7":"category-people","8":"tag-arte-tv","9":"tag-bandes-annonces","10":"tag-carla-bruni","11":"tag-charles-berling","12":"tag-comment-jai-tuu00e9-mon-pu00e8re","13":"tag-comment-jai-tuu00e9-mon-pu00e8re-336916","14":"tag-commentaire","15":"tag-couple-cu00e9lu00e8bre","16":"tag-divertissement","17":"tag-entertainment","18":"tag-fr","19":"tag-france","20":"tag-people"},"share_on_mastodon":{"url":"https:\/\/pubeurope.com\/@fr\/115013796705486126","error":""},"_links":{"self":[{"href":"https:\/\/www.europesays.com\/fr\/wp-json\/wp\/v2\/posts\/313079","targetHints":{"allow":["GET"]}}],"collection":[{"href":"https:\/\/www.europesays.com\/fr\/wp-json\/wp\/v2\/posts"}],"about":[{"href":"https:\/\/www.europesays.com\/fr\/wp-json\/wp\/v2\/types\/post"}],"author":[{"embeddable":true,"href":"https:\/\/www.europesays.com\/fr\/wp-json\/wp\/v2\/users\/2"}],"replies":[{"embeddable":true,"href":"https:\/\/www.europesays.com\/fr\/wp-json\/wp\/v2\/comments?post=313079"}],"version-history":[{"count":0,"href":"https:\/\/www.europesays.com\/fr\/wp-json\/wp\/v2\/posts\/313079\/revisions"}],"wp:featuredmedia":[{"embeddable":true,"href":"https:\/\/www.europesays.com\/fr\/wp-json\/wp\/v2\/media\/313080"}],"wp:attachment":[{"href":"https:\/\/www.europesays.com\/fr\/wp-json\/wp\/v2\/media?parent=313079"}],"wp:term":[{"taxonomy":"category","embeddable":true,"href":"https:\/\/www.europesays.com\/fr\/wp-json\/wp\/v2\/categories?post=313079"},{"taxonomy":"post_tag","embeddable":true,"href":"https:\/\/www.europesays.com\/fr\/wp-json\/wp\/v2\/tags?post=313079"}],"curies":[{"name":"wp","href":"https:\/\/api.w.org\/{rel}","templated":true}]}}