{"id":313083,"date":"2025-08-12T04:02:25","date_gmt":"2025-08-12T04:02:25","guid":{"rendered":"https:\/\/www.europesays.com\/fr\/313083\/"},"modified":"2025-08-12T04:02:25","modified_gmt":"2025-08-12T04:02:25","slug":"les-spectateurs-sont-accros-a-cette-serie-au-score-parfait-quils-devorent-en-une-nuit","status":"publish","type":"post","link":"https:\/\/www.europesays.com\/fr\/313083\/","title":{"rendered":"Les spectateurs sont accros \u00e0 cette s\u00e9rie au score parfait qu&rsquo;ils d\u00e9vorent en une nuit"},"content":{"rendered":"<p><strong>Cette s\u00e9rie est recommand\u00e9e par les spectateurs de Apple TV+ qui l&rsquo;ont d\u00e9vor\u00e9e en une nuit. Si ce n\u2019est pas encore fait, ratrappez la s\u00e9rie d\u2019urgence avant sa troisi\u00e8me saison.<\/strong><\/p>\n<p>Vous avez d\u00e9j\u00e0 termin\u00e9 de regarder la saison 2 de <a href=\"https:\/\/www.demotivateur.fr\/entertainment\/people\/netflix-pourquoi-ce-personnage-central-de-la-serie-mercredi-a-t-il-ete-vire-de-la-saison-2-44936\" rel=\"nofollow noopener\" target=\"_blank\">Mercredi <\/a>? Et ce <a href=\"https:\/\/www.demotivateur.fr\/entertainment\/series\/les-spectateurs--restent-scotches-devant-cette-serie-netflix-dont-l-action-se-deroule-dans-un-celebre-parc-national-44748\" rel=\"nofollow noopener\" target=\"_blank\">thriller \u00e0 succ\u00e8s<\/a> qui se d\u00e9roule dans un c\u00e9l\u00e8bre parc national ? Parfait, comme \u00e7a, vous aurez le tout le temps de d\u00e9vorer cette com\u00e9die sur <a href=\"https:\/\/www.demotivateur.fr\/entertainment\/cinema\/envie-de-frissonner-ce-nouveau-thriller-s-impose-numero-1-dans-le-monde-42931\" rel=\"nofollow noopener\" target=\"_blank\">Apple TV+<\/a>. Sourires et bonne humeur garantis.<\/p>\n<p>Parce qu\u2019il n\u2019y a pas que les thrillers, les s\u00e9ries \u00e0 myst\u00e8re ou de science-fiction qui m\u00e9ritent qu\u2019on les regarde avec attention. Les com\u00e9dies, lorsqu\u2019elles sont bien faites et bien \u00e9crites, emportent l\u2019adh\u00e9sion de nombreux spectateurs.<\/p>\n<p><img decoding=\"async\" loading=\"lazy\" src=\"https:\/\/www.europesays.com\/fr\/wp-content\/uploads\/2025\/08\/shrinking.jpeg\" width=\"660\" height=\"371\"\/>Cr\u00e9dit photo : Apple TV+<\/p>\n<p>C\u2019est exactement ce qu\u2019a r\u00e9ussi \u00e0 faire Shrinking. V\u00e9ritable condens\u00e9 de rires, d\u2019\u00e9motions et de bienveillance, Shrinking est consid\u00e9r\u00e9 comme un petit bijou par beaucoup. \u00ab Un th\u00e9rapeute en deuil commence \u00e0 enfreindre les r\u00e8gles et \u00e0 dire \u00e0 ses patients exactement ce qu&rsquo;il pense. Ignorant sa formation et son \u00e9thique, il se retrouve \u00e0 apporter des changements dans la vie des gens&#8230; y compris la sienne \u00bb, renseigne le r\u00e9sum\u00e9 d&rsquo;Allocin\u00e9.<\/p>\n<p>Une s\u00e9rie au score presque parfait que les spectateurs trouvent \u00ab r\u00e9confortante \u00bb<\/p>\n<p><img decoding=\"async\" loading=\"lazy\" src=\"https:\/\/www.europesays.com\/fr\/wp-content\/uploads\/2025\/08\/Shrinking-saison-3.jpg\" width=\"660\" height=\"387\" alt=\"Extrait tir\u00e9 de Shrinking\" caption=\"false\"\/>Cr\u00e9dit photo : Apple TV+<\/p>\n<p>Apple TV+ regorge de s\u00e9ries du m\u00eame calibre que Shrinking qui \u00e9gayent le quotidien des spectateurs. Elle s\u2019inscrit au c\u00f4t\u00e9 de Ted Lasso ou plus r\u00e9cemment Platonic. Surtout, Shrinking est port\u00e9e par un casting cinq \u00e9toiles avec Jason Segel (How I Met Your Mother), Jessica Williams (Roadhouse) et la star Harrison Ford.<\/p>\n<blockquote><p>&#13;<\/p>\n<p>\u00ab C\u2019est rare que je d\u00e9vore une s\u00e9rie, mais je l&rsquo;ai fait\u2026 en une nuit. Shrinking est \u00e9mouvant, dr\u00f4le et surtout, le jeu d&rsquo;acteur est excellent. Harrison Ford est surprenant dans ce r\u00f4le\u2026 En fait, tous les acteurs forment une alchimie incroyable \u00bb, \u00e9crit un internaute sur les r\u00e9seaux sociaux (via Unilad).<\/p>\n<p>&#13;<br \/>\n&#13;<\/p>\n<p>\u00ab Cette s\u00e9rie est sp\u00e9ciale. Jason Segel, Jessica Williams et le l\u00e9gendaire Harrison Ford sont au top \u00bb ; \u00ab C&rsquo;est peut-\u00eatre ma s\u00e9rie pr\u00e9f\u00e9r\u00e9e depuis Schitt&rsquo;s Creek, qui a rafl\u00e9 les Emmys il y a quelques ann\u00e9es. Cette s\u00e9rie est sp\u00e9ciale. Chaque \u00e9pisode est un r\u00eave \u00bb ; \u00ab Absolument g\u00e9nial et \u00e7a ne d\u00e9raille jamais \u00bb, peut-on encore lire.<\/p>\n<p>&#13;\n<\/p><\/blockquote>\n<p>La majorit\u00e9 des internautes a qualifi\u00e9 Shrinking de \u00ab r\u00e9confortant \u00bb. Ils lui ont d\u2019ailleurs attribu\u00e9 l\u2019excellent score de 94% sur Rotten Tomatoes. Aujourd\u2019hui, apr\u00e8s avoir d\u00e9vor\u00e9 les deux premi\u00e8res saisons, les spectateurs attendent impatiemment la troisi\u00e8me saison. Ils n\u2019auront peut-\u00eatre pas \u00e0 attendre trop longtemps. Selon les rumeurs, elle serait pr\u00e9vue d\u00e9but 2026.<\/p>\n<p>Alors, pour vous mettre \u00e0 la page, ruez-vous sur Shrinking, disponible sur Apple TV+.<\/p>\n","protected":false},"excerpt":{"rendered":"Cette s\u00e9rie est recommand\u00e9e par les spectateurs de Apple TV+ qui l&rsquo;ont d\u00e9vor\u00e9e en une nuit. Si ce&hellip;\n","protected":false},"author":2,"featured_media":313084,"comment_status":"","ping_status":"","sticky":false,"template":"","format":"standard","meta":{"footnotes":""},"categories":[1356],"tags":[58,59,1011,27,252,1364],"class_list":{"0":"post-313083","1":"post","2":"type-post","3":"status-publish","4":"format-standard","5":"has-post-thumbnail","7":"category-television","8":"tag-divertissement","9":"tag-entertainment","10":"tag-fr","11":"tag-france","12":"tag-television","13":"tag-tv"},"share_on_mastodon":{"url":"https:\/\/pubeurope.com\/@fr\/115013808902607956","error":""},"_links":{"self":[{"href":"https:\/\/www.europesays.com\/fr\/wp-json\/wp\/v2\/posts\/313083","targetHints":{"allow":["GET"]}}],"collection":[{"href":"https:\/\/www.europesays.com\/fr\/wp-json\/wp\/v2\/posts"}],"about":[{"href":"https:\/\/www.europesays.com\/fr\/wp-json\/wp\/v2\/types\/post"}],"author":[{"embeddable":true,"href":"https:\/\/www.europesays.com\/fr\/wp-json\/wp\/v2\/users\/2"}],"replies":[{"embeddable":true,"href":"https:\/\/www.europesays.com\/fr\/wp-json\/wp\/v2\/comments?post=313083"}],"version-history":[{"count":0,"href":"https:\/\/www.europesays.com\/fr\/wp-json\/wp\/v2\/posts\/313083\/revisions"}],"wp:featuredmedia":[{"embeddable":true,"href":"https:\/\/www.europesays.com\/fr\/wp-json\/wp\/v2\/media\/313084"}],"wp:attachment":[{"href":"https:\/\/www.europesays.com\/fr\/wp-json\/wp\/v2\/media?parent=313083"}],"wp:term":[{"taxonomy":"category","embeddable":true,"href":"https:\/\/www.europesays.com\/fr\/wp-json\/wp\/v2\/categories?post=313083"},{"taxonomy":"post_tag","embeddable":true,"href":"https:\/\/www.europesays.com\/fr\/wp-json\/wp\/v2\/tags?post=313083"}],"curies":[{"name":"wp","href":"https:\/\/api.w.org\/{rel}","templated":true}]}}