{"id":313087,"date":"2025-08-12T04:04:23","date_gmt":"2025-08-12T04:04:23","guid":{"rendered":"https:\/\/www.europesays.com\/fr\/313087\/"},"modified":"2025-08-12T04:04:23","modified_gmt":"2025-08-12T04:04:23","slug":"linteret-dadam-entre-emotion-et-authenticite-un-film-a-decouvrir-au-cinema-linteret-dadam","status":"publish","type":"post","link":"https:\/\/www.europesays.com\/fr\/313087\/","title":{"rendered":"L&rsquo;int\u00e9r\u00eat d&rsquo;Adam : Entre \u00e9motion et authenticit\u00e9, un film \u00e0 d\u00e9couvrir au cin\u00e9ma L&rsquo;int\u00e9r\u00eat d&rsquo;Adam"},"content":{"rendered":"<p>\u00a0<img loading=\"lazy\" decoding=\"async\" alt=\"clap \" height=\"33\" src=\"https:\/\/www.europesays.com\/fr\/wp-content\/uploads\/2025\/08\/4240259.png\" width=\"33\"\/>\u00a0Et si on sortait ? On vous propose des places pour <strong>L&rsquo;int\u00e9r\u00eat d&rsquo;Adam, <\/strong>le film dramatique franco-belge de<strong style=\"font-size: 1.8rem;\">\u00a0<\/strong><strong style=\"font-size: 1.8rem;\">Laura Wandel\u00a0<\/strong>avec <strong>L\u00e9a Drucker, Anamaria Vartolomei, Jules Delsart, Alex Descas, Laurent Capelutto.<\/strong><\/p>\n<p>Au cin\u00e9ma le 17 septembre prochain.<\/p>\n<p><img loading=\"lazy\" decoding=\"async\" alt=\"tickets de film\" height=\"36\" src=\"https:\/\/www.europesays.com\/fr\/wp-content\/uploads\/2025\/08\/4221887.png\" width=\"36\"\/>\u00a0Le tirage au sort, c&rsquo;est par ici !\u00a0<img loading=\"lazy\" decoding=\"async\" alt=\"superstar\" height=\"24\" src=\"https:\/\/www.europesays.com\/fr\/wp-content\/uploads\/2025\/08\/4570618.png\" width=\"24\"\/><\/p>\n<p>Synopsis<\/p>\n<p>Adam, 4 ans, est hospitalis\u00e9 pour malnutrition \u00e0 la suite d\u2019une d\u00e9cision de justice. Lucy, l\u2019infirmi\u00e8re en chef autorise la m\u00e8re d\u2019Adam \u00e0 rester aupr\u00e8s de son fils au-del\u00e0 des heures de visite fix\u00e9es par le juge. Mais la situation se complique quand celle-ci refuse une nouvelle fois de quitter son fils. Dans l\u2019int\u00e9r\u00eat de l\u2019enfant, Lucy fera tout pour venir en aide \u00e0 cette m\u00e8re en d\u00e9tresse.<\/p>\n<p><img loading=\"lazy\" decoding=\"async\" alt=\"paix\" height=\"26\" src=\"https:\/\/www.europesays.com\/fr\/wp-content\/uploads\/2025\/08\/6271954.png\" width=\"26\"\/><strong>\u00a0Festival de Cannes 2025, Film d\u2019Ouverture, Semaine de la Critique<\/strong><br \/>&#13;<br \/>\n\u00a0<\/p>\n<p>France TV aime\u00a0<img loading=\"lazy\" decoding=\"async\" alt=\"c\u0153ur\" height=\"48\" src=\"https:\/\/www.europesays.com\/fr\/wp-content\/uploads\/2025\/08\/3505679.png\" width=\"48\"\/><\/p>\n<p>voir la bande annonce<\/p>\n<p>Exclusivit\u00e9s, coulisses, tournages, rencontres avec nos animateurs, participation \u00e0 des \u00e9v\u00e9nements sportifs dans des conditions exceptionnelles&#8230;<br \/>&#13;<br \/>\nNe manquez aucune des meilleures offres fid\u00e9lit\u00e9 en vous abonnant d\u00e8s maintenant \u00e0 notre newsletter !<\/p>\n","protected":false},"excerpt":{"rendered":"\u00a0\u00a0Et si on sortait ? On vous propose des places pour L&rsquo;int\u00e9r\u00eat d&rsquo;Adam, le film dramatique franco-belge de\u00a0Laura&hellip;\n","protected":false},"author":2,"featured_media":313088,"comment_status":"","ping_status":"","sticky":false,"template":"","format":"standard","meta":{"footnotes":""},"categories":[1354],"tags":[58,59,1346,1011,27,1360],"class_list":{"0":"post-313087","1":"post","2":"type-post","3":"status-publish","4":"format-standard","5":"has-post-thumbnail","7":"category-films","8":"tag-divertissement","9":"tag-entertainment","10":"tag-films","11":"tag-fr","12":"tag-france","13":"tag-movies"},"share_on_mastodon":{"url":"https:\/\/pubeurope.com\/@fr\/115013816484388233","error":""},"_links":{"self":[{"href":"https:\/\/www.europesays.com\/fr\/wp-json\/wp\/v2\/posts\/313087","targetHints":{"allow":["GET"]}}],"collection":[{"href":"https:\/\/www.europesays.com\/fr\/wp-json\/wp\/v2\/posts"}],"about":[{"href":"https:\/\/www.europesays.com\/fr\/wp-json\/wp\/v2\/types\/post"}],"author":[{"embeddable":true,"href":"https:\/\/www.europesays.com\/fr\/wp-json\/wp\/v2\/users\/2"}],"replies":[{"embeddable":true,"href":"https:\/\/www.europesays.com\/fr\/wp-json\/wp\/v2\/comments?post=313087"}],"version-history":[{"count":0,"href":"https:\/\/www.europesays.com\/fr\/wp-json\/wp\/v2\/posts\/313087\/revisions"}],"wp:featuredmedia":[{"embeddable":true,"href":"https:\/\/www.europesays.com\/fr\/wp-json\/wp\/v2\/media\/313088"}],"wp:attachment":[{"href":"https:\/\/www.europesays.com\/fr\/wp-json\/wp\/v2\/media?parent=313087"}],"wp:term":[{"taxonomy":"category","embeddable":true,"href":"https:\/\/www.europesays.com\/fr\/wp-json\/wp\/v2\/categories?post=313087"},{"taxonomy":"post_tag","embeddable":true,"href":"https:\/\/www.europesays.com\/fr\/wp-json\/wp\/v2\/tags?post=313087"}],"curies":[{"name":"wp","href":"https:\/\/api.w.org\/{rel}","templated":true}]}}