{"id":313091,"date":"2025-08-12T04:07:10","date_gmt":"2025-08-12T04:07:10","guid":{"rendered":"https:\/\/www.europesays.com\/fr\/313091\/"},"modified":"2025-08-12T04:07:10","modified_gmt":"2025-08-12T04:07:10","slug":"lamour-est-dans-le-pre-que-sont-ils-devenus-gillou-et-ludo-amoureux-bruno-separe-stephane-bientot-marie","status":"publish","type":"post","link":"https:\/\/www.europesays.com\/fr\/313091\/","title":{"rendered":"\u00ab\u00a0L\u2019Amour est dans le pr\u00e9, que sont-ils devenus ?\u00a0\u00bb\u00a0: Gillou et Ludo amoureux, Bruno\u00a0s\u00e9par\u00e9, St\u00e9phane bient\u00f4t mari\u00e9"},"content":{"rendered":"<p class=\"paragraph text_align_left lp-f-body-02\">Il y a eu le coup de foudre entre <a href=\"https:\/\/www.leparisien.fr\/culture-loisirs\/tv\/je-suis-tombee-sur-le-cul-flavie-de-lamour-est-dans-le-pre-raconte-sa-rupture-avec-valentin-21-02-2025-7NQKNAFJLVHJNI23OIN2VANNNA.php\" target=\"_blank\" rel=\"noreferrer nofollow noopener\">le jeune \u00e9leveur normand de vaches Valentin et la p\u00e9tillante Flavie<\/a>, <a href=\"https:\/\/www.leparisien.fr\/culture-loisirs\/tv\/lamour-est-dans-le-pre-jai-le-sang-qui-bout-mais-jai-pas-le-bout-qui-sent-19-08-2024-A6JV2EBBZJDVNFTKKYUOQRILJU.php\" target=\"_blank\" rel=\"noreferrer nofollow noopener\">les bons mots et l\u2019amiti\u00e9 de Gillou et Renaud<\/a>, les deux premiers amis \u00e0 tenter ensemble \u00ab L\u2019amour est dans le pr\u00e9 \u00bb et puis la douceur de Pascal, le gros nounours surnomm\u00e9 <a href=\"https:\/\/www.leparisien.fr\/culture-loisirs\/tv\/lamour-est-dans-le-pre-liminaire-le-calecon-qui-a-fait-craquer-pascal-09-09-2024-CGCAZJQZXBBF7CGJXFPWFOF53Q.php\" target=\"_blank\" rel=\"noreferrer nofollow noopener\">Pascalou<\/a> qui est reparti tout seul\u2026 Moins d\u2019un an apr\u00e8s, o\u00f9 en sont aujourd\u2019hui ces candidats de la 19e saison du programme de rencontres ?<\/p>\n<p class=\"paragraph text_align_left lp-f-body-02\">Ce lundi 11 ao\u00fbt soir, M 6 diffusait la premi\u00e8re partie de la d\u00e9clinaison \u00ab Que sont-ils devenus ? \u00bb avec un fil rouge : la pr\u00e9paration, dans une grande maison de campagne, des 70 ans de Gillou, le doyen de sa promo. La soir\u00e9e a r\u00e9serv\u00e9 de nombreuses surprises aux fans. Voici ce qu\u2019il ne fallait pas manquer.<\/p>\n<p>Gillou a enfin trouv\u00e9 l\u2019amour<\/p>\n<p class=\"paragraph text_align_left lp-f-body-02\">Exit la sympathique Marie, la pr\u00e9tendante pour laquelle Gillou avait eu un coup de c\u0153ur. La sudiste a \u00e9t\u00e9 sacrifi\u00e9e car l\u2019\u00e9leveur de la Sarthe ne se sentait pas capable de parcourir les 800 km qui les s\u00e9paraient. Mais le veuf a trouv\u00e9 chaussure \u00e0 son pied. \u00ab J\u2019ai rencontr\u00e9 une femme qui s\u2019appelle Fran\u00e7oise dans un club de retrait\u00e9s, elle est souvent chez moi et voil\u00e0 sept mois qu\u2019on est ensemble et je voulais te faire une surprise, je l\u2019ai emmen\u00e9e ici \u00bb, l\u00e2che-t-il face \u00e0 <a href=\"https:\/\/www.leparisien.fr\/culture-loisirs\/tv\/lamour-est-dans-le-pre-a-20-ans-et-karine-le-marchand-est-entree-dans-le-champ-10-08-2025-UDCGJBSXAREGHABLQMLM2V6DTU.php\" target=\"_blank\" rel=\"noreferrer nofollow noopener\">Karine Le Marchand<\/a>.<\/p>\n<p class=\"paragraph text_align_left lp-f-body-02\">\u00ab Il m\u2019a plu d\u00e8s que je l\u2019ai vu au bal \u00bb, raconte \u00e0 l\u2019animatrice cette couturi\u00e8re, \u00e0 la retraite aussi. Depuis le tournage, le couple est toujours ensemble, comme nous l\u2019a confi\u00e9 Gilles <a href=\"https:\/\/www.leparisien.fr\/culture-loisirs\/tv\/gillou-de-lamour-est-dans-le-pre-jai-rencontre-ma-compagne-a-un-bal-11-08-2025-DFBAS5QWOBGKPBSLYUJ65LTCRA.php\" target=\"_blank\" rel=\"noreferrer nofollow noopener\">dans une r\u00e9cente interview<\/a>. \u00ab Cela se passe parfaitement, on essaie de communiquer sur tout \u00bb, conclut le septuag\u00e9naire qui, aupr\u00e8s d\u2019elle, \u00ab ne voit plus la vie passer \u00bb. Et histoire de tout partager, il lui a m\u00eame appris \u00ab le trut \u00bb, son jeu de cartes pr\u00e9f\u00e9r\u00e9 !<\/p>\n<p>Bruno et Cl\u00e9mence, un coup de foudre et une s\u00e9paration surprise<\/p>\n<p class=\"paragraph text_align_left lp-f-body-02\">\u00ab Alors l\u00e0\u00e0\u00e0\u00e0, les bras m\u2019en tombent \u00bb, r\u00e9agit Karine Le Marchand au moment de faire le bilan. Les t\u00e9l\u00e9spectateurs auront sans doute la m\u00eame r\u00e9action en d\u00e9couvrant que Bruno et Cl\u00e9mence ont d\u00e9cid\u00e9 de faire cavalier seuls. Tout semblait pourtant rouler entre eux : un coup de foudre film\u00e9 sous tous les angles, une complicit\u00e9 qui sautait aux yeux, un duo totalement assorti avec le m\u00eame style vestimentaire que l\u2019on voyait bien se marier\u2026<\/p>\n<p class=\"paragraph text_align_left lp-f-body-02\">Las. Ils se sont s\u00e9par\u00e9s en f\u00e9vrier dernier. \u00ab Il n\u2019y avait pas le petit truc de folie, confie Bruno. Et il fallait que je change, notamment des tics de langage. Et puis son projet, c\u2019\u00e9tait reprendre la ferme de ses parents qui \u00e9taient \u00e0 80 km de chez moi. Mais notre relation n\u2019a jamais d\u00e9coll\u00e9. Et je ne me sentais pas bien, je ne voyais pas de tendresse. Je voulais plus de passion, mais on s\u2019est pris beaucoup la t\u00eate \u00bb.<\/p>\n<p>St\u00e9phane se marie avec Nejla !<\/p>\n<p class=\"paragraph text_align_left lp-f-body-02\">Il ne l\u2019a pas rencontr\u00e9e dans l\u2019\u00e9mission mais St\u00e9phane a trouv\u00e9 le grand amour. Cet ancien p\u00e2tissier de l\u2019est de la France, reconverti en \u00e9leveur, avait un niveau d\u2019exigence long comme le bras concernant sa future compagne. Il recherchait une relation fusionnelle, refusant m\u00eame que sa moiti\u00e9 aille en soir\u00e9e avec ses copines, une non-fumeuse et qui n\u2019avait pas de chien\u2026 Mais des yeux bleus ! \u00ab Ce n\u2019\u00e9tait pas gagn\u00e9 \u00bb, s\u2019amuse Karine Le Marchand.<\/p>\n<p class=\"paragraph text_align_left lp-f-body-02\"><b>PODCAST. T\u00e9l\u00e9 story (5\/5) : \u00ab L\u2019amour est dans le pr\u00e9 \u00bb<\/b><\/p>\n<p class=\"paragraph text_align_left lp-f-body-02\">Et pourtant, Nejla a d\u00e9barqu\u00e9 dans sa vie \u00ab comme une femme providentielle \u00bb. Elle avait \u00e9crit \u00e0 \u00ab l\u2019Amour est dans le pr\u00e9 \u00bb mais trop tard pour passer \u00e0 l\u2019antenne. <a href=\"https:\/\/www.leparisien.fr\/culture-loisirs\/tv\/lamour-est-dans-le-pre-a-lheure-du-bilan-quels-agriculteurs-sont-encore-en-couple-25-11-2024-LL7EAYVLMFCIRCGR6FLTHRZZRM.php\" target=\"_blank\" rel=\"noreferrer nofollow noopener\">D\u00e9j\u00e0 pr\u00e9sent\u00e9e lors du bilan de la saison derni\u00e8re<\/a>, Nejla est toujours en couple avec St\u00e9phane. Mieux, il a demand\u00e9 sa belle en mariage lors d\u2019un moment maladroit, film\u00e9 par les cam\u00e9ras de la production. L\u2019union est pr\u00e9vue en juin 2026 et toute la 19e promo est invit\u00e9e.<\/p>\n<p>Ludovic file le parfait amour avec son \u00ab c\u0153ur \u00bb Julia<\/p>\n<p class=\"paragraph text_align_left lp-f-body-02\">\u00c0 la fin de la saison pass\u00e9e, Ludovic, romantique du Sud-Ouest et fan de \u00ab Dirty Dancing \u00bb, \u00e9tait toujours c\u00e9libataire. Ni M\u00e9lanie, ni Manon (la pr\u00e9f\u00e9r\u00e9e de sa maman), n\u2019a tenu avec lui. Heureusement Julia, elle, \u00e9tait toujours dans les starting-blocks. Elle aussi avait \u00e9crit une lettre parvenue trop tard et elle n\u2019avait donc pas pu participer aux speed datings. Ludovic vit d\u00e9sormais avec Julia, son \u00ab c\u0153ur \u00bb. Tout est all\u00e9 tr\u00e8s vite entre eux et les deux tourtereaux sont ins\u00e9parables.<\/p>\n","protected":false},"excerpt":{"rendered":"Il y a eu le coup de foudre entre le jeune \u00e9leveur normand de vaches Valentin et la&hellip;\n","protected":false},"author":2,"featured_media":313092,"comment_status":"","ping_status":"","sticky":false,"template":"","format":"standard","meta":{"footnotes":""},"categories":[8],"tags":[872,58,59,1011,27,2205],"class_list":{"0":"post-313091","1":"post","2":"type-post","3":"status-publish","4":"format-standard","5":"has-post-thumbnail","7":"category-divertissement","8":"tag-culture-et-loisirs","9":"tag-divertissement","10":"tag-entertainment","11":"tag-fr","12":"tag-france","13":"tag-television-medias"},"share_on_mastodon":{"url":"https:\/\/pubeurope.com\/@fr\/115013828269716425","error":""},"_links":{"self":[{"href":"https:\/\/www.europesays.com\/fr\/wp-json\/wp\/v2\/posts\/313091","targetHints":{"allow":["GET"]}}],"collection":[{"href":"https:\/\/www.europesays.com\/fr\/wp-json\/wp\/v2\/posts"}],"about":[{"href":"https:\/\/www.europesays.com\/fr\/wp-json\/wp\/v2\/types\/post"}],"author":[{"embeddable":true,"href":"https:\/\/www.europesays.com\/fr\/wp-json\/wp\/v2\/users\/2"}],"replies":[{"embeddable":true,"href":"https:\/\/www.europesays.com\/fr\/wp-json\/wp\/v2\/comments?post=313091"}],"version-history":[{"count":0,"href":"https:\/\/www.europesays.com\/fr\/wp-json\/wp\/v2\/posts\/313091\/revisions"}],"wp:featuredmedia":[{"embeddable":true,"href":"https:\/\/www.europesays.com\/fr\/wp-json\/wp\/v2\/media\/313092"}],"wp:attachment":[{"href":"https:\/\/www.europesays.com\/fr\/wp-json\/wp\/v2\/media?parent=313091"}],"wp:term":[{"taxonomy":"category","embeddable":true,"href":"https:\/\/www.europesays.com\/fr\/wp-json\/wp\/v2\/categories?post=313091"},{"taxonomy":"post_tag","embeddable":true,"href":"https:\/\/www.europesays.com\/fr\/wp-json\/wp\/v2\/tags?post=313091"}],"curies":[{"name":"wp","href":"https:\/\/api.w.org\/{rel}","templated":true}]}}