{"id":313093,"date":"2025-08-12T04:08:21","date_gmt":"2025-08-12T04:08:21","guid":{"rendered":"https:\/\/www.europesays.com\/fr\/313093\/"},"modified":"2025-08-12T04:08:21","modified_gmt":"2025-08-12T04:08:21","slug":"cette-nouveaute-dinstagram-provoque-la-colere-de-plusieurs-utilisateurs","status":"publish","type":"post","link":"https:\/\/www.europesays.com\/fr\/313093\/","title":{"rendered":"Cette nouveaut\u00e9 d&rsquo;Instagram provoque la col\u00e8re de plusieurs utilisateurs"},"content":{"rendered":"<p>La nouvelle fonctionnalit\u00e9 lanc\u00e9e par Instagram permettant de g\u00e9olocaliser les utilisateurs via leurs posts suscite de vives inqui\u00e9tudes en mati\u00e8re de vie priv\u00e9e. <\/p>\n<p><a href=\"https:\/\/images.frandroid.com\/wp-content\/uploads\/2022\/01\/instagram-app.jpg\" target=\"_blank\" class=\"article-content__figure\" rel=\"noopener\"><img fetchpriority=\"high\" decoding=\"async\" loading=\"eager\" width=\"1200\" height=\"896\" src=\"https:\/\/www.europesays.com\/fr\/wp-content\/uploads\/2025\/08\/instagram-app.jpg\" alt=\"\" class=\"wp-image-1189973 wp-image wp-image\"  \/><\/a>Logo Instagram \/\/ Source : Brett Jordan \u2013 Unsplash<\/p>\n<p>Toutes les inspirations ne sont peut-\u00eatre pas bonnes \u00e0 prendre. La nouveaut\u00e9 du r\u00e9seau social de Meta qui s\u2019inspire de la carte de localisation propos\u00e9e par <a href=\"https:\/\/www.frandroid.com\/telecharger\/apps\/snapchat#:~:text=Snapchat%20est%20une%20application%20de,vos%20amis%20et%20votre%20famille.\" target=\"_blank\" rel=\"noopener\">Snapchat<\/a> en est un bel exemple. Lanc\u00e9 en grandes pompes, l<a href=\"https:\/\/www.frandroid.com\/marques\/meta\/2755223_instagram-sinspire-de-tiktok-et-snapchat-avec-ses-dernieres-fonctionnalites\" target=\"_blank\" rel=\"noopener\">\u2018Instagram Map permet via la publication d\u2019un post de partager en direct sa localisation<\/a>. Une fonctionnalit\u00e9 qui suscite l\u2019inqui\u00e8te de nombreux utilisateurs soucieux de leur vie priv\u00e9e. Le patron d\u2019<a href=\"https:\/\/www.frandroid.com\/telecharger\/apps\/instagram\" target=\"_blank\" rel=\"noopener\">Instagram<\/a>, Adam Mosseri, se veut toutefois rassurant, rapporte <a href=\"https:\/\/www.cnbc.com\/2025\/08\/07\/instagrams-map-feature-spurs-user-backlash-over-privacy-concerns.html\" target=\"_blank\" rel=\"noopener\">CNBC<\/a>.<\/p>\n<p>Une surveillance facilit\u00e9e<\/p>\n<p>Les m\u00e9contentements se multiplient sur les r\u00e9seaux sociaux. Certains utilisateurs se plaignent du manque d\u2019informations concernant la fonctionnalit\u00e9 indiquant qu\u2019elle \u00ab r\u00e9v\u00e8le la localisation de chacun sans aucun avertissement \u00bb. D\u2019autres vont plus loin, \u00e9voquant un risque de surveillance de la part d\u2019agresseurs via cette fonctionnalit\u00e9. <\/p>\n<p>Une fonction d\u00e9sactiv\u00e9e par d\u00e9faut<\/p>\n<p>Des plaintes entendues par Mosseri, qui pr\u00e9cise, sur <a target=\"_blank\" href=\"https:\/\/www.threads.com\/@mosseri\/post\/DNDwYMIsP7G\" rel=\"noopener\">Threads<\/a>, que des v\u00e9rifications sont faites pour qu\u2019aucun utilisateur \u00ab ne partage sa position sans l\u2019avoir explicitement choisi \u00bb. <\/p>\n<p>Face aux remarques d\u2019utilisateurs qui indiquent que leur localisation avait \u00e9t\u00e9 partag\u00e9e sans qu\u2019ils aient activ\u00e9 la fonction carte, Instagram r\u00e9torque que l\u2019 \u00ab\u00a0Instagram Map est d\u00e9sactiv\u00e9 par d\u00e9faut et votre position en direct n\u2019est jamais partag\u00e9e, sauf si vous choisissez de l\u2019activer \u00bb. Le r\u00e9seau social ajoute que cette fonctionnalit\u00e9 n\u2019est activ\u00e9e qu\u2019avec \u00ab les personnes suivies en retour \u00bb ou bien une \u00ab liste priv\u00e9e et personnalis\u00e9e \u00bb. <\/p>\n<p>Pour le moment, cette fonctionnalit\u00e9 est r\u00e9serv\u00e9e aux utilisateurs am\u00e9ricains. Avec un d\u00e9ploiement pr\u00e9vu \u00e0 l\u2019international, reste \u00e0 voir si la fonctionnalit\u00e9 modifiera ses messages de pr\u00e9vention pour \u00e9viter la confusion. <\/p>\n","protected":false},"excerpt":{"rendered":"La nouvelle fonctionnalit\u00e9 lanc\u00e9e par Instagram permettant de g\u00e9olocaliser les utilisateurs via leurs posts suscite de vives inqui\u00e9tudes&hellip;\n","protected":false},"author":2,"featured_media":313094,"comment_status":"","ping_status":"","sticky":false,"template":"","format":"standard","meta":{"footnotes":""},"categories":[7],"tags":[1011,27,2440,43,40,41,39,42,44],"class_list":{"0":"post-313093","1":"post","2":"type-post","3":"status-publish","4":"format-standard","5":"has-post-thumbnail","7":"category-sciences-et-technologies","8":"tag-fr","9":"tag-france","10":"tag-instagram","11":"tag-science","12":"tag-science-and-technology","13":"tag-sciences","14":"tag-sciences-et-technologies","15":"tag-technologies","16":"tag-technology"},"share_on_mastodon":{"url":"https:\/\/pubeurope.com\/@fr\/115013832104263310","error":""},"_links":{"self":[{"href":"https:\/\/www.europesays.com\/fr\/wp-json\/wp\/v2\/posts\/313093","targetHints":{"allow":["GET"]}}],"collection":[{"href":"https:\/\/www.europesays.com\/fr\/wp-json\/wp\/v2\/posts"}],"about":[{"href":"https:\/\/www.europesays.com\/fr\/wp-json\/wp\/v2\/types\/post"}],"author":[{"embeddable":true,"href":"https:\/\/www.europesays.com\/fr\/wp-json\/wp\/v2\/users\/2"}],"replies":[{"embeddable":true,"href":"https:\/\/www.europesays.com\/fr\/wp-json\/wp\/v2\/comments?post=313093"}],"version-history":[{"count":0,"href":"https:\/\/www.europesays.com\/fr\/wp-json\/wp\/v2\/posts\/313093\/revisions"}],"wp:featuredmedia":[{"embeddable":true,"href":"https:\/\/www.europesays.com\/fr\/wp-json\/wp\/v2\/media\/313094"}],"wp:attachment":[{"href":"https:\/\/www.europesays.com\/fr\/wp-json\/wp\/v2\/media?parent=313093"}],"wp:term":[{"taxonomy":"category","embeddable":true,"href":"https:\/\/www.europesays.com\/fr\/wp-json\/wp\/v2\/categories?post=313093"},{"taxonomy":"post_tag","embeddable":true,"href":"https:\/\/www.europesays.com\/fr\/wp-json\/wp\/v2\/tags?post=313093"}],"curies":[{"name":"wp","href":"https:\/\/api.w.org\/{rel}","templated":true}]}}