{"id":313097,"date":"2025-08-12T04:10:12","date_gmt":"2025-08-12T04:10:12","guid":{"rendered":"https:\/\/www.europesays.com\/fr\/313097\/"},"modified":"2025-08-12T04:10:12","modified_gmt":"2025-08-12T04:10:12","slug":"lirak-touche-par-une-panne-geante-delectricite","status":"publish","type":"post","link":"https:\/\/www.europesays.com\/fr\/313097\/","title":{"rendered":"l\u2019Irak touch\u00e9 par une panne g\u00e9ante d&rsquo;\u00e9lectricit\u00e9"},"content":{"rendered":"<p>Lundi le thermom\u00e8tre a atteint jusqu\u2019\u00e0 50\u00b0C \u00e0 Bagdad et dans 11 provinces du centre et du sud du pays.<\/p>\n<p class=\"fig-paragraph\">L&rsquo;Irak a \u00e9t\u00e9 presque totalement priv\u00e9\u00a0<a href=\"http:\/\/www.lefigaro.fr\/flash-eco\/tesla-veut-fournir-de-l-electricite-aux-britanniques-une-premiere-hors-etats-unis-20250811\" data-fig-type=\"NewsFlash\" data-gtm-custom-categorie=\"navigation\" data-gtm-custom-action=\"crossclick\" data-gtm-custom-label=\"Contextuel\" data-gtm-event=\"customEventSPE\" data-fig-domain=\"LEFIGARO\" rel=\"nofollow noopener\" target=\"_blank\">d&rsquo;\u00e9lectricit\u00e9\u00a0<\/a>publique pendant plusieurs heures lundi \u00e0 cause d&rsquo;une panne g\u00e9ante provoqu\u00e9e, selon les autorit\u00e9s, par des\u00a0<a href=\"http:\/\/www.lefigaro.fr\/sciences\/peut-on-comparer-la-canicule-actuelle-a-celle-de-2003-20250811\" data-fig-type=\"NewsFlash\" data-gtm-custom-categorie=\"navigation\" data-gtm-custom-action=\"crossclick\" data-gtm-custom-label=\"Contextuel\" data-gtm-event=\"customEventSPE\" data-fig-domain=\"LEFIGARO\" rel=\"nofollow noopener\" target=\"_blank\">temp\u00e9ratures record<\/a>, atteignant 50\u00b0C \u00e0 Bagdad et dans plusieurs provinces, et une hausse de la consommation. Dans ce pays de 46 millions d&rsquo;habitants, o\u00f9 les canicules sont de plus en plus fr\u00e9quentes, la plupart des foyers peuvent n\u00e9anmoins s&rsquo;alimenter gr\u00e2ce aux g\u00e9n\u00e9rateurs, alors que la vague de chaleur actuelle devrait encore durer pendant plus d&rsquo;une semaine, selon les services m\u00e9t\u00e9orologiques.<\/p>\n<p class=\"fig-paragraph\">Lundi encore, comme ces derniers jours, le thermom\u00e8tre a atteint jusqu&rsquo;\u00e0 50\u00b0C \u00e0 Bagdad et dans 11 provinces du centre et du sud du pays. Selon le minist\u00e8re de l&rsquo;\u00c9lectricit\u00e9, sous l&rsquo;effet des fortes chaleurs et de l&rsquo;augmentation de la demande, deux lignes de transmission se sont arr\u00eat\u00e9es lundi apr\u00e8s-midi, \u00abprovoquant une perte soudaine et accidentelle sur le r\u00e9seau de plus de 6.000 m\u00e9gawatts\u00bb, qui a entra\u00een\u00e9 l&rsquo;arr\u00eat des centrales \u00e9lectriques.<\/p>\n<p>                                    <a class=\"fig-a11y-skip a11y-hidden\" href=\"#fig-a11y-skip-main-inarticle\"><br \/>\n        Passer la publicit\u00e9<br \/>\n    <\/a><\/p>\n<p class=\"fig-paragraph\">La hausse de la demande concerne notamment la province de Kerbala, dans le centre du pays, alors que des millions de p\u00e8lerins affluent vers la ville sainte chiite \u00e0 l&rsquo;occasion de l&rsquo;importante comm\u00e9moration religieuse de l&rsquo;Arba\u00efn. \u00abNos \u00e9quipes sont actuellement mobilis\u00e9es sur le terrain pour r\u00e9tablir progressivement dans les prochaines heures\u00bb le r\u00e9seau, a pr\u00e9cis\u00e9 le minist\u00e8re de l&rsquo;\u00c9lectricit\u00e9.<\/p>\n<p class=\"fig-paragraph\">La panne a \u00e9t\u00e9 constat\u00e9e \u00e0 travers l&rsquo;Irak aux alentours de 15H00 (12H00 GMT), selon le minist\u00e8re, avant que le courant ne commence \u00e0 \u00eatre r\u00e9tabli \u00abde mani\u00e8re progressive\u00bb dans les provinces de Dhi Qar et Missane, dans le Sud. Pour la province c\u00f4ti\u00e8re de Bassora, la situation devrait s&rsquo;\u00eatre stabilis\u00e9e d&rsquo;ici mardi \u00e0 l&rsquo;aube, a ajout\u00e9 le minist\u00e8re qui n&rsquo;a pas donn\u00e9 de pr\u00e9visions pour les autres provinces. La panne a \u00e9pargn\u00e9 le Kurdistan autonome, une r\u00e9gion du nord de l&rsquo;Irak qui \u0153uvre \u00e0 moderniser son propre secteur et arrive \u00e0 fournir de l&rsquo;\u00e9lectricit\u00e9 publique 24 heures sur 24 \u00e0 un tiers de sa population.<\/p>\n<p>\u00abSans \u00e9lectricit\u00e9, pas de repos\u00bb<\/p>\n<p class=\"fig-paragraph\">Le dossier de l&rsquo;\u00e9lectricit\u00e9 est ultrasensible en Irak, un pays extr\u00eamement riche en hydrocarbures mais aux infrastructures en d\u00e9liquescence, souffrant d&rsquo;une corruption end\u00e9mique et de politiques publiques d\u00e9faillantes. En \u00e9t\u00e9, les coupures qui empirent provoquent r\u00e9guli\u00e8rement des manifestations et viennent exacerber la frustration de la population vis-\u00e0-vis des \u00e9lites au pouvoir. Tout comme la s\u00e9cheresse qui s\u00e9vit depuis cinq ans aggrave les p\u00e9nuries d&rsquo;eau et frappe durement les agriculteurs.<\/p>\n<p class=\"fig-paragraph\">M\u00eame sans panne g\u00e9n\u00e9ralis\u00e9e, les plus d\u00e9munis des Irakiens doivent vivre au quotidien en supportant une chaleur infernale. \u00abIl fait chaud, on n&rsquo;a pas d&rsquo;\u00e9lectricit\u00e9, elle vient deux heures et on peut alors dormir un peu et nous reposer\u00bb, confiait dimanche \u00e0 l&rsquo;AFP, dans sa maison aux murs en b\u00e9ton, Haider Abbas, un travailleur journalier de 44 ans. Ses moyens modestes emp\u00eachent ce p\u00e8re de cinq enfants, originaire de la localit\u00e9 d&rsquo;Al-Qassim dans la province de Babylone, dans le centre de l&rsquo;Irak, d&rsquo;acheter un climatiseur. Il doit se contenter d&rsquo;un rafra\u00eechisseur d&rsquo;air qu&rsquo;il remplit sans cesse de bouteilles d&rsquo;eau. \u00abQuand j&rsquo;\u00e9tais petit, on n&rsquo;avait pas ces temp\u00e9ratures\u00bb, se souvient-il. \u00abMoi, en tant qu&rsquo;ouvrier, avec 52 degr\u00e9s je ne peux pas travailler.\u00bb<\/p>\n<p class=\"fig-paragraph\">En Irak, les canicules sont \u00abplus intenses et plus fr\u00e9quentes\u00bb qu&rsquo;au 20e si\u00e8cle, en raison du changement climatique et de facteurs humains, a expliqu\u00e9 \u00e0 l&rsquo;AFP le porte-parole des services m\u00e9t\u00e9orologiques, Amer al-Jaberi. Il a soulign\u00e9 que les \u00e9missions de gaz et les fum\u00e9es d\u00e9gag\u00e9es par les g\u00e9n\u00e9rateurs priv\u00e9s \u00abcontribuaient \u00e0 la hausse des temp\u00e9ratures\u00bb. M. Al-Jaberi plaide pour une \u00abceinture verte\u00bb autour de Bagdad, \u00abpour que la ville respire un peu\u00bb.<\/p>\n<p>                                    <a class=\"fig-a11y-skip a11y-hidden\" href=\"#fig-a11y-skip-main-inarticle_mtf\"><br \/>\n        Passer la publicit\u00e9<br \/>\n    <\/a><\/p>\n<p class=\"fig-paragraph\">Si la vaste majorit\u00e9 des Irakiens a recours aux g\u00e9n\u00e9rateurs priv\u00e9s, cette source d&rsquo;\u00e9lectricit\u00e9 ne suffit pas toujours \u00e0 faire fonctionner tout l&rsquo;\u00e9lectrom\u00e9nager, notamment les climatiseurs. Pour vivre sans coupures, l&rsquo;Irak doit produire environ 55.000 MW durant les pics de consommation. Ce mois-ci, et pour la premi\u00e8re fois, les centrales \u00e9lectriques irakiennes ont atteint le seuil des 28.000 MW. En juillet 2023, un incendie dans une station de transmission dans le sud du pays avait provoqu\u00e9 une panne de courant g\u00e9n\u00e9ralis\u00e9e.<\/p>\n","protected":false},"excerpt":{"rendered":"Lundi le thermom\u00e8tre a atteint jusqu\u2019\u00e0 50\u00b0C \u00e0 Bagdad et dans 11 provinces du centre et du sud&hellip;\n","protected":false},"author":2,"featured_media":313098,"comment_status":"","ping_status":"","sticky":false,"template":"","format":"standard","meta":{"footnotes":""},"categories":[5],"tags":[11,6698,1011,27,14,4366,12,28],"class_list":{"0":"post-313097","1":"post","2":"type-post","3":"status-publish","4":"format-standard","5":"has-post-thumbnail","7":"category-international","8":"tag-actualites","9":"tag-canicule","10":"tag-fr","11":"tag-france","12":"tag-international","13":"tag-irak","14":"tag-news","15":"tag-world"},"share_on_mastodon":{"url":"https:\/\/pubeurope.com\/@fr\/115013840027106592","error":""},"_links":{"self":[{"href":"https:\/\/www.europesays.com\/fr\/wp-json\/wp\/v2\/posts\/313097","targetHints":{"allow":["GET"]}}],"collection":[{"href":"https:\/\/www.europesays.com\/fr\/wp-json\/wp\/v2\/posts"}],"about":[{"href":"https:\/\/www.europesays.com\/fr\/wp-json\/wp\/v2\/types\/post"}],"author":[{"embeddable":true,"href":"https:\/\/www.europesays.com\/fr\/wp-json\/wp\/v2\/users\/2"}],"replies":[{"embeddable":true,"href":"https:\/\/www.europesays.com\/fr\/wp-json\/wp\/v2\/comments?post=313097"}],"version-history":[{"count":0,"href":"https:\/\/www.europesays.com\/fr\/wp-json\/wp\/v2\/posts\/313097\/revisions"}],"wp:featuredmedia":[{"embeddable":true,"href":"https:\/\/www.europesays.com\/fr\/wp-json\/wp\/v2\/media\/313098"}],"wp:attachment":[{"href":"https:\/\/www.europesays.com\/fr\/wp-json\/wp\/v2\/media?parent=313097"}],"wp:term":[{"taxonomy":"category","embeddable":true,"href":"https:\/\/www.europesays.com\/fr\/wp-json\/wp\/v2\/categories?post=313097"},{"taxonomy":"post_tag","embeddable":true,"href":"https:\/\/www.europesays.com\/fr\/wp-json\/wp\/v2\/tags?post=313097"}],"curies":[{"name":"wp","href":"https:\/\/api.w.org\/{rel}","templated":true}]}}