{"id":313099,"date":"2025-08-12T04:11:17","date_gmt":"2025-08-12T04:11:17","guid":{"rendered":"https:\/\/www.europesays.com\/fr\/313099\/"},"modified":"2025-08-12T04:11:17","modified_gmt":"2025-08-12T04:11:17","slug":"a-paris-la-justice-saisie-apres-que-deux-hommes-ont-urine-sur-une-femme-et-ses-enfants-sans-abri","status":"publish","type":"post","link":"https:\/\/www.europesays.com\/fr\/313099\/","title":{"rendered":"\u00c0 Paris, la justice saisie apr\u00e8s que deux hommes ont urin\u00e9 sur une femme et ses enfants sans-abri"},"content":{"rendered":"<p>        <img decoding=\"async\" loading=\"lazy\" src=\"https:\/\/www.europesays.com\/fr\/wp-content\/uploads\/2025\/08\/8fd71b3_upload-1-lw9ew6dhv6ub-afp-20250806-pinto-homeless250805-npjxk-v1-midres-homelessmigrantsdemo.jpeg\"  width=\"728\" height=\"410\" alt=\"Photo prise le 5\u00a0ao\u00fbt 2025, devant l\u2019H\u00f4tel de Ville de Paris, o\u00f9 plus de 200\u00a0personnes, dont des enfants, passent la nuit faute d\u2019h\u00e9bergements d\u2019urgence disponibles.\"\/>  <\/p>\n<p>TELMO PINTO \/ NurPhoto via AFP<\/p>\n<p>Photo prise le 5\u00a0ao\u00fbt 2025, devant l\u2019H\u00f4tel de Ville de Paris, o\u00f9 plus de 200\u00a0personnes, dont des enfants, passent la nuit faute d\u2019h\u00e9bergements d\u2019urgence disponibles.<\/p>\n<p class=\"asset asset-text\">FRANCE &#8211; \u00ab\u00a0Cruaut\u00e9\u00a0\u00bb, \u00ab\u00a0inhumanit\u00e9 pure\u00a0\u00bb, acte \u00ab\u00a0ignoble\u00a0\u00bb. La justice a \u00e9t\u00e9 saisie ce lundi 11\u00a0ao\u00fbt apr\u00e8s que deux hommes ont pris pour cible une famille de<a href=\"https:\/\/www.huffingtonpost.fr\/life\/article\/ce-banc-en-fer-anti-sdf-installe-a-nangis-elu-par-la-ceremonie-des-pics-d-or-dispositif-le-plus-fourbe_242450.html\" rel=\"nofollow noopener\" target=\"_blank\"> sans-abri<\/a>, endormie devant l\u2019H\u00f4tel de ville de <a href=\"https:\/\/www.huffingtonpost.fr\/environnement\/article\/transformer-paris-en-ville-eponge-le-plan-de-la-capitale-face-au-dereglement-climatique_253388.html\" rel=\"nofollow noopener\" target=\"_blank\">Paris<\/a>, en leur urinant dessus. Un acte condamn\u00e9 par plusieurs responsables politiques.<\/p>\n<p class=\"asset asset-text\">\u00ab\u00a0Cette nuit, vers une heure du matin, deux hommes d\u2019une vingtaine d\u2019ann\u00e9es ont urin\u00e9 sur une femme sans abri et ses enfants, endormis \u00e0 m\u00eame le sol, place de l\u2019H\u00f4tel de Ville \u00e0 Paris\u00a0\u00bb, \u00e9crit l\u2019association sur ses r\u00e9seaux sociaux dimanche 10\u00a0ao\u00fbt. \u00ab\u00a0L\u2019enfant de six ans a re\u00e7u des gouttes d\u2019urine sur le visage, et les couvertures de toute la famille \u00e9taient imbib\u00e9es. La plus petite a 14 mois et leur m\u00e8re est enceinte.\u00a0\u00bb<\/p>\n<p class=\"asset asset-text\">Ces faits se sont d\u00e9roul\u00e9s alors que pr\u00e8s de 300\u00a0personnes passent la nuit devant l\u2019H\u00f4tel de Ville depuis le 5\u00a0ao\u00fbt, faute de place dans les structures d\u2019h\u00e9bergement d\u2019urgence. Selon Utopia56, qui organise des permanences pour tenter de trouver des solutions de logement temporaire, il s\u2019agit principalement de femmes seules avec enfants et des p\u00e8res, mais pas d\u2019hommes seuls ni de mineurs isol\u00e9s.<\/p>\n<p>    Un acte \u00e0 caract\u00e8re raciste    <\/p>\n<p class=\"asset asset-text\">\u00ab\u00a0Sur les r\u00e9seaux sociaux, des milliers de messages de haine \u00e0 caract\u00e8re raciste, \u00e9manant de sph\u00e8res d\u2019extr\u00eame droite, visent directement les personnes pr\u00e9sentes sur place. Au vu des t\u00e9moignages et de la tension ressentie sur le terrain, il appara\u00eet \u00e9vident qu\u2019il existe un lien entre ce climat et les faits survenus cette nuit\u00a0\u00bb, \u00e9crit le secteur parisien d\u2019Utopia56\u00a0sur ses r\u00e9seaux sociaux. Aupr\u00e8s du <a href=\"https:\/\/www.leparisien.fr\/paris-75\/un-degre-dinhumanite-franchi-a-paris-deux-hommes-urinent-sur-une-femme-sans-abri-et-ses-enfants-11-08-2025-GYAZZZGDEBCPLDKT7TUMVOJWMY.php\" target=\"_blank\" rel=\"noopener nofollow\" title=\"Nouvelle fen\u00eatre\">Parisien<\/a>, le coordinateur Nathan Lequeux confirme que les agresseurs ont pris la fuite lorsqu\u2019un b\u00e9n\u00e9vole s\u2019est approch\u00e9 de la sc\u00e8ne\u00a0: \u00ab\u00a0\u00e7a montre bien que l\u2019acte a \u00e9t\u00e9 pr\u00e9m\u00e9dit\u00e9 et qu\u2019ils savaient parfaitement ce qu\u2019ils faisaient\u00a0\u00bb, estime le responsable. L\u2019un des deux hommes a finalement pu \u00eatre interpell\u00e9 par la police pr\u00e9sente non loin.<\/p>\n<p class=\"asset asset-text\">Utopia56\u00a0a annonc\u00e9 le d\u00e9p\u00f4t d\u2019une main courante et un prochain signalement au procureur. Lequel a \u00e9t\u00e9 en parall\u00e8le saisi par le s\u00e9nateur communiste de Paris Ian Brossat au titre 40\u00a0du Code de proc\u00e9dure p\u00e9nal. Contact\u00e9 par Le Parisien, le parquet a confirm\u00e9 l\u2019ouverture d\u2019une enqu\u00eate pour \u00ab\u00a0violence en r\u00e9union\u00a0\u00bb.<\/p>\n<p> La lecture de ce contenu est susceptible d\u2019entra\u00eener un d\u00e9p\u00f4t de cookies de la part de l\u2019op\u00e9rateur tiers qui l\u2019h\u00e9berge. Compte-tenu des choix que vous avez exprim\u00e9s en mati\u00e8re de d\u00e9p\u00f4t de cookies, nous avons bloqu\u00e9 l\u2019affichage de ce contenu. Si vous souhaitez y acc\u00e9der, vous devez accepter la cat\u00e9gorie de cookies \u201cContenus tiers\u201d en cliquant sur le bouton ci-dessous. <\/p>\n<p> Lire la Vid\u00e9o        <\/p>\n<p class=\"asset asset-text\">\u00ab\u00a0La l\u00e8pre raciste contamine tout\u00a0\u00bb, s\u2019est \u00e9mu le s\u00e9nateur de Paris, tandis que le d\u00e9put\u00e9 REV apparent\u00e9 LFI Aymeric Caron a lui aussi point\u00e9 du doigt \u00ab\u00a0les m\u00e9dias comme CNews, le \u201cJDD\u201d ainsi que le RN et les partis qui le copient (&#8230;) responsables de cette mont\u00e9e de haine d\u00e9complex\u00e9e vis-\u00e0-vis des \u00e9trangers\u00a0\u00bb. \u00ab\u00a0\u00c0 ce niveau de cruaut\u00e9, on ne parle plus d\u2019incivilit\u00e9, mais d\u2019inhumanit\u00e9 pure. Honte \u00e0 eux. Qu\u2019ils soient identifi\u00e9s, tra\u00een\u00e9s en justice et trait\u00e9s avec le m\u00e9pris qu\u2019ils m\u00e9ritent\u00a0\u00bb, a aussi condamn\u00e9 l\u2019ex-eurod\u00e9put\u00e9e \u00e9cologiste Karima Delli sur X.<\/p>\n<p class=\"asset asset-text\">Selon Utopia56, la pr\u00e9fecture a d\u00e9clar\u00e9 en d\u00e9but de semaine derni\u00e8re ne \u00ab\u00a0rien\u00a0\u00bb pouvoir offrir comme solution de relogement. \u00ab\u00a0L\u2019\u00c9tat doit imm\u00e9diatement assurer ses responsabilit\u00e9s et proposer une solution digne, coh\u00e9rente et bienveillance. (&#8230;) Si l\u2019\u00c9tat refuse d\u2019agir, la Mairie de Paris a le devoir moral et humain d\u2019apporter une r\u00e9ponse \u00e0 cette situation\u00a0\u00bb, r\u00e9clame l\u2019association, qui en appelle aussi aux dons de particuliers, notamment pour des produits d\u2019hygi\u00e8ne.<\/p>\n","protected":false},"excerpt":{"rendered":"TELMO PINTO \/ NurPhoto via AFP Photo prise le 5\u00a0ao\u00fbt 2025, devant l\u2019H\u00f4tel de Ville de Paris, o\u00f9&hellip;\n","protected":false},"author":2,"featured_media":313100,"comment_status":"","ping_status":"","sticky":false,"template":"","format":"standard","meta":{"footnotes":""},"categories":[4],"tags":[11,1011,27,1061,303,1908,12,626,316,25,15317],"class_list":{"0":"post-313099","1":"post","2":"type-post","3":"status-publish","4":"format-standard","5":"has-post-thumbnail","7":"category-france","8":"tag-actualites","9":"tag-fr","10":"tag-france","11":"tag-immigration","12":"tag-justice","13":"tag-logement","14":"tag-news","15":"tag-paris","16":"tag-politique","17":"tag-republique-francaise","18":"tag-sans-abri"},"share_on_mastodon":{"url":"https:\/\/pubeurope.com\/@fr\/115013844035137306","error":""},"_links":{"self":[{"href":"https:\/\/www.europesays.com\/fr\/wp-json\/wp\/v2\/posts\/313099","targetHints":{"allow":["GET"]}}],"collection":[{"href":"https:\/\/www.europesays.com\/fr\/wp-json\/wp\/v2\/posts"}],"about":[{"href":"https:\/\/www.europesays.com\/fr\/wp-json\/wp\/v2\/types\/post"}],"author":[{"embeddable":true,"href":"https:\/\/www.europesays.com\/fr\/wp-json\/wp\/v2\/users\/2"}],"replies":[{"embeddable":true,"href":"https:\/\/www.europesays.com\/fr\/wp-json\/wp\/v2\/comments?post=313099"}],"version-history":[{"count":0,"href":"https:\/\/www.europesays.com\/fr\/wp-json\/wp\/v2\/posts\/313099\/revisions"}],"wp:featuredmedia":[{"embeddable":true,"href":"https:\/\/www.europesays.com\/fr\/wp-json\/wp\/v2\/media\/313100"}],"wp:attachment":[{"href":"https:\/\/www.europesays.com\/fr\/wp-json\/wp\/v2\/media?parent=313099"}],"wp:term":[{"taxonomy":"category","embeddable":true,"href":"https:\/\/www.europesays.com\/fr\/wp-json\/wp\/v2\/categories?post=313099"},{"taxonomy":"post_tag","embeddable":true,"href":"https:\/\/www.europesays.com\/fr\/wp-json\/wp\/v2\/tags?post=313099"}],"curies":[{"name":"wp","href":"https:\/\/api.w.org\/{rel}","templated":true}]}}