{"id":313111,"date":"2025-08-12T04:19:46","date_gmt":"2025-08-12T04:19:46","guid":{"rendered":"https:\/\/www.europesays.com\/fr\/313111\/"},"modified":"2025-08-12T04:19:46","modified_gmt":"2025-08-12T04:19:46","slug":"les-coleopteres-a-la-plage-une-etude-estivale","status":"publish","type":"post","link":"https:\/\/www.europesays.com\/fr\/313111\/","title":{"rendered":"Les col\u00e9opt\u00e8res \u00e0 la plage : une \u00e9tude estivale"},"content":{"rendered":"<p>Les col\u00e9opt\u00e8res forment l\u2019un des plus grands ordres d\u2019insectes : coccinelles, scarab\u00e9es, hannetons ou encore charan\u00e7ons en font partie. Certains d\u2019entre eux, dits psammophiles, sont inf\u00e9od\u00e9s aux milieux sableux, en particulier les dunes v\u00e9g\u00e9talis\u00e9es ou les laisses de mer, telles que les banquettes de posidonie et les amas de bois flott\u00e9.<\/p>\n<p>Parmi les esp\u00e8ces les plus embl\u00e9matiques, on retrouve par exemple la Pim\u00e9lie muriqu\u00e9e, un grand col\u00e9opt\u00e8re noir qui vit exclusivement dans les dunes. V\u00e9ritable \u00ab nettoyeuse \u00bb des hauts de plage, elle se nourrit des restes d&rsquo;autres insectes et joue un r\u00f4le cl\u00e9 dans l\u2019\u00e9quilibre des \u00e9cosyst\u00e8mes littoraux.<\/p>\n<p><strong>Pendant deux ans, deux entomologistes du Conservatoire d\u2019Espaces Naturels (CEN PACA) vont suivre les populations de ces insectes discrets mais essentiels, dans le cadre d\u2019un partenariat scientifique avec la M\u00e9tropole TPM. <\/strong>Cet \u00e9t\u00e9, les premi\u00e8res prospections ont \u00e9t\u00e9 r\u00e9alis\u00e9es sur plusieurs sites : la plage de la Badine, les Vieux Salins et les Estagnets \u00e0 Hy\u00e8res, ainsi que les Sablettes \u00e0 La Seyne-sur-Mer et Sainte-Asile \u00e0 Saint-Mandrier.<\/p>\n<blockquote>\n<p>Cette \u00e9tude permettra de mieux conna\u00eetre la richesse sp\u00e9cifique de notre littoral, de mieux la prot\u00e9ger, et de sensibiliser les usagers \u00e0 la biodiversit\u00e9 souvent m\u00e9connue de nos plages.<\/p>\n<\/blockquote>\n","protected":false},"excerpt":{"rendered":"Les col\u00e9opt\u00e8res forment l\u2019un des plus grands ordres d\u2019insectes : coccinelles, scarab\u00e9es, hannetons ou encore charan\u00e7ons en font&hellip;\n","protected":false},"author":2,"featured_media":313112,"comment_status":"","ping_status":"","sticky":false,"template":"","format":"standard","meta":{"footnotes":""},"categories":[9619],"tags":[1111,11,1777,674,1011,27,12,882,25,2310],"class_list":{"0":"post-313111","1":"post","2":"type-post","3":"status-publish","4":"format-standard","5":"has-post-thumbnail","7":"category-toulon","8":"tag-actu","9":"tag-actualites","10":"tag-eu","11":"tag-europe","12":"tag-fr","13":"tag-france","14":"tag-news","15":"tag-provence-alpes-cote-dazur","16":"tag-republique-francaise","17":"tag-toulon"},"share_on_mastodon":{"url":"https:\/\/pubeurope.com\/@fr\/115013875379785140","error":""},"_links":{"self":[{"href":"https:\/\/www.europesays.com\/fr\/wp-json\/wp\/v2\/posts\/313111","targetHints":{"allow":["GET"]}}],"collection":[{"href":"https:\/\/www.europesays.com\/fr\/wp-json\/wp\/v2\/posts"}],"about":[{"href":"https:\/\/www.europesays.com\/fr\/wp-json\/wp\/v2\/types\/post"}],"author":[{"embeddable":true,"href":"https:\/\/www.europesays.com\/fr\/wp-json\/wp\/v2\/users\/2"}],"replies":[{"embeddable":true,"href":"https:\/\/www.europesays.com\/fr\/wp-json\/wp\/v2\/comments?post=313111"}],"version-history":[{"count":0,"href":"https:\/\/www.europesays.com\/fr\/wp-json\/wp\/v2\/posts\/313111\/revisions"}],"wp:featuredmedia":[{"embeddable":true,"href":"https:\/\/www.europesays.com\/fr\/wp-json\/wp\/v2\/media\/313112"}],"wp:attachment":[{"href":"https:\/\/www.europesays.com\/fr\/wp-json\/wp\/v2\/media?parent=313111"}],"wp:term":[{"taxonomy":"category","embeddable":true,"href":"https:\/\/www.europesays.com\/fr\/wp-json\/wp\/v2\/categories?post=313111"},{"taxonomy":"post_tag","embeddable":true,"href":"https:\/\/www.europesays.com\/fr\/wp-json\/wp\/v2\/tags?post=313111"}],"curies":[{"name":"wp","href":"https:\/\/api.w.org\/{rel}","templated":true}]}}