{"id":313117,"date":"2025-08-12T04:26:29","date_gmt":"2025-08-12T04:26:29","guid":{"rendered":"https:\/\/www.europesays.com\/fr\/313117\/"},"modified":"2025-08-12T04:26:29","modified_gmt":"2025-08-12T04:26:29","slug":"estac-gf38-j1-le-programme-de-match","status":"publish","type":"post","link":"https:\/\/www.europesays.com\/fr\/313117\/","title":{"rendered":"ESTAC-GF38 (J1) : le programme de match"},"content":{"rendered":"<p><strong><a href=\"http:\/\/ticket.estac.fr\" rel=\"nofollow noopener\" target=\"_blank\">L\u2019ESTAC s\u2019appr\u00eate \u00e0 recevoir le Grenoble Foot 38<\/a> ce samedi soir, \u00e0 20h au Stade de l\u2019Aube, pour le compte de la premi\u00e8re journ\u00e9e de Ligue 2 BKT, saison 25-26. Pour l\u2019occasion, retrouvez notre traditionnel <a href=\"https:\/\/www.calameo.com\/read\/0075335462f10f3ee97a3\" rel=\"nofollow noopener\" target=\"_blank\">programme de match \u00ab\u00a0Bleu &amp; Blanc\u00a0\u00bb<\/a>, qui a fait peau neuve cet \u00e9t\u00e9. Retrouvez-y des contenus exclusifs tels que la premi\u00e8re interview de Lucas Maronnier, notre premi\u00e8re recrue estivale, mais \u00e9galement toutes les infos \u00e0 retenir avant la rencontre ! <\/strong><\/p>\n<p><strong>A retrouver juste ici : <a href=\"https:\/\/www.calameo.com\/read\/0075335462f10f3ee97a3\" rel=\"nofollow noopener\" target=\"_blank\">Bleu &amp; Blanc (ESTAC-GF38, J1)<\/a><\/strong><\/p>\n","protected":false},"excerpt":{"rendered":"L\u2019ESTAC s\u2019appr\u00eate \u00e0 recevoir le Grenoble Foot 38 ce samedi soir, \u00e0 20h au Stade de l\u2019Aube, pour&hellip;\n","protected":false},"author":2,"featured_media":313118,"comment_status":"","ping_status":"","sticky":false,"template":"","format":"standard","meta":{"footnotes":""},"categories":[9566],"tags":[1111,11,2430,1777,674,1011,27,2731,12,25],"class_list":{"0":"post-313117","1":"post","2":"type-post","3":"status-publish","4":"format-standard","5":"has-post-thumbnail","7":"category-grenoble","8":"tag-actu","9":"tag-actualites","10":"tag-auvergne-rhone-alpes","11":"tag-eu","12":"tag-europe","13":"tag-fr","14":"tag-france","15":"tag-grenoble","16":"tag-news","17":"tag-republique-francaise"},"share_on_mastodon":{"url":"https:\/\/pubeurope.com\/@fr\/115013902921100950","error":""},"_links":{"self":[{"href":"https:\/\/www.europesays.com\/fr\/wp-json\/wp\/v2\/posts\/313117","targetHints":{"allow":["GET"]}}],"collection":[{"href":"https:\/\/www.europesays.com\/fr\/wp-json\/wp\/v2\/posts"}],"about":[{"href":"https:\/\/www.europesays.com\/fr\/wp-json\/wp\/v2\/types\/post"}],"author":[{"embeddable":true,"href":"https:\/\/www.europesays.com\/fr\/wp-json\/wp\/v2\/users\/2"}],"replies":[{"embeddable":true,"href":"https:\/\/www.europesays.com\/fr\/wp-json\/wp\/v2\/comments?post=313117"}],"version-history":[{"count":0,"href":"https:\/\/www.europesays.com\/fr\/wp-json\/wp\/v2\/posts\/313117\/revisions"}],"wp:featuredmedia":[{"embeddable":true,"href":"https:\/\/www.europesays.com\/fr\/wp-json\/wp\/v2\/media\/313118"}],"wp:attachment":[{"href":"https:\/\/www.europesays.com\/fr\/wp-json\/wp\/v2\/media?parent=313117"}],"wp:term":[{"taxonomy":"category","embeddable":true,"href":"https:\/\/www.europesays.com\/fr\/wp-json\/wp\/v2\/categories?post=313117"},{"taxonomy":"post_tag","embeddable":true,"href":"https:\/\/www.europesays.com\/fr\/wp-json\/wp\/v2\/tags?post=313117"}],"curies":[{"name":"wp","href":"https:\/\/api.w.org\/{rel}","templated":true}]}}