{"id":313123,"date":"2025-08-12T04:29:11","date_gmt":"2025-08-12T04:29:11","guid":{"rendered":"https:\/\/www.europesays.com\/fr\/313123\/"},"modified":"2025-08-12T04:29:11","modified_gmt":"2025-08-12T04:29:11","slug":"wissembourg-le-club-plouf-initie-une-dizaine-de-personnes-a-la-plongee-sous-marine","status":"publish","type":"post","link":"https:\/\/www.europesays.com\/fr\/313123\/","title":{"rendered":"Wissembourg. Le club Plouf initie une dizaine de personnes \u00e0 la plong\u00e9e sous-marine"},"content":{"rendered":"<p>Masques sur la t\u00eate et palmes aux pieds\u00a0: Junan, 16 ans, No\u00e9, 14 ans, et C\u00e9leste, 13 ans, sont les premiers \u00e0 sauter dans le grand bassin de <a href=\"https:\/\/www.dna.fr\/culture-loisirs\/2025\/05\/29\/la-piscine-municipale-rouvre-ses-bassins-ce-samedi-31-mai\" target=\"_blank\" rel=\"noopener\">la piscine municipale de Wissembourg<\/a> , samedi 9\u00a0ao\u00fbt 2025. D\u2019ici quelques instants, ils effectueront leur grand bapt\u00eame de plong\u00e9e sous-marine. Bruno, Thierry et \u00c9tienne, les trois moniteurs de la matin\u00e9e, tous licenci\u00e9s au club de plong\u00e9e de l\u2019Outre-For\u00eat (Plouf), sont d\u00e9j\u00e0 dans l\u2019eau, pr\u00eats \u00e0 guider les jeunes plongeurs en herbe. Derni\u00e8re \u00e9tape avant de pouvoir descendre dans les profondeurs du bassin allant jusqu\u2019\u00e0 4,10 m\u00e8tres\u00a0: fixer le gilet et la bouteille sur le dos des trois adolescents. S\u2019ils ont quelques appr\u00e9hensions&#8230;<\/p>\n","protected":false},"excerpt":{"rendered":"Masques sur la t\u00eate et palmes aux pieds\u00a0: Junan, 16 ans, No\u00e9, 14 ans, et C\u00e9leste, 13 ans,&hellip;\n","protected":false},"author":2,"featured_media":313124,"comment_status":"","ping_status":"","sticky":false,"template":"","format":"standard","meta":{"footnotes":""},"categories":[2820],"tags":[1111,11,4877,1777,674,107,1011,27,775,12,25,4876,517,640,4875],"class_list":{"0":"post-313123","1":"post","2":"type-post","3":"status-publish","4":"format-standard","5":"has-post-thumbnail","7":"category-strasbourg","8":"tag-actu","9":"tag-actualites","10":"tag-edition-haguenau-wissembourg","11":"tag-eu","12":"tag-europe","13":"tag-fil-info","14":"tag-fr","15":"tag-france","16":"tag-grand-est","17":"tag-news","18":"tag-republique-francaise","19":"tag-secteur-de-wissembourg","20":"tag-sport","21":"tag-strasbourg","22":"tag-wissembourg"},"share_on_mastodon":{"url":"https:\/\/pubeurope.com\/@fr\/115013914643495742","error":""},"_links":{"self":[{"href":"https:\/\/www.europesays.com\/fr\/wp-json\/wp\/v2\/posts\/313123","targetHints":{"allow":["GET"]}}],"collection":[{"href":"https:\/\/www.europesays.com\/fr\/wp-json\/wp\/v2\/posts"}],"about":[{"href":"https:\/\/www.europesays.com\/fr\/wp-json\/wp\/v2\/types\/post"}],"author":[{"embeddable":true,"href":"https:\/\/www.europesays.com\/fr\/wp-json\/wp\/v2\/users\/2"}],"replies":[{"embeddable":true,"href":"https:\/\/www.europesays.com\/fr\/wp-json\/wp\/v2\/comments?post=313123"}],"version-history":[{"count":0,"href":"https:\/\/www.europesays.com\/fr\/wp-json\/wp\/v2\/posts\/313123\/revisions"}],"wp:featuredmedia":[{"embeddable":true,"href":"https:\/\/www.europesays.com\/fr\/wp-json\/wp\/v2\/media\/313124"}],"wp:attachment":[{"href":"https:\/\/www.europesays.com\/fr\/wp-json\/wp\/v2\/media?parent=313123"}],"wp:term":[{"taxonomy":"category","embeddable":true,"href":"https:\/\/www.europesays.com\/fr\/wp-json\/wp\/v2\/categories?post=313123"},{"taxonomy":"post_tag","embeddable":true,"href":"https:\/\/www.europesays.com\/fr\/wp-json\/wp\/v2\/tags?post=313123"}],"curies":[{"name":"wp","href":"https:\/\/api.w.org\/{rel}","templated":true}]}}