{"id":313127,"date":"2025-08-12T04:32:12","date_gmt":"2025-08-12T04:32:12","guid":{"rendered":"https:\/\/www.europesays.com\/fr\/313127\/"},"modified":"2025-08-12T04:32:12","modified_gmt":"2025-08-12T04:32:12","slug":"a-nice-participez-au-recensement-de-la-biodiversite-en-ville-pour-aider-a-sa-protection","status":"publish","type":"post","link":"https:\/\/www.europesays.com\/fr\/313127\/","title":{"rendered":"\u00c0 Nice, participez au recensement de la biodiversit\u00e9 en ville pour aider \u00e0 sa protection"},"content":{"rendered":"<p>Ouvrir les yeux sur la faune et la flore qui peuplent, parfois discr\u00e8tement, une agglom\u00e9ration comme Nice. C\u2019est l\u2019objectif de la M\u00e9tropole, qui se lance dans <a href=\"https:\/\/www.nicematin.com\/environnement\/pour-cartographier-la-biodiversite-une-commune-des-alpes-maritimes-veut-vous-transformer-en-apprentis-darwin-985196\" rel=\"nofollow noopener\" target=\"_blank\">l\u2019\u00e9laboration d\u2019un Atlas de la biodiversit\u00e9 communale (ABC)<\/a>.<\/p>\n<p>Dans la capitale azur\u00e9enne, c\u2019est le Mus\u00e9um d\u2019Histoire naturelle qui pilote la d\u00e9marche, avec le concours de scientifiques. Mais pas que.<\/p>\n<p>\u00ab\u00a0On oublie souvent que la biodiversit\u00e9 est \u00e0 c\u00f4t\u00e9 de chez nous, qu\u2019elle sait s\u2019adapter. L\u2019objectif de cet ABC, c\u2019est aussi d\u2019associer les citoyens pour qu\u2019ils changent leur regard sur la nature en ville\u00a0\u00bb, pose Richard Chemla, vice-pr\u00e9sident m\u00e9tropolitain d\u00e9l\u00e9gu\u00e9 \u00e0 la Transition \u00e9cologique.<\/p>\n<p>Un Atlas, pour quoi faire?<\/p>\n<p>Plus qu\u2019un recensement, l\u2019ABC fait partie \u00ab\u00a0des actions privil\u00e9gi\u00e9es en mati\u00e8re de lutte contre l\u2019artificialisation des sols. Le diagnostic sur un territoire permet, en effet, la prise en compte de ces enjeux dans l\u2019\u00e9volution des documents d\u2019urbanisme\u00a0\u00bb, d\u00e9taille <a href=\"https:\/\/www.ofb.gouv.fr\/abc\" target=\"_blank\" rel=\"noopener nofollow\">l\u2019Office fran\u00e7ais de la biodiversit\u00e9 (OFB)<\/a>. Concr\u00e8tement, une fois livr\u00e9, d\u2019ici trois ans, l\u2019annuaire des esp\u00e8ces animales, v\u00e9g\u00e9tales et de leurs habitats permettra de sanctuariser des sites et prendre les mesures de protection qui s\u2019imposent.<\/p>\n<p>Quelles esp\u00e8ces recenser?<\/p>\n<p>Fleurs, insectes, petits rongeurs, reptiles, oiseaux\u2026 Aucune limite aux esp\u00e8ces inventori\u00e9es, except\u00e9 les animaux de compagnie. \u00ab\u00a0\u00c0 Nice, on a par exemple des l\u00e9zards ocell\u00e9s en pleine ville, une esp\u00e8ce tr\u00e8s rare et prot\u00e9g\u00e9e. Mais aussi des renards argent\u00e9s sur les collines\u00a0\u00bb, illustre Richard Chemla.<\/p>\n<p>Comment y prendre part?<\/p>\n<p>Pour participer, il faut t\u00e9l\u00e9charger l\u2019application mobile INPN Esp\u00e8ces (1) et se rendre dans l\u2019onglet \u00ab\u00a0Qu\u00eates\u00a0\u00bb. En cr\u00e9ant un compte, il est possible de prendre part aux missions en cours.<\/p>\n<p>Et apr\u00e8s?<\/p>\n<p>D\u00e8s 2027, l\u2019op\u00e9ration de sciences participatives servira \u00e0 passer \u00e0 l\u2019action. \u00ab\u00a0En \u00e9laborant un plan concret et en diffusant de bonnes pratiques, comme moins tondre son gazon ou inciter les jardiniers amateur \u00e0 ne plus utiliser de pesticides\u00a0\u00bb, \u00e9voque l\u2019\u00e9lu.<\/p>\n<p>1. Disponible gratuitement sur <a href=\"https:\/\/play.google.com\/store\/apps\/details?id=fr.mnhn.inpnespeces\" target=\"_blank\" rel=\"noopener nofollow\">Google Play<\/a> et <a href=\"https:\/\/apps.apple.com\/fr\/app\/inpn-esp%C3%A8ces\/id1111609919?l=fr&amp;ls=1\" target=\"_blank\" rel=\"noopener nofollow\">Appstore<\/a>.<\/p>\n","protected":false},"excerpt":{"rendered":"Ouvrir les yeux sur la faune et la flore qui peuplent, parfois discr\u00e8tement, une agglom\u00e9ration comme Nice. C\u2019est&hellip;\n","protected":false},"author":2,"featured_media":313128,"comment_status":"","ping_status":"","sticky":false,"template":"","format":"standard","meta":{"footnotes":""},"categories":[2819],"tags":[1111,11,436,1777,674,1011,27,12,2401,882,25,3366],"class_list":{"0":"post-313127","1":"post","2":"type-post","3":"status-publish","4":"format-standard","5":"has-post-thumbnail","7":"category-nice","8":"tag-actu","9":"tag-actualites","10":"tag-environnement","11":"tag-eu","12":"tag-europe","13":"tag-fr","14":"tag-france","15":"tag-news","16":"tag-nice","17":"tag-provence-alpes-cote-dazur","18":"tag-republique-francaise","19":"tag-vie-locale"},"share_on_mastodon":{"url":"https:\/\/pubeurope.com\/@fr\/115013926567122780","error":""},"_links":{"self":[{"href":"https:\/\/www.europesays.com\/fr\/wp-json\/wp\/v2\/posts\/313127","targetHints":{"allow":["GET"]}}],"collection":[{"href":"https:\/\/www.europesays.com\/fr\/wp-json\/wp\/v2\/posts"}],"about":[{"href":"https:\/\/www.europesays.com\/fr\/wp-json\/wp\/v2\/types\/post"}],"author":[{"embeddable":true,"href":"https:\/\/www.europesays.com\/fr\/wp-json\/wp\/v2\/users\/2"}],"replies":[{"embeddable":true,"href":"https:\/\/www.europesays.com\/fr\/wp-json\/wp\/v2\/comments?post=313127"}],"version-history":[{"count":0,"href":"https:\/\/www.europesays.com\/fr\/wp-json\/wp\/v2\/posts\/313127\/revisions"}],"wp:featuredmedia":[{"embeddable":true,"href":"https:\/\/www.europesays.com\/fr\/wp-json\/wp\/v2\/media\/313128"}],"wp:attachment":[{"href":"https:\/\/www.europesays.com\/fr\/wp-json\/wp\/v2\/media?parent=313127"}],"wp:term":[{"taxonomy":"category","embeddable":true,"href":"https:\/\/www.europesays.com\/fr\/wp-json\/wp\/v2\/categories?post=313127"},{"taxonomy":"post_tag","embeddable":true,"href":"https:\/\/www.europesays.com\/fr\/wp-json\/wp\/v2\/tags?post=313127"}],"curies":[{"name":"wp","href":"https:\/\/api.w.org\/{rel}","templated":true}]}}