{"id":313194,"date":"2025-08-12T05:16:13","date_gmt":"2025-08-12T05:16:13","guid":{"rendered":"https:\/\/www.europesays.com\/fr\/313194\/"},"modified":"2025-08-12T05:16:13","modified_gmt":"2025-08-12T05:16:13","slug":"ce-quon-verra-dans-lemission-de-m6-sur-la-chanteuse-diffusee-a-la-rentree","status":"publish","type":"post","link":"https:\/\/www.europesays.com\/fr\/313194\/","title":{"rendered":"ce qu\u2019on verra dans l\u2019\u00e9mission de M6 sur la chanteuse diffus\u00e9e \u00e0 la rentr\u00e9e"},"content":{"rendered":"<p>        <img decoding=\"async\" loading=\"lazy\" src=\"https:\/\/www.europesays.com\/fr\/wp-content\/uploads\/2025\/08\/3738cbd_upload-1-aw5rel2qwxgk-capture-da-a-cran-2025-08-11-173347.png\"  width=\"728\" height=\"410\" alt=\"Lors d\u2019une soir\u00e9e sp\u00e9ciale en l\u2019honneur de l\u2019album \u00ab\u00a0D\u2019Eux\u00a0\u00bb sorti en 1995, C\u00e9line Dion va appara\u00eetre \u00e0 la t\u00e9l\u00e9vision fran\u00e7aise.\"\/>  <\/p>\n<p>M6<\/p>\n<p>Lors d\u2019une soir\u00e9e sp\u00e9ciale en l\u2019honneur de l\u2019album \u00ab\u00a0D\u2019Eux\u00a0\u00bb sorti en 1995, C\u00e9line Dion va appara\u00eetre \u00e0 la t\u00e9l\u00e9vision fran\u00e7aise.<\/p>\n<p class=\"asset asset-text\">CULTURE &#8211; Le 11\u00a0ao\u00fbt\u00a02024, les JO de Paris prenaient fin deux semaines apr\u00e8s une c\u00e9r\u00e9monie d\u2019ouverture grandiose o\u00f9 C\u00e9line Dion avait effectu\u00e9 <a href=\"https:\/\/www.huffingtonpost.fr\/jo-paris-2024\/article\/jo-paris-2024-celine-dion-a-fait-pleurer-thomas-jolly-lors-des-repetitions-de-la-ceremonie-d-ouverture_243880.html\" target=\"_blank\" rel=\"noopener\">son grand retour musical en plein combat contre sa maladie<\/a>. Un an plus tard, la <a href=\"https:\/\/www.huffingtonpost.fr\/jo-paris-2024\/video\/celine-dion-etait-bien-a-la-ceremonie-d-ouverture-des-jo-pour-chanter-l-hymne-a-l-amour_237512.html\" target=\"_blank\" rel=\"noopener\">chanteuse canadienne<\/a> va refaire parler d\u2019elle.<\/p>\n<p class=\"asset asset-text\">Ce lundi 11\u00a0ao\u00fbt, <a href=\"https:\/\/www.huffingtonpost.fr\/medias\/article\/anne-sophie-lapix-en-dit-plus-sur-ses-nouvelles-emissions-dans-le-groupe-m6_252204.html\" target=\"_blank\" rel=\"noopener\">le groupe M6<\/a>\u00a0annonce dans un communiqu\u00e9 qu\u2019elle se confiera en exclusivit\u00e9 \u00e0 la cha\u00eene lors d\u2019un entretien diffus\u00e9 dans le cadre d\u2019une \u00ab\u00a0soir\u00e9e exceptionnelle\u00a0\u00bb, organis\u00e9e \u00e0 l\u2019occasion des 30\u00a0ans de l\u2019album D\u2019Eux.<\/p>\n<p class=\"asset asset-text\">Cette soir\u00e9e, qui sera diffus\u00e9e sur M6\u00a0le 3\u00a0septembre (21h10), sera pr\u00e9sent\u00e9e par Oph\u00e9lie Meunier. L\u2019\u00e9mission sera l\u2019occasion pour C\u00e9line Dion de prendre la parole pour \u00ab\u00a0la premi\u00e8re et unique fois cette ann\u00e9e\u00a0\u00bb. Au c\u0153ur de cet entretien enregistr\u00e9 en mai\u00a02025\u00a0\u00e0 Las Vegas, la chanteuse reviendra sur le succ\u00e8s mondial des morceaux Pour que tu m\u2019aimes encore ou J\u2019irai o\u00f9 tu iras, tous deux pr\u00e9sents sur cet album de l\u00e9gende. M6\u00a0promet par ailleurs des confidences sur sa \u00ab\u00a0collaboration l\u00e9gendaire avec Jean-Jacques Goldman\u00a0\u00bb.<\/p>\n<p class=\"asset asset-text\">\u00ab\u00a0Je n\u2019avais aucune attente\u2026 J\u2019\u00e9tais tellement heureuse. J\u2019avais d\u00e9couvert des chansons extraordinaires et en plus un ami\u00a0\u00bb, confie notamment au cours de cet entretien C\u00e9line Dion au sujet de la conception de l\u2019album sorti en 1995. \u00c9crit et r\u00e9alis\u00e9 par <a href=\"https:\/\/www.huffingtonpost.fr\/culture\/article\/on-sera-la-la-nouvelle-chanson-de-jean-jacques-goldman-pour-le-bleuet-de-france-est-disponible_248693.html\" target=\"_blank\" rel=\"noopener\">Jean-Jacques Goldman<\/a>, D\u2019Eux reste \u00e0 ce jour l\u2019album\u00a0francophone\u00a0le plus vendu de l\u2019histoire de la musique.<\/p>\n<p>                     Confidences et extraits in\u00e9dits    <\/p>\n<p class=\"asset asset-text\">M6 pr\u00e9voit \u00e9galement de d\u00e9voiler de \u00ab\u00a0nombreuses archives in\u00e9dites et des performances rarement\u00a0\u00bb diffus\u00e9es \u00e0 la t\u00e9l\u00e9vision. Y compris des \u00ab\u00a0s\u00e9quences de travail entre Jean-Jacques Goldman et C\u00e9line Dion en studio\u00a0\u00bb, film\u00e9es \u00e0 l\u2019\u00e9poque par une t\u00e9l\u00e9vision canadienne.<\/p>\n<p class=\"asset asset-text\">Le dernier passage \u00e0 la t\u00e9l\u00e9vision fran\u00e7aise de C\u00e9line Dion remontait au mois de juin\u00a02024, lorsque la chanteuse de 57\u00a0ans <a href=\"https:\/\/www.huffingtonpost.fr\/people\/article\/celine-dion-livre-un-message-de-resilience-pour-les-personnes-atteintes-du-syndrome-rare-dont-elle-est-atteinte_247513.html\" target=\"_blank\" rel=\"noopener\">atteinte du syndrome de la personne raide<\/a> s\u2019\u00e9tait confi\u00e9e <a href=\"https:\/\/www.huffingtonpost.fr\/people\/article\/celine-dion-a-eu-droit-a-un-cadeau-on-ne-peut-plus-francais-pour-son-interview-a-tf1_235469.html\" target=\"_blank\" rel=\"noopener\">\u00e0 Anne-Claire Coudray sur TF1<\/a>, au sujet de sa maladie et des effets n\u00e9fastes sur sa voix.<\/p>\n<p> La lecture de ce contenu est susceptible d\u2019entra\u00eener un d\u00e9p\u00f4t de cookies de la part de l\u2019op\u00e9rateur tiers qui l\u2019h\u00e9berge. Compte-tenu des choix que vous avez exprim\u00e9s en mati\u00e8re de d\u00e9p\u00f4t de cookies, nous avons bloqu\u00e9 l\u2019affichage de ce contenu. Si vous souhaitez y acc\u00e9der, vous devez accepter la cat\u00e9gorie de cookies \u201cContenus tiers\u201d en cliquant sur le bouton ci-dessous. <\/p>\n<p> Lire la Vid\u00e9o              <\/p>\n<p class=\"asset asset-text\">C\u00e9line Dion avait annonc\u00e9 en d\u00e9cembre\u00a02022\u00a0les raisons du report puis de l\u2019annulation soudaine de sa tourn\u00e9e en Europe. Depuis, toutes ses dates ont \u00e9t\u00e9 progressivement annul\u00e9es pour lui permettre de se concentrer sur sa maladie et sa sant\u00e9. <a href=\"https:\/\/www.huffingtonpost.fr\/culture\/video\/celine-dion-chante-a-nouveau-en-public-quatre-mois-apres-la-ceremonie-d-ouverture-des-jo_242225.html\" target=\"_blank\" rel=\"noopener\">Son apparition aux JO de Paris 2024<\/a>\u00a0marquait sa premi\u00e8re performance musicale depuis quatre\u00a0ans. Elle avait alors interpr\u00e9t\u00e9 <a href=\"https:\/\/www.huffingtonpost.fr\/jo-paris-2024\/article\/l-hymne-a-l-amour-chante-par-celine-dion-aux-jo-de-paris-enfin-disponible-en-streaming_240687.html\" target=\"_blank\" rel=\"noopener\">L\u2019Hymne \u00e0 l\u2019amour d\u2019\u00c9dith Piaf<\/a> au premier \u00e9tage de la tour Eiffel.<\/p>\n","protected":false},"excerpt":{"rendered":"M6 Lors d\u2019une soir\u00e9e sp\u00e9ciale en l\u2019honneur de l\u2019album \u00ab\u00a0D\u2019Eux\u00a0\u00bb sorti en 1995, C\u00e9line Dion va appara\u00eetre \u00e0&hellip;\n","protected":false},"author":2,"featured_media":313195,"comment_status":"","ping_status":"","sticky":false,"template":"","format":"standard","meta":{"footnotes":""},"categories":[1355],"tags":[7043,251,58,59,1011,27,494,1361,873,252],"class_list":{"0":"post-313194","1":"post","2":"type-post","3":"status-publish","4":"format-standard","5":"has-post-thumbnail","7":"category-musique","8":"tag-celine-dion","9":"tag-culture","10":"tag-divertissement","11":"tag-entertainment","12":"tag-fr","13":"tag-france","14":"tag-m6","15":"tag-music","16":"tag-musique","17":"tag-television"},"share_on_mastodon":{"url":"https:\/\/pubeurope.com\/@fr\/115014099595539476","error":""},"_links":{"self":[{"href":"https:\/\/www.europesays.com\/fr\/wp-json\/wp\/v2\/posts\/313194","targetHints":{"allow":["GET"]}}],"collection":[{"href":"https:\/\/www.europesays.com\/fr\/wp-json\/wp\/v2\/posts"}],"about":[{"href":"https:\/\/www.europesays.com\/fr\/wp-json\/wp\/v2\/types\/post"}],"author":[{"embeddable":true,"href":"https:\/\/www.europesays.com\/fr\/wp-json\/wp\/v2\/users\/2"}],"replies":[{"embeddable":true,"href":"https:\/\/www.europesays.com\/fr\/wp-json\/wp\/v2\/comments?post=313194"}],"version-history":[{"count":0,"href":"https:\/\/www.europesays.com\/fr\/wp-json\/wp\/v2\/posts\/313194\/revisions"}],"wp:featuredmedia":[{"embeddable":true,"href":"https:\/\/www.europesays.com\/fr\/wp-json\/wp\/v2\/media\/313195"}],"wp:attachment":[{"href":"https:\/\/www.europesays.com\/fr\/wp-json\/wp\/v2\/media?parent=313194"}],"wp:term":[{"taxonomy":"category","embeddable":true,"href":"https:\/\/www.europesays.com\/fr\/wp-json\/wp\/v2\/categories?post=313194"},{"taxonomy":"post_tag","embeddable":true,"href":"https:\/\/www.europesays.com\/fr\/wp-json\/wp\/v2\/tags?post=313194"}],"curies":[{"name":"wp","href":"https:\/\/api.w.org\/{rel}","templated":true}]}}