{"id":313196,"date":"2025-08-12T05:17:18","date_gmt":"2025-08-12T05:17:18","guid":{"rendered":"https:\/\/www.europesays.com\/fr\/313196\/"},"modified":"2025-08-12T05:17:18","modified_gmt":"2025-08-12T05:17:18","slug":"little-miss-sunshine-la-famille-et-le-reve-americain-passes-au-hachoir-telerama","status":"publish","type":"post","link":"https:\/\/www.europesays.com\/fr\/313196\/","title":{"rendered":"\u201cLittle Miss Sunshine\u201d : la famille et le r\u00eave am\u00e9ricain pass\u00e9s au hachoir &#8211; T\u00e9l\u00e9rama"},"content":{"rendered":"<ol>\n<li><a href=\"https:\/\/news.google.com\/rss\/articles\/CBMiuAFBVV95cUxQbEVSckZVSnIwdzFrWEllLWMxR1p1eXJ2anhfd0VZd01GbzZaT1cyZUUwRC14VDNwd2ZvenJwM19hWlE5RDlrSzY2cEJvWjhoYWVlUHJiMVdSREVFQlB3ZUlMYWgzdTQzaHhra1lNVTdXSUd6bEVWWkJoTU8xX0FJZTFEZ2N2WEZuY2VicGFWQjcta1BHQnpSZDAzSkxxSTJKWk5HVnhTY0IxWXMxRnU1eU9wX1pSNFlm?oc=5\" target=\"_blank\" rel=\"nofollow noopener\">\u201cLittle Miss Sunshine\u201d : la famille et le r\u00eave am\u00e9ricain pass\u00e9s au hachoir<\/a>&nbsp;&nbsp;T\u00e9l\u00e9rama<\/li>\n<li><a href=\"https:\/\/news.google.com\/rss\/articles\/CBMinwJBVV95cUxNc2hTUHdxQi13ZjRBOXZqS1ZpMXZKLVlEZXhhX3JBMm1CZUp1d08yNldXVm1ld1RranROY0c2b2loTXpONWtIY2ZPaENpUmVjbmUyVTk4SG1zZl9ZN2JSMVN2MDU2Tkh1VGsxRjNiV3gwQTZHVTRkWUViUVFoMW80MXRfanYxb1V4MDdnai04dks1Yk5QX2U3ZUtsTkhNT0x2WG5SMzYzeks4TktqTl9oWVN6RXZySnlSRGtpT0p5dHE4ZVJlVjM3VjJxRTF3ZkdVaEI3RmVvdFdLQ0V5M1I4X09iemtqZGJFdjU0SlVsaWZyT2R1U2hhWk5CZk03UmEwNHZGMllZTU8wT1c1blljYldSbGhJVjI2U1RRejZONA?oc=5\" target=\"_blank\" rel=\"nofollow noopener\">Little Miss Sunshine (Arte) &#8211; Pourquoi Alan Arkin a \u00e9t\u00e9 ravi qu&rsquo; Abigail Breslin ne remporte pas un Oscar \u00e0 l&rsquo;\u00e2ge de 10 ans<\/a>&nbsp;&nbsp;T\u00e9l\u00e9 7 Jours<\/li>\n<li><a href=\"https:\/\/news.google.com\/rss\/articles\/CBMifkFVX3lxTE5DeS1ESjFIQ0RwbWF3NDY0NllDaHQ4LVE3T3hPTjl3UHZpXzF4UWo0SkpQSXV0ZDMzNEdaT2RHcGRqSzhvSllYMnB6S21FaFd4WjM4NHV0YzNZUzhDUm5UcU5JSHBLVmg1QTVDZnFzTTM4X3R3VmFZcGJ2Q1B6QQ?oc=5\" target=\"_blank\" rel=\"nofollow noopener\">Ce soir \u00e0 la t\u00e9l\u00e9 : c&rsquo;est la pire famille du monde&#8230; et vous allez l&rsquo;adorer !<\/a>&nbsp;&nbsp;AlloCin\u00e9<\/li>\n<li><a href=\"https:\/\/news.google.com\/rss\/articles\/CBMi7gFBVV95cUxNZEFJOVRhLWtGbEoyZU5nY1pUSzJWYnBpbG5BYmxrYnBZRmlTYlo2ajh5WHBRWWF0UHpxREtGRUtBa0xGV1o3RXYwdnBZSzA1bkNsZG02QTNTdTEyWTNwdU9XdWJxZFlFMkF6c2d0YnVWQjVQcEVSNFhIc0laS3hUbnpXbFJQYktUWWIyTk41MDNtU0FjQWlndm1LMk90Wk1NSHk2MDZUSjhzX2FoeTUtTkV0OW9HQmZMMGI5a0lpTXl6N19zMkFmcm9aSlBrTDFXNFRSZWVHY1BzSmNnUkFBNkt2S3ExdDdQZm1JMjB3?oc=5\" target=\"_blank\" rel=\"nofollow noopener\">Little Miss Sunshine : Que devient l\u2019actrice Abiga\u00efl Breslin, qui jouait le r\u00f4le de la petite Olive dans le film ?<\/a>&nbsp;&nbsp;programme-tv.net<\/li>\n<li><a href=\"https:\/\/news.google.com\/rss\/articles\/CBMixAFBVV95cUxPc1FUR2FScUZKMm51ekdLa1BTdzFnTU9lNmlfQ0xmdkxlRUY2UmhGRV9qZG13NklsaDZVUDE4dFBKbEthd3RvMWhvdlRTTmY3Q1Vzd1JxNVE1NDg3MzBESkpxQzZMUTZrUWplWEh3YS15Z2ZVamNYSzhmRkg4MnRJNFVwVWFMbTBRYm44VXhYTzN4S3AwaXpIUWlCa09FV0dvb3dnRnFhMWdiRnRpX2J6VWQzZTRpR2RYTFptYktHbk9wY3VS?oc=5\" target=\"_blank\" rel=\"nofollow noopener\">Little Miss Sunshine : Alissa Anderegg, enfant du film, devenue Miss World America 2020<\/a>&nbsp;&nbsp;CesoirTV<\/li>\n<\/ol>\n","protected":false},"excerpt":{"rendered":"\u201cLittle Miss Sunshine\u201d : la famille et le r\u00eave am\u00e9ricain pass\u00e9s au hachoir&nbsp;&nbsp;T\u00e9l\u00e9rama Little Miss Sunshine (Arte) &#8211;&hellip;\n","protected":false},"author":2,"featured_media":313197,"comment_status":"","ping_status":"","sticky":false,"template":"","format":"standard","meta":{"footnotes":""},"categories":[1354],"tags":[58,59,1346,1011,27,1360],"class_list":{"0":"post-313196","1":"post","2":"type-post","3":"status-publish","4":"format-standard","5":"has-post-thumbnail","7":"category-films","8":"tag-divertissement","9":"tag-entertainment","10":"tag-films","11":"tag-fr","12":"tag-france","13":"tag-movies"},"share_on_mastodon":{"url":"https:\/\/pubeurope.com\/@fr\/115014103510946094","error":""},"_links":{"self":[{"href":"https:\/\/www.europesays.com\/fr\/wp-json\/wp\/v2\/posts\/313196","targetHints":{"allow":["GET"]}}],"collection":[{"href":"https:\/\/www.europesays.com\/fr\/wp-json\/wp\/v2\/posts"}],"about":[{"href":"https:\/\/www.europesays.com\/fr\/wp-json\/wp\/v2\/types\/post"}],"author":[{"embeddable":true,"href":"https:\/\/www.europesays.com\/fr\/wp-json\/wp\/v2\/users\/2"}],"replies":[{"embeddable":true,"href":"https:\/\/www.europesays.com\/fr\/wp-json\/wp\/v2\/comments?post=313196"}],"version-history":[{"count":0,"href":"https:\/\/www.europesays.com\/fr\/wp-json\/wp\/v2\/posts\/313196\/revisions"}],"wp:featuredmedia":[{"embeddable":true,"href":"https:\/\/www.europesays.com\/fr\/wp-json\/wp\/v2\/media\/313197"}],"wp:attachment":[{"href":"https:\/\/www.europesays.com\/fr\/wp-json\/wp\/v2\/media?parent=313196"}],"wp:term":[{"taxonomy":"category","embeddable":true,"href":"https:\/\/www.europesays.com\/fr\/wp-json\/wp\/v2\/categories?post=313196"},{"taxonomy":"post_tag","embeddable":true,"href":"https:\/\/www.europesays.com\/fr\/wp-json\/wp\/v2\/tags?post=313196"}],"curies":[{"name":"wp","href":"https:\/\/api.w.org\/{rel}","templated":true}]}}