{"id":313200,"date":"2025-08-12T05:19:19","date_gmt":"2025-08-12T05:19:19","guid":{"rendered":"https:\/\/www.europesays.com\/fr\/313200\/"},"modified":"2025-08-12T05:19:19","modified_gmt":"2025-08-12T05:19:19","slug":"predictions-du-classement-final-de-la-ligue-1-2025-26-selon-opta","status":"publish","type":"post","link":"https:\/\/www.europesays.com\/fr\/313200\/","title":{"rendered":"Pr\u00e9dictions du classement final de la Ligue 1 2025-26 selon Opta"},"content":{"rendered":"<p><img fetchpriority=\"high\" decoding=\"async\" width=\"620\" height=\"413\" src=\"https:\/\/www.europesays.com\/fr\/wp-content\/uploads\/2025\/08\/Maillots-Ligue-1-620x413.jpeg\" alt=\"Pr\u00e9dictions du classement final de la Ligue 1 2025-26 selon Opta\" class=\"wp-image-344498\"  \/>C\u2019est reparti pour une nouvelle saison de la Ligue 1.<\/p>\n<p>C\u2019est ce week-end de la mi-ao\u00fbt que d\u00e9bute officiellement la nouvelle saison 2025-2026 de la <a href=\"https:\/\/sportune.20minutes.fr\/ligue-1-l1\" target=\"_blank\" rel=\"noopener\">Ligue 1<\/a>. Avant les premiers \u00e9changes de ballons, l\u2019entreprise de donn\u00e9es sportives Opta a d\u00e9voil\u00e9 ses pr\u00e9dictions pour le classement final du championnat de France. Les calculs statistiques \u00e9tablissent une hi\u00e9rarchie des probabilit\u00e9s des places finales des dix-huit  clubs du championnat fran\u00e7ais.<\/p>\n<p>Le <a href=\"https:\/\/sportune.20minutes.fr\/paris-saint-germain-psg\" target=\"_blank\" rel=\"noopener\">Paris Saint-Germain<\/a>, champion sortant avec 84 points lors de l\u2019exercice pr\u00e9c\u00e9dent, conserve son statut de favori avec 77,6% de chances de terminer \u00e0 la premi\u00e8re place selon les mod\u00e8les d\u2019Opta. Cette pr\u00e9diction s\u2019appuie sur la domination parisienne de la saison \u00e9coul\u00e9e, o\u00f9 le club de la capitale avait termin\u00e9 avec 19 points d\u2019avance sur son dauphin marseillais.<\/p>\n<p>Lutte \u00e0 trois entre le LOSC, l\u2019OM et Monaco derri\u00e8re le PSG<\/p>\n<p>Derri\u00e8re le <a href=\"https:\/\/sportune.20minutes.fr\/paris-saint-germain-psg\" target=\"_blank\" rel=\"noopener\">PSG<\/a>, la lutte s\u2019annonce serr\u00e9e pour la course au podium. Le <a href=\"https:\/\/sportune.20minutes.fr\/losc-lille-losc\" target=\"_blank\" rel=\"noopener\">LOSC Lille<\/a>, cinqui\u00e8me la saison pass\u00e9e avec 60 points, a 18,3% de chances de finir deuxi\u00e8me du championnat selon les projections statistiques. L\u2019<a href=\"https:\/\/sportune.20minutes.fr\/as-monaco-asm\" target=\"_blank\" rel=\"noopener\">AS Monaco<\/a> suit avec 15,5% de chances de terminer \u00e0 la troisi\u00e8me place, tandis que l\u2019<a href=\"https:\/\/sportune.20minutes.fr\/olympique-de-marseille-om\" target=\"_blank\" rel=\"noopener\">Olympique de Marseille<\/a> affiche 13,3% de probabilit\u00e9 de finir quatri\u00e8me.<\/p>\n<p>Les trois clubs promus \u2013 <a href=\"https:\/\/sportune.20minutes.fr\/fc-lorient\" target=\"_blank\" rel=\"noopener\">FC Lorient<\/a>, <a href=\"https:\/\/sportune.20minutes.fr\/paris-fc\" target=\"_blank\" rel=\"noopener\">Paris FC<\/a> et <a href=\"https:\/\/sportune.20minutes.fr\/fc-metz\" target=\"_blank\" rel=\"noopener\">FC Metz<\/a> \u2013 figurent logiquement parmi les \u00e9quipes les plus menac\u00e9es par la rel\u00e9gation. Metz pr\u00e9sente la plus forte probabilit\u00e9 (17,9%) de terminer \u00e0 la derni\u00e8re place et <a href=\"https:\/\/sportune.20minutes.fr\/le-havre-ac-hac\" target=\"_blank\" rel=\"noopener\">Le Havre AC<\/a> (17,4%) de l\u2019accompagner en <a href=\"https:\/\/sportune.20minutes.fr\/ligue-2-l2\" target=\"_blank\" rel=\"noopener\">Ligue 2<\/a>.<\/p>\n<p>Ces pr\u00e9dictions s\u2019appuient sur les performances de la saison 2024-25, o\u00f9 le PSG avait domin\u00e9 le championnat avec 26 victoires, 6 nuls et seulement 2 d\u00e9faites en 34 journ\u00e9es. Les mod\u00e8les d\u2019Opta int\u00e8grent les donn\u00e9es historiques, les transferts et diverses variables statistiques pour \u00e9tablir ces probabilit\u00e9s de classement final.<\/p>\n<p>Pr\u00e9dictions du classement final de la Ligue 1 2025-26 selon Opta<\/p>\n<p>PSG = 77,6%<br \/>Lille = 18,3%<br \/>Monaco = 15,5%<br \/>Olympique Marseille = 13,3%<br \/>Olympique Lyonnais = 11,4%<br \/>Strasbourg = 9,1%<br \/>Nice = 9,4%<br \/>Lens = 8,8%<br \/>Brest = 9,0%<br \/>Rennes = 8,9%<br \/>Toulouse = 8,5%<br \/>Auxerre = 9,0%<br \/>Angers SCO = 8,4%<br \/>Nantes = 10,2%<br \/>Paris FC = 10,7%<br \/>Lorient = 14,9%<br \/>Le Havre = 17,4%<br \/>Metz = 17,9%<\/p>\n","protected":false},"excerpt":{"rendered":"C\u2019est reparti pour une nouvelle saison de la Ligue 1. C\u2019est ce week-end de la mi-ao\u00fbt que d\u00e9bute&hellip;\n","protected":false},"author":2,"featured_media":313201,"comment_status":"","ping_status":"","sticky":false,"template":"","format":"standard","meta":{"footnotes":""},"categories":[9],"tags":[4428,460,2266,461,3317,8113,462,1011,27,4447,2267,2268,241,149,445,93,2264,4448,60,4449,3087,4450],"class_list":{"0":"post-313200","1":"post","2":"type-post","3":"status-publish","4":"format-standard","5":"has-post-thumbnail","7":"category-sports","8":"tag-aj-auxerre","9":"tag-angers-sco","10":"tag-as-monaco","11":"tag-asse","12":"tag-fc-lorient","13":"tag-fc-metz","14":"tag-fc-nantes","15":"tag-fr","16":"tag-france","17":"tag-le-havre-ac","18":"tag-losc","19":"tag-ogc-nice","20":"tag-ol","21":"tag-om","22":"tag-paris-fc","23":"tag-psg","24":"tag-rc-lens","25":"tag-rc-strasbourg","26":"tag-sports","27":"tag-stade-brestois","28":"tag-stade-rennais","29":"tag-tfc"},"share_on_mastodon":{"url":"https:\/\/pubeurope.com\/@fr\/115014111360372120","error":""},"_links":{"self":[{"href":"https:\/\/www.europesays.com\/fr\/wp-json\/wp\/v2\/posts\/313200","targetHints":{"allow":["GET"]}}],"collection":[{"href":"https:\/\/www.europesays.com\/fr\/wp-json\/wp\/v2\/posts"}],"about":[{"href":"https:\/\/www.europesays.com\/fr\/wp-json\/wp\/v2\/types\/post"}],"author":[{"embeddable":true,"href":"https:\/\/www.europesays.com\/fr\/wp-json\/wp\/v2\/users\/2"}],"replies":[{"embeddable":true,"href":"https:\/\/www.europesays.com\/fr\/wp-json\/wp\/v2\/comments?post=313200"}],"version-history":[{"count":0,"href":"https:\/\/www.europesays.com\/fr\/wp-json\/wp\/v2\/posts\/313200\/revisions"}],"wp:featuredmedia":[{"embeddable":true,"href":"https:\/\/www.europesays.com\/fr\/wp-json\/wp\/v2\/media\/313201"}],"wp:attachment":[{"href":"https:\/\/www.europesays.com\/fr\/wp-json\/wp\/v2\/media?parent=313200"}],"wp:term":[{"taxonomy":"category","embeddable":true,"href":"https:\/\/www.europesays.com\/fr\/wp-json\/wp\/v2\/categories?post=313200"},{"taxonomy":"post_tag","embeddable":true,"href":"https:\/\/www.europesays.com\/fr\/wp-json\/wp\/v2\/tags?post=313200"}],"curies":[{"name":"wp","href":"https:\/\/api.w.org\/{rel}","templated":true}]}}