{"id":313210,"date":"2025-08-12T05:24:11","date_gmt":"2025-08-12T05:24:11","guid":{"rendered":"https:\/\/www.europesays.com\/fr\/313210\/"},"modified":"2025-08-12T05:24:11","modified_gmt":"2025-08-12T05:24:11","slug":"14-departements-en-vigilance-rouge-ce-mardi-lalerte-etendue-a-mercredi","status":"publish","type":"post","link":"https:\/\/www.europesays.com\/fr\/313210\/","title":{"rendered":"14 d\u00e9partements en vigilance rouge ce mardi, l\u2019alerte \u00e9tendue \u00e0 mercredi"},"content":{"rendered":"<p>La vigilance, qui concerne 14 d\u00e9partements du Sud-Ouest et du Centre-Est ce mardi, est \u00e9tendue \u00e0 mercredi, annonce M\u00e9t\u00e9o-France dans son dernier bulletin. Des temp\u00e9ratures sup\u00e9rieures \u00e0 40\u00b0C sont attendues dans l\u2019apr\u00e8s-midi.<\/p>\n<p class=\"fig-paragraph\">L&rsquo;actuelle vague de chaleur, exceptionnelle m\u00eame pour un mois d&rsquo;ao\u00fbt, se poursuit ce mardi 12 ao\u00fbt. Apr\u00e8s le Sud-Ouest et ses temp\u00e9ratures records, quatre d\u00e9partements du Centre-Est basculent \u00e0 leur tour\u00a0<a href=\"http:\/\/www.lefigaro.fr\/dossier\/canicule-fortes-chaleurs-l-ete-2021-s-installe-en-france\" target=\"_blank\" data-fig-type=\"Topic\" rel=\"noopener\" data-gtm-custom-categorie=\"navigation\" data-gtm-custom-action=\"crossclick\" data-gtm-custom-label=\"Contextuel\" data-gtm-event=\"customEventSPE\" data-fig-domain=\"LEFIGARO\">en vigilance rouge canicule,<\/a>\u00a0poussant les autorit\u00e9s \u00e0 multiplier les mesures pr\u00e9ventives.\u00a0<a href=\"https:\/\/actualite.lachainemeteo.com\/alerte-meteo\/8684-canicule-de-grande-ampleur-intensite-historique\" target=\"_blank\" rel=\"sponsored noopener\" data-gtm-custom-categorie=\"navigation\" data-gtm-custom-action=\"crossclick\" data-gtm-custom-label=\"Contextuel\" data-gtm-event=\"customEventSPE\">La Cha\u00eene M\u00e9teo*<\/a> \u00a0\u00e9voque une \u00abcanicule de grande ampleur\u00bb avec une \u00abintensit\u00e9 historique\u00bb<\/p>\n<p class=\"fig-paragraph\">Au total, 14 d\u00e9partements sont plac\u00e9s en vigilance rouge. Comme lundi, la Gironde, la Dordogne, les Landes, le Gers, le Lot-et-Garonne, le Lot, le Tarn-et-Garonne, la Haute-Garonne, le Tarn et l\u2019Aude sont concern\u00e9s. L\u2019alerte sera \u00e9tendue \u00e0 partir de mardi midi dans 4 d\u00e9partements suppl\u00e9mentaires\u00a0: le Rh\u00f4ne, l\u2019Is\u00e8re, l\u2019Ard\u00e8che et la Dr\u00f4me.<\/p>\n<p>                                    <a class=\"fig-a11y-skip a11y-hidden\" href=\"#fig-a11y-skip-main-inarticle\"><br \/>\n        Passer la publicit\u00e9<br \/>\n    <\/a><\/p>\n<p class=\"fig-paragraph\">La Charente et la Charente-Maritime repassent de leur c\u00f4t\u00e9 en orange, gr\u00e2ce \u00e0 de bons vents oc\u00e9aniques.<\/p>\n<p class=\"fig-paragraph\">Dans le Rh\u00f4ne, la pr\u00e9f\u00e8te a d\u00e9cid\u00e9 de suspendre les chantiers ext\u00e9rieurs de la mi-journ\u00e9e jusqu&rsquo;\u00e0 22 heures et d&rsquo;interdire toute manifestation publique dehors ou dans des \u00e9tablissements non climatis\u00e9s jusqu&rsquo;en d\u00e9but de soir\u00e9e. Le d\u00e9partement entre \u00e0 midi en vigilance rouge, tout comme l&rsquo;Is\u00e8re, la Dr\u00f4me et l&rsquo;Ard\u00e8che.<\/p>\n<p class=\"fig-paragraph\">Au total, \u00e0 la mi-journ\u00e9e, les trois quarts du pays seront au moins en vigilance orange. Seul un petit quart Nord-Ouest (17 d\u00e9partements), dont la Bretagne et le littoral de la Manche jusqu&rsquo;au Pas-de-Calais, doit \u00e9chapper \u00e0 la touffeur accablante.<\/p>\n<p>Plusieurs records de temp\u00e9rature lundi<\/p>\n<p class=\"fig-paragraph\">Lundi,\u00a0<a href=\"http:\/\/www.lefigaro.fr\/meteo\/4201-a-bergerac-4106-a-bordeaux-plusieurs-records-de-chaleurs-battus-ce-lundi-20250811\" target=\"_blank\" data-fig-type=\"NewsFlash\" rel=\"noopener\" data-gtm-custom-categorie=\"navigation\" data-gtm-custom-action=\"crossclick\" data-gtm-custom-label=\"Contextuel\" data-gtm-event=\"customEventSPE\" data-fig-domain=\"LEFIGARO\">plusieurs stations m\u00e9t\u00e9orologiques du Sud-Ouest ont enregistr\u00e9 des records absolus de temp\u00e9rature<\/a>: \u00e0 Bordeaux (41,6\u00b0C), Bergerac (42,1\u00b0C), Saint-\u00c9milion (41,5\u00b0C) ou encore Angoul\u00eame (42,1\u00b0C), le thermom\u00e8tre est mont\u00e9 \u00e0 des niveaux in\u00e9dits. Elles resteront tr\u00e8s \u00e9lev\u00e9es mardi dans la r\u00e9gion, \u00ab40\u00b0C pouvant m\u00eame atteindre le littoral aquitain par endroits\u00bb, indique M\u00e9t\u00e9o France.<\/p>\n<p class=\"fig-body-link\">\n            \u00c0 lire aussi<br \/>\n        <a class=\"fig-body-link__link fig-premium-mark\" href=\"http:\/\/www.lefigaro.fr\/sciences\/peut-on-comparer-la-canicule-actuelle-a-celle-de-2003-20250811\" target=\"_blank\" data-fig-type=\"NewsFlash\" rel=\"noopener\" data-gtm-custom-categorie=\"navigation\" data-gtm-custom-action=\"crossclick\" data-gtm-custom-label=\"Contextuel\" data-gtm-event=\"customEventSPE\" data-fig-domain=\"LEFIGARO\">Peut-on comparer la canicule actuelle \u00e0 celle de 2003\u00a0?<br \/>\n    <\/a>\n<\/p>\n<p class=\"fig-paragraph\">Les fortes chaleurs vont gagner le Nord et l&rsquo;Est dans la journ\u00e9e: 36\u00b0C \u00e0 38\u00b0C sont attendus du Val-de-Loire \u00e0 l&rsquo;\u00cele-de-France et au Grand-Est, et 40 \u00e0 41\u00b0C en vall\u00e9e du Rh\u00f4ne jusqu&rsquo;au Lyonnais, bien au-dessus des moyennes saisonni\u00e8res, selon les services m\u00e9t\u00e9orologiques.<\/p>\n<p>                                    <a class=\"fig-a11y-skip a11y-hidden\" href=\"#fig-a11y-skip-main-inarticle_mtf\"><br \/>\n        Passer la publicit\u00e9<br \/>\n    <\/a><\/p>\n<p class=\"fig-paragraph\">En Ard\u00e8che, les temp\u00e9ratures pourraient monter jusqu&rsquo;\u00e0 42\u00b0C localement, selon la pr\u00e9fecture, qui souligne que \u00abla forte chaleur concerne \u00e9galement les zones de montagne, avec 30 \u00e0 35\u00b0C \u00e0 1000-1200 m\u00e8tres d&rsquo;altitude\u00bb.<\/p>\n<p class=\"fig-paragraph\">La France subit depuis vendredi sa 51e vague de chaleur depuis 1947 et sa deuxi\u00e8me de l&rsquo;\u00e9t\u00e9 2025. Selon M\u00e9t\u00e9o France, elle devrait durer \u00abau moins jusqu&rsquo;au week-end du 15 ao\u00fbt\u00bb et pourrait m\u00eame \u00absans doute\u00bb se prolonger jusqu&rsquo;au 19 ou 20 ao\u00fbt, ce qui fait que \u00abl&rsquo;\u00e9pisode global pourrait durer de 12 \u00e0 14 jours\u00bb. Celle du d\u00e9but de l&rsquo;\u00e9t\u00e9 avait dur\u00e9 16 jours, se classant parmi les trois plus longues vagues de chaleur du pays.<\/p>\n<p class=\"fig-paragraph\">La France n&rsquo;est pas le seul pays concern\u00e9 par des chaleurs intenses. De la p\u00e9ninsule ib\u00e9rique aux pays des Balkans, en passant par l&rsquo;Italie, les temp\u00e9ratures grimpent.<\/p>\n<p class=\"fig-paragraph\">*La Cha\u00eene m\u00e9t\u00e9o est une propri\u00e9t\u00e9 du Groupe Figaro.<\/p>\n","protected":false},"excerpt":{"rendered":"La vigilance, qui concerne 14 d\u00e9partements du Sud-Ouest et du Centre-Est ce mardi, est \u00e9tendue \u00e0 mercredi, annonce&hellip;\n","protected":false},"author":2,"featured_media":313211,"comment_status":"","ping_status":"","sticky":false,"template":"","format":"standard","meta":{"footnotes":""},"categories":[4],"tags":[11,6698,1011,27,12,25],"class_list":{"0":"post-313210","1":"post","2":"type-post","3":"status-publish","4":"format-standard","5":"has-post-thumbnail","7":"category-france","8":"tag-actualites","9":"tag-canicule","10":"tag-fr","11":"tag-france","12":"tag-news","13":"tag-republique-francaise"},"share_on_mastodon":{"url":"https:\/\/pubeurope.com\/@fr\/115014131003660764","error":""},"_links":{"self":[{"href":"https:\/\/www.europesays.com\/fr\/wp-json\/wp\/v2\/posts\/313210","targetHints":{"allow":["GET"]}}],"collection":[{"href":"https:\/\/www.europesays.com\/fr\/wp-json\/wp\/v2\/posts"}],"about":[{"href":"https:\/\/www.europesays.com\/fr\/wp-json\/wp\/v2\/types\/post"}],"author":[{"embeddable":true,"href":"https:\/\/www.europesays.com\/fr\/wp-json\/wp\/v2\/users\/2"}],"replies":[{"embeddable":true,"href":"https:\/\/www.europesays.com\/fr\/wp-json\/wp\/v2\/comments?post=313210"}],"version-history":[{"count":0,"href":"https:\/\/www.europesays.com\/fr\/wp-json\/wp\/v2\/posts\/313210\/revisions"}],"wp:featuredmedia":[{"embeddable":true,"href":"https:\/\/www.europesays.com\/fr\/wp-json\/wp\/v2\/media\/313211"}],"wp:attachment":[{"href":"https:\/\/www.europesays.com\/fr\/wp-json\/wp\/v2\/media?parent=313210"}],"wp:term":[{"taxonomy":"category","embeddable":true,"href":"https:\/\/www.europesays.com\/fr\/wp-json\/wp\/v2\/categories?post=313210"},{"taxonomy":"post_tag","embeddable":true,"href":"https:\/\/www.europesays.com\/fr\/wp-json\/wp\/v2\/tags?post=313210"}],"curies":[{"name":"wp","href":"https:\/\/api.w.org\/{rel}","templated":true}]}}