{"id":313217,"date":"2025-08-12T05:30:13","date_gmt":"2025-08-12T05:30:13","guid":{"rendered":"https:\/\/www.europesays.com\/fr\/313217\/"},"modified":"2025-08-12T05:30:13","modified_gmt":"2025-08-12T05:30:13","slug":"top-14-saga-toulon-il-faut-desormais-durer-toulon-veut-perenniser-ses-bons-resultats","status":"publish","type":"post","link":"https:\/\/www.europesays.com\/fr\/313217\/","title":{"rendered":"Top 14 \u2013 Saga Toulon. \u00ab\u00a0Il faut d\u00e9sormais durer\u00a0\u00bb\u00a0: Toulon veut p\u00e9renniser ses bons r\u00e9sultats"},"content":{"rendered":"<p>\n                Jusqu\u2019au 6\u00a0septembre, date de reprise du Top 14, Midi Olympique vous propose un tour d\u2019horizon des clubs professionnels engag\u00e9s dans l\u2019\u00e9lite. L\u2019analyse de l\u2019effectif, les \u00e9volutions et les ambitions pour la saison \u00e0 venir, l\u2019interview, le portrait de la recrue phare\u2026 Pour ne rien rater avant la reprise\u00a0! Aujourd\u2019hui, zoom sur Toulon, demi-finaliste du dernier championnat, qui mise sur la continuit\u00e9 pour parvenir \u00e0 ses ambitions \u00e9lev\u00e9es.\n            <\/p>\n<p>Demi-finaliste de la derni\u00e8re \u00e9dition du Top 14 et \u00e9limin\u00e9 par Toulouse en Champions Cup, Toulon sort d\u2019une saison satisfaisante sur le plan sportif. Une volont\u00e9 de continuit\u00e9 transpire \u00e9videmment dans les rangs varois, qui ont effectu\u00e9 un recrutement int\u00e9ressant, comme Zach Mercer ou Juan Ignacio Brex, accompagn\u00e9 d\u2019un \u00ab\u00a0d\u00e9graissage\u00a0\u00bb de son effectif. Pour faire face, les jeunes prospects auront leurs chances.<\/p>\n<ul>\n<li><strong>Les arriv\u00e9es et d\u00e9parts<\/strong><\/li>\n<\/ul>\n<p><strong>Arriv\u00e9es<\/strong>\u00a0: Nikoloz Narmania (pilier, Biarritz), Zach Mercer (troisi\u00e8me ligne, Gloucester), Patrick Tuifua (troisi\u00e8me ligne, Hawke\u2019s Bay), Clovis Le Bail (demi de m\u00eal\u00e9e, Racing 92), Mateo Garcia (ouvreur, Union Bordeaux-B\u00e8gles), Ignacio Brex (centre, Tr\u00e9vise), Mathis Fert\u00e9 (arri\u00e8re, Brive).<\/p>\n<p><strong>D\u00e9parts<\/strong>\u00a0: Emerick Setiano (pilier, Bayonne), Matteo Le Corvec (troisi\u00e8me ligne, Perpignan), Facundo Isa (troisi\u00e8me ligne, Pau), Selevasio Tolofua (troisi\u00e8me ligne, Clermont), Jules Danglot (demi de m\u00eal\u00e9e, Colomiers), Duncan Paia\u2019aua (centre, Perpignan), Leicester Fainga\u2019anuku (centre, Crusaders), Jiuta Wainiqolo (ailier, Lyon), Davit Mchedlidze (pilier, pr\u00eat Nevers), Dan Biggar (ouvreur, retraite).<\/p>\n<ul>\n<li><strong>Le joueur \u00e0 suivre\u00a0: <\/strong><strong>Cowie, le talent\u00a0<\/strong><strong>n\u2019a pas d\u2019\u00e2ge<\/strong><\/li>\n<\/ul>\n<p>Poste\u00a0: centre.<\/p>\n<p>N\u00e9 le\u00a0: 17\u00a0juin 2005<\/p>\n<p>Taille\u00a0: 1,95\u00a0m\u00a0; Poids\u00a0: 95\u00a0kg<\/p>\n<p>Lors de la pr\u00e9sentation de l\u2019effectif, le directeur sportif Laurent Emmanuelli, accompagn\u00e9 de Pierre Mignoni, a assum\u00e9 le fait de ne pas avoir \u00ab\u00a0remplac\u00e9 num\u00e9riquement\u00a0\u00bb tous les partants. Au centre du terrain, le successeur de Duncan Paia\u2019aua vient de la p\u00e9pini\u00e8re et il porte une identit\u00e9 teint\u00e9e de son h\u00e9ritage britannique\u00a0: Oliver Cowie. \u00ab\u00a0\u00c7a fait partie du plan, on veut faire de la place pour nos jeunes\u00a0\u00bb, a insist\u00e9 l\u2019ancien pilier gauche. Chez les espoirs de C\u00e9dric B\u00e9al, vice-champions de France l\u2019an pass\u00e9, il y a plus que des promesses. \u00c0 coup s\u00fbr, l\u2019international moins de 20 ans est tout en haut de cette liste. Couv\u00e9 par les a\u00een\u00e9s dont Mathieu Bastareaud, qui n\u2019a pas h\u00e9sit\u00e9 \u00e0 le comparer avec pudeur avec \u00ab\u00a0Owen Farrell\u00a0\u00bb lorsqu\u2019il l\u2019a eu sous ses ordres en Crabos, le franco-anglais a fait un festin des premi\u00e8res miettes donn\u00e9es par Pierre Mignoni. \u00c0 Castres, pour sa premi\u00e8re titularisation, il avait impressionn\u00e9 par son calme, son sens du jeu, et sa facult\u00e9 \u00e0 r\u00e9pondre physiquement aux exigences du Top 14. Il avait bluff\u00e9 les observateurs, mais pas ses partenaires qui l\u2019ont vu grandir au fil des derniers mois. D\u00e9termin\u00e9, le natif de Gassin, confiant de ses capacit\u00e9s, avait ainsi valid\u00e9 un choix assum\u00e9 et os\u00e9. Avec respect, il avait d\u00e9clin\u00e9 une proposition de pr\u00eat de B\u00e9ziers, en cours d\u2019exercice, pour essayer de glaner ses premi\u00e8res minutes avec le maillot frapp\u00e9 du muguet. Pari gagn\u00e9\u00a0! Durant cette intersaison, Toulon n\u2019a pas ouvert la porte aux propositions, preuve s\u2019il en fallait que les d\u00e9cideurs sont persuad\u00e9s qu\u2019il est en capacit\u00e9 de se faire une place parmi le groupe professionnel.<\/p>\n<p><strong>Pr\u00e9sident de la SASP<\/strong>\u00a0: Bernard Lema\u00eetre<\/p>\n<p><strong>Directrice g\u00e9n\u00e9rale<\/strong>\u00a0: Jessica Casanova<\/p>\n<p><strong>Directeur du centre de formation<\/strong>\u00a0: C\u00e9dric B\u00e9al<\/p>\n<p><strong>Directeur administratif et juridique<\/strong>\u00a0: C\u00e9dric Rouhaud<\/p>\n<p><strong>Pr\u00e9sidents de l\u2019association<\/strong>\u00a0: Olivier Rouard, Patrice Blach\u00e8re<\/p>\n<p><strong>Secr\u00e9taire g\u00e9n\u00e9ral de l\u2019association<\/strong>\u00a0: Michel Miquelis<\/p>\n<p><strong>Tr\u00e9sorier de l\u2019association<\/strong>\u00a0: Bruno Naud<\/p>\n<p><strong>Principaux partenaires<\/strong>\u00a0: Caisse d\u2019\u00c9pargne, Hyundai, Pizzorno Environnement, Uniti, Yack, Nike, Adecco, la Ville de Toulon, la M\u00e9tropole TPM, le Conseil D\u00e9partemental du Var, la R\u00e9gion Sud<\/p>\n<p><strong>\u00c9quipementier<\/strong>\u00a0: Nike<\/p>\n<p><strong>Contrats professionnels<\/strong>\u00a0: 35<\/p>\n<p><strong>Directeur sportif<\/strong>\u00a0: Laurent Emmanuelli<\/p>\n<p><strong>Directeur de rugby<\/strong>\u00a0: Pierre Mignoni<\/p>\n<p><strong>Entra\u00eeneurs<\/strong>\u00a0: Maxime Petitjean (responsable jeu au pied), Sergio Parisse (touche), Andrea Masi (trois-quarts), \u00c9ric Dasalmartini (m\u00eal\u00e9e)<\/p>\n<p><strong>Consultants<\/strong>\u00a0: Pierre Dantin (haute performance), Richie Gray (contacts)<\/p>\n<p><strong>Pr\u00e9parateurs physiques<\/strong>\u00a0: S\u00e9bastien Bourdin, Anthony Couderc, Gilles Allou, C\u00e9dric Vivant, Jean-Baptiste Bouesse<\/p>\n<p><strong>Assistants vid\u00e9o<\/strong>\u00a0: Anthony Anno, David Fraisse<\/p>\n<p><strong>Coordinateur sportif\u00a0<\/strong>: Mathieu Bastareaud<\/p>\n<p><strong>Intendants<\/strong>\u00a0: Thomas Ollivier, Luc Van Wassenhove<\/p>\n<p><strong>M\u00e9decins<\/strong>\u00a0: Didier Demory, Nicolas Robin<\/p>\n<p><strong>Kin\u00e9s<\/strong>\u00a0: Sandrine Agricole, Romain Gautier, St\u00e9phane Santiago<\/p>\n<p><strong>Ost\u00e9opathes<\/strong>\u00a0: Jean-Pierre Darnaud, J\u00e9r\u00f4me Valero<\/p>\n","protected":false},"excerpt":{"rendered":"Jusqu\u2019au 6\u00a0septembre, date de reprise du Top 14, Midi Olympique vous propose un tour d\u2019horizon des clubs professionnels&hellip;\n","protected":false},"author":2,"featured_media":313218,"comment_status":"","ping_status":"","sticky":false,"template":"","format":"standard","meta":{"footnotes":""},"categories":[9619],"tags":[1111,11,1777,674,1011,27,12,882,25,2310],"class_list":{"0":"post-313217","1":"post","2":"type-post","3":"status-publish","4":"format-standard","5":"has-post-thumbnail","7":"category-toulon","8":"tag-actu","9":"tag-actualites","10":"tag-eu","11":"tag-europe","12":"tag-fr","13":"tag-france","14":"tag-news","15":"tag-provence-alpes-cote-dazur","16":"tag-republique-francaise","17":"tag-toulon"},"share_on_mastodon":{"url":"https:\/\/pubeurope.com\/@fr\/115014154514325179","error":""},"_links":{"self":[{"href":"https:\/\/www.europesays.com\/fr\/wp-json\/wp\/v2\/posts\/313217","targetHints":{"allow":["GET"]}}],"collection":[{"href":"https:\/\/www.europesays.com\/fr\/wp-json\/wp\/v2\/posts"}],"about":[{"href":"https:\/\/www.europesays.com\/fr\/wp-json\/wp\/v2\/types\/post"}],"author":[{"embeddable":true,"href":"https:\/\/www.europesays.com\/fr\/wp-json\/wp\/v2\/users\/2"}],"replies":[{"embeddable":true,"href":"https:\/\/www.europesays.com\/fr\/wp-json\/wp\/v2\/comments?post=313217"}],"version-history":[{"count":0,"href":"https:\/\/www.europesays.com\/fr\/wp-json\/wp\/v2\/posts\/313217\/revisions"}],"wp:featuredmedia":[{"embeddable":true,"href":"https:\/\/www.europesays.com\/fr\/wp-json\/wp\/v2\/media\/313218"}],"wp:attachment":[{"href":"https:\/\/www.europesays.com\/fr\/wp-json\/wp\/v2\/media?parent=313217"}],"wp:term":[{"taxonomy":"category","embeddable":true,"href":"https:\/\/www.europesays.com\/fr\/wp-json\/wp\/v2\/categories?post=313217"},{"taxonomy":"post_tag","embeddable":true,"href":"https:\/\/www.europesays.com\/fr\/wp-json\/wp\/v2\/tags?post=313217"}],"curies":[{"name":"wp","href":"https:\/\/api.w.org\/{rel}","templated":true}]}}