{"id":313219,"date":"2025-08-12T05:31:14","date_gmt":"2025-08-12T05:31:14","guid":{"rendered":"https:\/\/www.europesays.com\/fr\/313219\/"},"modified":"2025-08-12T05:31:14","modified_gmt":"2025-08-12T05:31:14","slug":"top-14-saga-toulon-portrait-de-patrick-tuifua-un-joyau-du-bout-du-monde","status":"publish","type":"post","link":"https:\/\/www.europesays.com\/fr\/313219\/","title":{"rendered":"Top 14. Saga Toulon &#8211; Portrait de Patrick Tuifua, un joyau du bout du monde"},"content":{"rendered":"<p>\n                \u00c0 bient\u00f4t 21 ans, Patrick Tuifua a mis un terme \u00e0 son souhait de devenir All Black pour c\u00e9der \u00e0 la tentation du Top 14 et d\u2019un possible destin chez les Bleus. Un r\u00eave en chasse un autre dans son parcours hors norme.\n            <\/p>\n<p>Il est Fran\u00e7ais, mais vient bien de l\u2019autre c\u00f4t\u00e9 du globe, d\u2019un \u00ab\u00a0Caillou\u00a0\u00bb nomm\u00e9 Nouvelle-Cal\u00e9donie. Du Pacifique \u00e0 la M\u00e9diterran\u00e9e, la couleur de l\u2019eau change peu, mais le voyage est immense. Entretemps, Tuifua a v\u00e9cu plusieurs vies avec des s\u00e9lections chez les Bleuets, et un chemin d\u2019adolescent du c\u00f4t\u00e9 du Lindisfarne College en Nouvelle-Z\u00e9lande. L\u00e0-bas, au gr\u00e9 d\u2019un rep\u00e9rage et de l\u2019obtention d\u2019une bourse, il a song\u00e9 \u00e0 porter le maillot \u00e0 la foug\u00e8re. Tant de tractations et de choix corn\u00e9liens pour ce gamin timide, malgr\u00e9 ses 191 centim\u00e8tres et ses 115 kg.<\/p>\n<p>Pr\u00e9sent dans l\u2019effectif \u00e9largi des Hurricanes la saison pass\u00e9e, \u00ab\u00a0Pat\u00a0\u00bb, qui travaillait encore dans le b\u00e2timent en parall\u00e8le du rugby il y a quelques mois, a finalement \u00e9t\u00e9 attir\u00e9 par les sir\u00e8nes du Top 14 et de Toulon. La cour \u00e9tait assidue, puisque Toulouse et Cazalbou l\u2019ont accueilli en visite, tout comme La Rochelle. Paris et Montpellier ont aussi montr\u00e9 de l\u2019int\u00e9r\u00eat. Le choix s\u2019est tourn\u00e9, malgr\u00e9 une proposition de contrat des Canes, vers la premi\u00e8re entit\u00e9 qui lui a ouvert ses portes. En octobre 2023, dans le plus grand secret, le troisi\u00e8me ligne avait effectu\u00e9 un essai au RCT. \u00c0 l\u2019aise dans le rugby, ce passionn\u00e9 de p\u00e9tanque avait notamment impressionn\u00e9 ses h\u00f4tes lors d\u2019un exercice physique \u00e9valuant le rapport vitesse-puissance. Flash\u00e9 \u00e0 36 km\/h dans sa jeunesse, l\u2019int\u00e9ress\u00e9 s\u2019\u00e9tait install\u00e9 \u00e0 la deuxi\u00e8me place juste derri\u00e8re Waisea. Du jamais-vu pour un joueur de cet \u00e2ge.<\/p>\n<p><strong>Une acclimatation surveill\u00e9e de pr\u00e8s<\/strong><\/p>\n<p>Depuis, Toulon a gard\u00e9 le \u00ab\u00a0contact\u00a0\u00bb, dixit Emmanuelli. Le directeur sportif a fait le forcing pour ramener un profil d\u00e9crit comme \u00ab\u00a0unique\u00a0\u00bb par plusieurs acteurs : aucun autre jeune joueur, avant lui, n\u2019a \u00e9t\u00e9 dragu\u00e9 par les f\u00e9d\u00e9rations n\u00e9o-z\u00e9landaise et fran\u00e7aise. Bernard Lema\u00eetre, touch\u00e9 par sa personnalit\u00e9, a jou\u00e9 sur la corde sensible. \u00ab\u00a0Il lui fallait un climat confortable, avec sa famille. Il fallait un cocon pour faciliter son int\u00e9gration, car on ne joue pas uniquement avec du financier.\u00a0\u00bb<\/p>\n<p>Au-del\u00e0 d\u2019un mode de vie toulonnais semblable \u00e0 ce qu\u2019il a connu dans son enfance, Tuifua a ainsi rejoint un cousin \u00e9voluant dans les \u00e9quipes de jeunes du RCT et une s\u0153ur travaillant dans la r\u00e9gion. Elle a d\u2019ailleurs r\u00e9cemment emm\u00e9nag\u00e9 avec lui, \u00e0 La Valette-du-Var, pour lui faciliter sa vie en m\u00e9tropole. \u00ab\u00a0Pour l\u2019instant, c\u2019est un peu le personnage d\u2019un Indien dans la ville, image un proche du joueur. Il apprend les codes. Patrick est un gar\u00e7on tranquille, loin des r\u00e9seaux sociaux, qui vit son arriv\u00e9e avec d\u00e9tachement, mais avec la volont\u00e9 de s\u2019imposer.\u00a0\u00bb \u00c0 Toulon d\u2019abord, mais celui qui est couv\u00e9 par Ma\u2019a Nonu ne cache pas, en priv\u00e9, qu\u2019il ambitionne rapidement un avenir sous le drapeau bleu, blanc et rouge.<\/p>\n","protected":false},"excerpt":{"rendered":"\u00c0 bient\u00f4t 21 ans, Patrick Tuifua a mis un terme \u00e0 son souhait de devenir All Black pour&hellip;\n","protected":false},"author":2,"featured_media":313220,"comment_status":"","ping_status":"","sticky":false,"template":"","format":"standard","meta":{"footnotes":""},"categories":[9619],"tags":[1111,11,1777,674,1011,27,12,882,25,2310],"class_list":{"0":"post-313219","1":"post","2":"type-post","3":"status-publish","4":"format-standard","5":"has-post-thumbnail","7":"category-toulon","8":"tag-actu","9":"tag-actualites","10":"tag-eu","11":"tag-europe","12":"tag-fr","13":"tag-france","14":"tag-news","15":"tag-provence-alpes-cote-dazur","16":"tag-republique-francaise","17":"tag-toulon"},"share_on_mastodon":{"url":"https:\/\/pubeurope.com\/@fr\/115014158487502230","error":""},"_links":{"self":[{"href":"https:\/\/www.europesays.com\/fr\/wp-json\/wp\/v2\/posts\/313219","targetHints":{"allow":["GET"]}}],"collection":[{"href":"https:\/\/www.europesays.com\/fr\/wp-json\/wp\/v2\/posts"}],"about":[{"href":"https:\/\/www.europesays.com\/fr\/wp-json\/wp\/v2\/types\/post"}],"author":[{"embeddable":true,"href":"https:\/\/www.europesays.com\/fr\/wp-json\/wp\/v2\/users\/2"}],"replies":[{"embeddable":true,"href":"https:\/\/www.europesays.com\/fr\/wp-json\/wp\/v2\/comments?post=313219"}],"version-history":[{"count":0,"href":"https:\/\/www.europesays.com\/fr\/wp-json\/wp\/v2\/posts\/313219\/revisions"}],"wp:featuredmedia":[{"embeddable":true,"href":"https:\/\/www.europesays.com\/fr\/wp-json\/wp\/v2\/media\/313220"}],"wp:attachment":[{"href":"https:\/\/www.europesays.com\/fr\/wp-json\/wp\/v2\/media?parent=313219"}],"wp:term":[{"taxonomy":"category","embeddable":true,"href":"https:\/\/www.europesays.com\/fr\/wp-json\/wp\/v2\/categories?post=313219"},{"taxonomy":"post_tag","embeddable":true,"href":"https:\/\/www.europesays.com\/fr\/wp-json\/wp\/v2\/tags?post=313219"}],"curies":[{"name":"wp","href":"https:\/\/api.w.org\/{rel}","templated":true}]}}