{"id":313242,"date":"2025-08-12T05:47:17","date_gmt":"2025-08-12T05:47:17","guid":{"rendered":"https:\/\/www.europesays.com\/fr\/313242\/"},"modified":"2025-08-12T05:47:17","modified_gmt":"2025-08-12T05:47:17","slug":"des-batiments-historiques-du-centre-ville-bientot-transformes-en-logements-sociaux","status":"publish","type":"post","link":"https:\/\/www.europesays.com\/fr\/313242\/","title":{"rendered":"des b\u00e2timents historiques du centre-ville bient\u00f4t transform\u00e9s en logements sociaux"},"content":{"rendered":"<p>Pr\u00e8s de la cath\u00e9drale, l\u2019ancien Cr\u00e9dit Municipal accueillera d\u2019ici quelques ann\u00e9es une trentaine d\u2019habitations \u00e0 prix mod\u00e9r\u00e9.<\/p>\n<p class=\"fig-paragraph\">De nouveaux\u00a0<a href=\"http:\/\/www.lefigaro.fr\/nantes\/a-nantes-une-famille-impliquee-dans-le-trafic-de-drogue-expulsee-d-un-logement-social-20240704\" target=\"_blank\" data-fig-type=\"NewsFlash\" rel=\"noopener nofollow\" data-gtm-custom-categorie=\"navigation\" data-gtm-custom-action=\"crossclick\" data-gtm-custom-label=\"Contextuel\" data-gtm-event=\"customEventSPE\" data-fig-domain=\"LEFIGARO\">logements sociaux<\/a>\u00a0vont bient\u00f4t voir le jour dans des b\u00e2timents historiques du centre-ville de la\u00a0<a href=\"https:\/\/www.lefigaro.fr\/arts-expositions\/a-nantes-un-temple-de-la-curiosite-pour-la-cite-des-ducs-20240517\" target=\"_blank\" data-fig-type=\"Article\" rel=\"noopener nofollow\" data-gtm-custom-categorie=\"navigation\" data-gtm-custom-action=\"crossclick\" data-gtm-custom-label=\"Contextuel\" data-gtm-event=\"customEventSPE\" data-fig-domain=\"LEFIGARO\">cit\u00e9 des Ducs<\/a>, non loin de la\u00a0<a href=\"http:\/\/www.lefigaro.fr\/nantes\/des-ornements-qui-pourront-resservir-ces-vetements-liturgiques-en-preparation-pour-la-reouverture-de-la-cathedrale-de-nantes-20250713\" target=\"_blank\" data-fig-type=\"NewsFlash\" rel=\"noopener nofollow\" data-gtm-custom-categorie=\"navigation\" data-gtm-custom-action=\"crossclick\" data-gtm-custom-label=\"Contextuel\" data-gtm-event=\"customEventSPE\" data-fig-domain=\"LEFIGARO\">cath\u00e9drale<\/a>. \u00c0 proximit\u00e9 imm\u00e9diate de l\u2019h\u00f4tel de ville, les locaux de l\u2019ancien\u00a0<a href=\"http:\/\/www.lefigaro.fr\/industrie-mode\/au-credit-municipal-de-paris-on-prete-aussi-aux-riches-20240204\" target=\"_blank\" data-fig-type=\"Article\" rel=\"noopener nofollow\" data-gtm-custom-categorie=\"navigation\" data-gtm-custom-action=\"crossclick\" data-gtm-custom-label=\"Contextuel\" data-gtm-event=\"customEventSPE\" data-fig-domain=\"LEFIGARO\">Cr\u00e9dit Municipal<\/a>\u00a0de Nantes sont actuellement occup\u00e9s par l\u2019office municipal des sports et un p\u00f4le administratif. D\u2019abord pens\u00e9s pour accueillir des bureaux, ces locaux datant de 1894 et 1931 vont finalement servir \u00e0\u00a0<a href=\"https:\/\/immobilier.lefigaro.fr\/article\/des-centaines-de-logements-hlm-sont-vendus-chaque-annee-et-tout-le-monde-peut-y-pretendre-20250720\/\" target=\"_blank\" data-fig-type=\"Article\" rel=\"noopener nofollow\" data-gtm-custom-categorie=\"navigation\" data-gtm-custom-action=\"crossclick\" data-gtm-custom-label=\"Contextuel\" data-gtm-event=\"customEventSPE\" data-fig-domain=\"IMMOBILIER\">loger des populations<\/a>\u00a0\u00e0 un prix mod\u00e9r\u00e9.<\/p>\n<p class=\"fig-paragraph\">\u00abLa Ville de Nantes et Nantes-M\u00e9tropole portent l\u2019ambition de permettre \u00e0 chacune et \u00e0 chacun de vivre dignement dans la m\u00e9tropole, \u00e0 un prix accessible et de pouvoir s\u2019y loger, dans le contexte\u00a0<a href=\"http:\/\/www.lefigaro.fr\/conjoncture\/le-logement-s-enfonce-dans-la-crise-et-le-gouvernement-ne-fait-rien-accuse-un-rapport-20250203\" target=\"_blank\" data-fig-type=\"NewsFlash\" rel=\"noopener nofollow\" data-gtm-custom-categorie=\"navigation\" data-gtm-custom-action=\"crossclick\" data-gtm-custom-label=\"Contextuel\" data-gtm-event=\"customEventSPE\" data-fig-domain=\"LEFIGARO\">d\u2019une crise du logement<\/a> \u00a0sans pr\u00e9c\u00e9dent que subit notre territoire, comme toutes les m\u00e9tropoles et villes de France\u00bb, confirme succinctement le service presse de la mairie, sollicit\u00e9 par Le Figaro, apr\u00e8s une information r\u00e9v\u00e9l\u00e9e par\u00a0<a href=\"https:\/\/www.ouest-france.fr\/economie\/immobilier\/de-nouveaux-logements-sociaux-en-plein-cur-de-nantes-ba658bb2-72ab-11f0-992a-f96a4802076a\" target=\"_blank\" rel=\"noopener nofollow\" data-gtm-custom-categorie=\"navigation\" data-gtm-custom-action=\"crossclick\" data-gtm-custom-label=\"Contextuel\" data-gtm-event=\"customEventSPE\">Ouest France<\/a> .<\/p>\n<p>                                    <a class=\"fig-a11y-skip a11y-hidden\" href=\"#fig-a11y-skip-main-inarticle\"><br \/>\n        Passer la publicit\u00e9<br \/>\n    <\/a><\/p>\n<p>32 logements<\/p>\n<p class=\"fig-paragraph\">En 2023, la municipalit\u00e9, qui a vocation \u00e0 rester propri\u00e9taire des biens, a lanc\u00e9 une consultation aupr\u00e8s des bailleurs. Un an plus tard,\u00a0<a href=\"http:\/\/www.lefigaro.fr\/nantes\/nantes-pour-reconquerir-le-38-rue-watteau-mine-par-le-trafic-le-hall-d-entree-va-etre-deplace-20250418\" target=\"_blank\" data-fig-type=\"NewsFlash\" rel=\"noopener nofollow\" data-gtm-custom-categorie=\"navigation\" data-gtm-custom-action=\"crossclick\" data-gtm-custom-label=\"Contextuel\" data-gtm-event=\"customEventSPE\" data-fig-domain=\"LEFIGARO\">Nantes-M\u00e9tropole Habitat<\/a>\u00a0(NMH) a remport\u00e9 l\u2019offre. Actuellement en train de s\u00e9lectionner un architecte et un ma\u00eetre d\u2019\u0153uvre dans le cadre de march\u00e9s publics, l\u2019acteur laur\u00e9at ne souhaite pas s\u2019exprimer pour le moment. Plus d\u2019informations seront communiqu\u00e9es \u00e0 la fin de l\u2019ann\u00e9e, date \u00e0 laquelle un permis de construire devait \u00eatre d\u00e9pos\u00e9.<\/p>\n<p class=\"fig-paragraph\">En attendant, quelques \u00e9l\u00e9ments ont tout de m\u00eame \u00e9t\u00e9 d\u00e9voil\u00e9s apr\u00e8s une r\u00e9union du conseil d\u2019administration de NMH en septembre 2024. La d\u00e9lib\u00e9ration relative \u00e0 ce bureau stipule la construction de 32 logements. Le plan de financement pr\u00e9visionnel est chiffr\u00e9 \u00e0 12,3 millions d\u2019euros, comprenant une subvention de 66.000 euros de l\u2019\u00c9tat et de 90.000 euros de Nantes-M\u00e9tropole.<\/p>\n<p>B\u00e2ti prot\u00e9g\u00e9<\/p>\n<p class=\"fig-paragraph\">\u00abSitu\u00e9 au c\u0153ur du centre-ville de Nantes, \u00e0 proximit\u00e9 imm\u00e9diate de l\u2019h\u00f4tel de Ville, l\u2019ancien Cr\u00e9dit Municipal de Nantes est un b\u00e2ti prot\u00e9g\u00e9 au titre du Plan de Sauvegarde et de Mise en Valeur\u00bb, souligne NMH, signifiant que l\u2019am\u00e9nagement est soumis \u00e0 des r\u00e8gles particuli\u00e8res. \u00abLa protection concerne principalement le clos couvert. L\u2019int\u00e9rieur des b\u00e2timents, ayant fait l\u2019objet de divers r\u00e9am\u00e9nagements, n\u2019est pas concern\u00e9 \u00e0 l\u2019exception de quelques \u00e9l\u00e9ments remarquables (escalier h\u00e9lico\u00efdal, serrurerie etc.).\u00bb<\/p>\n<p class=\"fig-paragraph\">Par ailleurs, \u00ables fa\u00e7ades donnant directement sur les rues de Strasbourg, G\u00e9n\u00e9ral Leclerc de Hautecloque et Saint-Vincent doivent \u00eatre r\u00e9habilit\u00e9es et conserv\u00e9es au titre de leur qualit\u00e9 patrimoniale. L\u2019immeuble central n\u2019est quant \u00e0 lui soumis \u00e0 aucune protection\u00bb, est-il pr\u00e9cis\u00e9 \u00e0 propos de cette op\u00e9ration ambitieuse. \u00abL\u2019objectif est de r\u00e9habiliter un patrimoine remarquable et m\u00e9moriel du patrimoine social de Nantes, tout en proposant une nouvelle offre de logement social \u00e0 destination de familles en plein c\u0153ur de Nantes\u00bb. D\u2019apr\u00e8s le calendrier, les travaux pourraient commencer au second trimestre 2026, pour une livraison en 2028-2029. Comme pour chaque chantier, ces donn\u00e9es pr\u00e9visionnelles pourront \u00eatre amen\u00e9es \u00e0 \u00e9voluer.<\/p>\n","protected":false},"excerpt":{"rendered":"Pr\u00e8s de la cath\u00e9drale, l\u2019ancien Cr\u00e9dit Municipal accueillera d\u2019ici quelques ann\u00e9es une trentaine d\u2019habitations \u00e0 prix mod\u00e9r\u00e9. De&hellip;\n","protected":false},"author":2,"featured_media":313243,"comment_status":"","ping_status":"","sticky":false,"template":"","format":"standard","meta":{"footnotes":""},"categories":[2818],"tags":[1111,11,1777,674,1011,27,766,12,2551,2636,25,1352],"class_list":{"0":"post-313242","1":"post","2":"type-post","3":"status-publish","4":"format-standard","5":"has-post-thumbnail","7":"category-nantes","8":"tag-actu","9":"tag-actualites","10":"tag-eu","11":"tag-europe","12":"tag-fr","13":"tag-france","14":"tag-nantes","15":"tag-news","16":"tag-patrimoine","17":"tag-pays-de-la-loire","18":"tag-republique-francaise","19":"tag-urbanisme"},"share_on_mastodon":{"url":"https:\/\/pubeurope.com\/@fr\/115014221353874124","error":""},"_links":{"self":[{"href":"https:\/\/www.europesays.com\/fr\/wp-json\/wp\/v2\/posts\/313242","targetHints":{"allow":["GET"]}}],"collection":[{"href":"https:\/\/www.europesays.com\/fr\/wp-json\/wp\/v2\/posts"}],"about":[{"href":"https:\/\/www.europesays.com\/fr\/wp-json\/wp\/v2\/types\/post"}],"author":[{"embeddable":true,"href":"https:\/\/www.europesays.com\/fr\/wp-json\/wp\/v2\/users\/2"}],"replies":[{"embeddable":true,"href":"https:\/\/www.europesays.com\/fr\/wp-json\/wp\/v2\/comments?post=313242"}],"version-history":[{"count":0,"href":"https:\/\/www.europesays.com\/fr\/wp-json\/wp\/v2\/posts\/313242\/revisions"}],"wp:featuredmedia":[{"embeddable":true,"href":"https:\/\/www.europesays.com\/fr\/wp-json\/wp\/v2\/media\/313243"}],"wp:attachment":[{"href":"https:\/\/www.europesays.com\/fr\/wp-json\/wp\/v2\/media?parent=313242"}],"wp:term":[{"taxonomy":"category","embeddable":true,"href":"https:\/\/www.europesays.com\/fr\/wp-json\/wp\/v2\/categories?post=313242"},{"taxonomy":"post_tag","embeddable":true,"href":"https:\/\/www.europesays.com\/fr\/wp-json\/wp\/v2\/tags?post=313242"}],"curies":[{"name":"wp","href":"https:\/\/api.w.org\/{rel}","templated":true}]}}