{"id":313257,"date":"2025-08-12T05:56:13","date_gmt":"2025-08-12T05:56:13","guid":{"rendered":"https:\/\/www.europesays.com\/fr\/313257\/"},"modified":"2025-08-12T05:56:13","modified_gmt":"2025-08-12T05:56:13","slug":"canicule-a-lyon-pourquoi-ces-piscines-municipales-lyonnaises-sont-contraintes-de-fermer","status":"publish","type":"post","link":"https:\/\/www.europesays.com\/fr\/313257\/","title":{"rendered":"Canicule \u00e0 Lyon. Pourquoi ces piscines municipales lyonnaises sont contraintes de fermer"},"content":{"rendered":"<p>            Par<br \/>\n        <strong><br \/>\n            <a href=\"https:\/\/actu.fr\/auteur\/emma-ressegaire\" title=\"Consulter tous les articles de Emma Ressegaire\" target=\"_blank\" rel=\"noopener\">Emma Ressegaire<\/a><br \/>\n        <\/strong><\/p>\n<p>        Publi\u00e9 le<\/p>\n<p>            12 ao\u00fbt 2025 \u00e0 6h04        <\/p>\n<p>Avec ces <a href=\"https:\/\/actu.fr\/meteo\/canicule-le-rhone-et-lyon-basculent-en-vigilance-rouge-mardi-plus-de-41-c-annonces_63023196.html\" target=\"_blank\" rel=\"noopener\">temp\u00e9ratures caniculaires \u00e0 Lyon<\/a>, pr\u00e8s de 40 \u00b0C, rien de mieux que de se rafra\u00eechir \u00e0 la piscine. Alors que la plupart des piscines municipales de la ville sont ouvertes, deux ont \u00e9t\u00e9 contraintes de fermer leurs portes quelques jours en haute saison\u2026 La raison ? <strong>Un manque de ma\u00eetres-nageurs<\/strong>.<\/p>\n<p class=\" wall-content\">C\u2019est le cas de la <strong>piscine municipale Jean-Mermoz<\/strong>, situ\u00e9e dans le 8e arrondissement de <a href=\"https:\/\/actu.fr\/auvergne-rhone-alpes\/lyon_69123\" target=\"_blank\" rel=\"noopener\">Lyon<\/a>. Les portes seront closes les mercredis 20 et 27 ao\u00fbt 2025. C\u2019est \u00e9galement le cas de la <strong>piscine municipale de La Duch\u00e8re<\/strong>, situ\u00e9e dans le 9e arrondissement, qui ne pourra pas accueillir de baigneurs\u00a0les jeudis 7, 14, 21 et 28 ao\u00fbt 2025.<\/p>\n<p>Un manque de personnes qualifi\u00e9es<\/p>\n<p class=\" wall-content\">Malheureusement, chaque ann\u00e9e, <strong>c\u2019est le m\u00eame constat<\/strong>. En effet, chaque \u00e9t\u00e9, selon la F\u00e9d\u00e9ration des ma\u00eetres-nageurs sauveteurs (FFMNS) il manque en France entre <strong>5 000 \u00e0 6 000 personnes qualifi\u00e9es<\/strong> pour surveiller les bassins.<\/p>\n<p class=\" wall-content\">Une situation qui nuit au bon fonctionnement des \u00e9quipements.\u00a0<\/p>\n<p class=\" wall-content\">Suivez toute l\u2019actualit\u00e9 de vos villes et m\u00e9dias favoris en vous inscrivant \u00e0 <a href=\"https:\/\/moncompte.actu.fr\" title=\"D\u00e9couvez Mon Actu\" rel=\"nofollow noopener\" data-trk=\"{&quot;cta&quot;:{&quot;action&quot;:&quot;https:\\\/\\\/moncompte.actu.fr&quot;,&quot;category&quot;:&quot;mon compte&quot;,&quot;from&quot;:&quot;article footer&quot;,&quot;name&quot;:&quot;Mon actu&quot;,&quot;type&quot;:&quot;cta&quot;}}\" target=\"_blank\">Mon Actu<\/a>.<\/p>\n","protected":false},"excerpt":{"rendered":"Par Emma Ressegaire Publi\u00e9 le 12 ao\u00fbt 2025 \u00e0 6h04 Avec ces temp\u00e9ratures caniculaires \u00e0 Lyon, pr\u00e8s de&hellip;\n","protected":false},"author":2,"featured_media":227314,"comment_status":"","ping_status":"","sticky":false,"template":"","format":"standard","meta":{"footnotes":""},"categories":[1889],"tags":[1111,11,2430,6698,1777,674,1011,27,2428,12,25,104],"class_list":{"0":"post-313257","1":"post","2":"type-post","3":"status-publish","4":"format-standard","5":"has-post-thumbnail","7":"category-lyon","8":"tag-actu","9":"tag-actualites","10":"tag-auvergne-rhone-alpes","11":"tag-canicule","12":"tag-eu","13":"tag-europe","14":"tag-fr","15":"tag-france","16":"tag-lyon","17":"tag-news","18":"tag-republique-francaise","19":"tag-societe"},"share_on_mastodon":{"url":"https:\/\/pubeurope.com\/@fr\/115014256814746678","error":""},"_links":{"self":[{"href":"https:\/\/www.europesays.com\/fr\/wp-json\/wp\/v2\/posts\/313257","targetHints":{"allow":["GET"]}}],"collection":[{"href":"https:\/\/www.europesays.com\/fr\/wp-json\/wp\/v2\/posts"}],"about":[{"href":"https:\/\/www.europesays.com\/fr\/wp-json\/wp\/v2\/types\/post"}],"author":[{"embeddable":true,"href":"https:\/\/www.europesays.com\/fr\/wp-json\/wp\/v2\/users\/2"}],"replies":[{"embeddable":true,"href":"https:\/\/www.europesays.com\/fr\/wp-json\/wp\/v2\/comments?post=313257"}],"version-history":[{"count":0,"href":"https:\/\/www.europesays.com\/fr\/wp-json\/wp\/v2\/posts\/313257\/revisions"}],"wp:featuredmedia":[{"embeddable":true,"href":"https:\/\/www.europesays.com\/fr\/wp-json\/wp\/v2\/media\/227314"}],"wp:attachment":[{"href":"https:\/\/www.europesays.com\/fr\/wp-json\/wp\/v2\/media?parent=313257"}],"wp:term":[{"taxonomy":"category","embeddable":true,"href":"https:\/\/www.europesays.com\/fr\/wp-json\/wp\/v2\/categories?post=313257"},{"taxonomy":"post_tag","embeddable":true,"href":"https:\/\/www.europesays.com\/fr\/wp-json\/wp\/v2\/tags?post=313257"}],"curies":[{"name":"wp","href":"https:\/\/api.w.org\/{rel}","templated":true}]}}