{"id":313260,"date":"2025-08-12T06:01:14","date_gmt":"2025-08-12T06:01:14","guid":{"rendered":"https:\/\/www.europesays.com\/fr\/313260\/"},"modified":"2025-08-12T06:01:14","modified_gmt":"2025-08-12T06:01:14","slug":"des-fromages-vendus-par-les-magasins-u-et-lidl-font-lobjet-dun-rappel-pour-risque-de-listeria","status":"publish","type":"post","link":"https:\/\/www.europesays.com\/fr\/313260\/","title":{"rendered":"Des fromages vendus par les magasins U et Lidl font l&rsquo;objet d&rsquo;un rappel pour risque de listeria"},"content":{"rendered":"<p class=\"c-chapo \">\n  Ces produits ne doivent pas \u00eatre consomm\u00e9s. La listeria touche en particulier les personnes \u00e2g\u00e9es, les femmes enceintes et les nouveau-n\u00e9s.\n<\/p>\n<p>            lire plus tard<\/p>\n<p id=\"dialog__title\" class=\"dialog__title\">Pour sauvegarder cet article, connectez-vous ou cr\u00e9ez un compte franceinfo<\/p>\n<p class=\"dialog__description\">Sans paiement. Sans abonnement.<\/p>\n<p>        Fermer la fen\u00eatre d\u2019activation des notifications France Info<\/p>\n<p>            cr\u00e9er votre compte<\/p>\n<p>            se connecter<\/p>\n<p>        Fermer la fen\u00eatre de pr\u00e9sentation<\/p>\n<p>    <img loading=\"lazy\" decoding=\"async\" class=\"signature__image lazyload\" width=\"100\" height=\"100\" data- alt=\"\" src=\"https:\/\/www.europesays.com\/fr\/wp-content\/uploads\/2025\/05\/64a7df4c5fe71_placeholder-36b69ec8.png\"\/><\/p>\n<p>    Publi\u00e9 le 12\/08\/2025 07:12<\/p>\n<p>        Temps de lecture : 2min<\/p>\n<p>    <img decoding=\"async\"  alt=\"Une portion de camembert. (GERARD HOUIN \/ MAXPPP)\" width=\"432\" height=\"243\" src=\"https:\/\/www.europesays.com\/fr\/wp-content\/uploads\/2025\/08\/phpvLIHrT.jpg\" fetchpriority=\"high\"\/><\/p>\n<p>      Une portion de camembert. (GERARD HOUIN \/ MAXPPP)<\/p>\n<p>Camembert, coulommiers, ch\u00e8vre &#8230; Plusieurs lots de fromages vendus par les magasins U et Lidl dans toute la France font l&rsquo;objet d&rsquo;un rappel \u00e0 cause d&rsquo;un risque de contamination \u00e0 Listeria monocytogenes, la bact\u00e9rie responsable de la list\u00e9riose, signale depuis samedi 9 ao\u00fbt <a href=\"https:\/\/rappel.conso.gouv.fr\/categorie\/0\/1\" target=\"_blank\" rel=\"noopener nofollow\">le site gouvernemental Rappel conso<\/a>. Ces produits ne doivent pas \u00eatre consomm\u00e9s. Parmi les produits concern\u00e9s figurent la b\u00fbche de fromage de ch\u00e8vre camembert et le coulommiers de la marque \u00ab\u00a0Ch\u00eane d&rsquo;Argent\u00a0\u00bb, le fromage ovale \u00ab\u00a0Le Doucr\u00e9meux\u00a0\u00bb de la marque \u00ab\u00a0Ch\u00eane d&rsquo;Argent\u00a0\u00bb, le fromage pasteuris\u00e9 \u00ab\u00a0Le Carr\u00e9 23%\u00a0\u00bb, le camembert de la marque U.<\/p>\n<p>Les personnes qui ont consomm\u00e9 ces fromages et qui pr\u00e9sentent \u00ab\u00a0de la fi\u00e8vre, isol\u00e9e ou accompagn\u00e9e de maux de t\u00eate, et des courbatures, sont invit\u00e9es \u00e0 consulter leur m\u00e9decin traitant en lui signalant cette consommation\u00a0\u00bb, peut-on lire sur le site Rappel Conso.<\/p>\n<p>\u00ab\u00a0Des formes graves avec des complications neurologiques et des atteintes maternelles ou f\u0153tales chez la femme enceinte peuvent \u00e9galement parfois survenir. Les femmes enceintes ainsi que les personnes immunod\u00e9prim\u00e9es et les personnes \u00e2g\u00e9es doivent \u00eatre particuli\u00e8rement attentives \u00e0 ces sympt\u00f4mes. La list\u00e9riose est une maladie qui peut \u00eatre grave et dont le d\u00e9lai d&rsquo;incubation peut aller jusqu&rsquo;\u00e0 huit semaines\u00a0\u00bb, avertit le site gouvernemental.<\/p>\n<p>Les sympt\u00f4mes de la list\u00e9riose \u00ab\u00a0sont variables allant d&rsquo;une absence de signes cliniques, de diarrh\u00e9es mod\u00e9r\u00e9es ou de sympt\u00f4mes grippaux (fi\u00e8vre, courbatures, maux de t\u00eate&#8230;) jusqu&rsquo;\u00e0 des troubles neurologiques comme les m\u00e9ningites ou m\u00e9ningo-enc\u00e9phalites (forts maux de t\u00eate, fi\u00e8vre \u00e9lev\u00e9e, naus\u00e9es, vomissements, troubles du comportement\u2026)\u00a0\u00bb, explique le minist\u00e8re de l&rsquo;Agriculture et de la Souverainet\u00e9 alimentaire sur son site. La maladie touche en particulier les personnes \u00e2g\u00e9es, les femmes enceintes et les nouveau-n\u00e9s.<\/p>\n<p class=\"related-tags__title\" role=\"heading\" aria-level=\"2\">les mots-cl\u00e9s associ\u00e9s \u00e0 cet article\n    <\/p>\n","protected":false},"excerpt":{"rendered":"Ces produits ne doivent pas \u00eatre consomm\u00e9s. La listeria touche en particulier les personnes \u00e2g\u00e9es, les femmes enceintes&hellip;\n","protected":false},"author":2,"featured_media":313261,"comment_status":"","ping_status":"","sticky":false,"template":"","format":"standard","meta":{"footnotes":""},"categories":[1888],"tags":[1111,1928,11,1927,1777,674,1011,27,12,1926,626,1925,25],"class_list":{"0":"post-313260","1":"post","2":"type-post","3":"status-publish","4":"format-standard","5":"has-post-thumbnail","7":"category-paris","8":"tag-actu","9":"tag-actu-paris","10":"tag-actualites","11":"tag-actualites-paris","12":"tag-eu","13":"tag-europe","14":"tag-fr","15":"tag-france","16":"tag-news","17":"tag-news-paris","18":"tag-paris","19":"tag-paris-news","20":"tag-republique-francaise"},"share_on_mastodon":{"url":"https:\/\/pubeurope.com\/@fr\/115014276506539963","error":""},"_links":{"self":[{"href":"https:\/\/www.europesays.com\/fr\/wp-json\/wp\/v2\/posts\/313260","targetHints":{"allow":["GET"]}}],"collection":[{"href":"https:\/\/www.europesays.com\/fr\/wp-json\/wp\/v2\/posts"}],"about":[{"href":"https:\/\/www.europesays.com\/fr\/wp-json\/wp\/v2\/types\/post"}],"author":[{"embeddable":true,"href":"https:\/\/www.europesays.com\/fr\/wp-json\/wp\/v2\/users\/2"}],"replies":[{"embeddable":true,"href":"https:\/\/www.europesays.com\/fr\/wp-json\/wp\/v2\/comments?post=313260"}],"version-history":[{"count":0,"href":"https:\/\/www.europesays.com\/fr\/wp-json\/wp\/v2\/posts\/313260\/revisions"}],"wp:featuredmedia":[{"embeddable":true,"href":"https:\/\/www.europesays.com\/fr\/wp-json\/wp\/v2\/media\/313261"}],"wp:attachment":[{"href":"https:\/\/www.europesays.com\/fr\/wp-json\/wp\/v2\/media?parent=313260"}],"wp:term":[{"taxonomy":"category","embeddable":true,"href":"https:\/\/www.europesays.com\/fr\/wp-json\/wp\/v2\/categories?post=313260"},{"taxonomy":"post_tag","embeddable":true,"href":"https:\/\/www.europesays.com\/fr\/wp-json\/wp\/v2\/tags?post=313260"}],"curies":[{"name":"wp","href":"https:\/\/api.w.org\/{rel}","templated":true}]}}