{"id":313275,"date":"2025-08-12T06:09:09","date_gmt":"2025-08-12T06:09:09","guid":{"rendered":"https:\/\/www.europesays.com\/fr\/313275\/"},"modified":"2025-08-12T06:09:09","modified_gmt":"2025-08-12T06:09:09","slug":"sondage-une-majorite-dallemands-favorables-a-la-reconnaissance-de-letat-palestinien","status":"publish","type":"post","link":"https:\/\/www.europesays.com\/fr\/313275\/","title":{"rendered":"Sondage : Une Majorit\u00e9 D&rsquo;Allemands Favorables \u00c0 La Reconnaissance De L&rsquo;Etat Palestinien"},"content":{"rendered":"<p class=\"\" data-is=\"component-paragraph\">Un sondage r\u00e9alis\u00e9 en Allemagne r\u00e9v\u00e8le que plus de la moiti\u00e9 de la population est favorable \u00e0 la reconnaissance imm\u00e9diate de la Palestine par Berlin, contrastant avec la position officielle du gouvernement allemand. L&rsquo;enqu\u00eate de l&rsquo;institut Forsa, men\u00e9e fin juillet pour la revue de politique \u00e9trang\u00e8re \u00ab\u00a0Politique internationale\u00a0\u00bb, indique que 54% des 1 001 personnes interrog\u00e9es soutiennent cette reconnaissance, contre seulement 31% d&rsquo;opposants.<\/p>\n<p>Des clivages g\u00e9ographiques et g\u00e9n\u00e9rationnels<\/p>\n<p class=\"\" data-is=\"component-paragraph\">Les r\u00e9sultats r\u00e9v\u00e8lent des disparit\u00e9s significatives selon les r\u00e9gions et les tranches d&rsquo;\u00e2ge. L&rsquo;Allemagne de l&rsquo;Est affiche un soutien l\u00e9g\u00e8rement sup\u00e9rieur (59%) \u00e0 celui de l&rsquo;Ouest (53%). Les jeunes de 18 \u00e0 29 ans (60%) et les plus de 60 ans (58%) se montrent particuli\u00e8rement favorables \u00e0 cette initiative.<\/p>\n<p class=\"\" data-is=\"component-paragraph\">L&rsquo;analyse par affiliation politique dessine un paysage contrast\u00e9. Les sympathisants du parti de gauche Die Linke affichent le soutien le plus massif (85%), suivis par ceux des Verts (66%) et du SPD social-d\u00e9mocrate (52%). \u00c0 l&rsquo;inverse, les partisans de l&rsquo;Union chr\u00e9tienne-d\u00e9mocrate CDU\/CSU du chancelier et de l&rsquo;Alternative pour l&rsquo;Allemagne (AfD) se montrent plus r\u00e9ticents, avec respectivement 48% et 45% de soutien.<\/p>\n<p>Tensions diplomatiques et d\u00e9cisions controvers\u00e9es<\/p>\n<p class=\"\" data-is=\"component-paragraph\">Cette enqu\u00eate intervient dans un contexte diplomatique tendu. Le chancelier Friedrich Merz a r\u00e9cemment annonc\u00e9 un embargo sur les armes \u00e0 destination d&rsquo;Isra\u00ebl, suite \u00e0 l&rsquo;extension des op\u00e9rations militaires \u00e0 Gaza. Cette d\u00e9cision, prise sans consultation de son parti, a provoqu\u00e9 une pol\u00e9mique majeure.<\/p>\n<p class=\"\" data-is=\"component-paragraph\">Le gouvernement allemand, bien qu&rsquo;officiellement favorable \u00e0 la solution \u00e0 deux \u00c9tats, consid\u00e8re que la reconnaissance palestinienne doit constituer l&rsquo;\u00e9tape finale d&rsquo;un processus de n\u00e9gociation. Cependant, le ministre des Affaires \u00e9trang\u00e8res a r\u00e9cemment \u00e9voqu\u00e9 la n\u00e9cessit\u00e9 d&rsquo;acc\u00e9l\u00e9rer la recherche d&rsquo;une solution.<\/p>\n<p>Un mouvement international d&rsquo;ampleur<\/p>\n<p class=\"\" data-is=\"component-paragraph\">L&rsquo;Australie devient le quatri\u00e8me pays, apr\u00e8s la France, le Royaume-Uni et le Canada, \u00e0 annoncer ses intentions de reconna\u00eetre la Palestine. Cette dynamique internationale, avec des annonces pr\u00e9vues pour septembre, pourrait influencer la position allemande malgr\u00e9 les r\u00e9ticences actuelles de Berlin.\u00a0L&rsquo;opinion publique allemande semble ainsi anticiper sur les d\u00e9cisions politiques, refl\u00e9tant une \u00e9volution des mentalit\u00e9s face au conflit isra\u00e9lo-palestinien.<\/p>\n","protected":false},"excerpt":{"rendered":"Un sondage r\u00e9alis\u00e9 en Allemagne r\u00e9v\u00e8le que plus de la moiti\u00e9 de la population est favorable \u00e0 la&hellip;\n","protected":false},"author":2,"featured_media":313276,"comment_status":"","ping_status":"","sticky":false,"template":"","format":"standard","meta":{"footnotes":""},"categories":[1587],"tags":[11,672,1804,1805,1803,1777,674,1801,12,1802],"class_list":{"0":"post-313275","1":"post","2":"type-post","3":"status-publish","4":"format-standard","5":"has-post-thumbnail","7":"category-allemagne","8":"tag-actualites","9":"tag-allemagne","10":"tag-bundesrepublik-deutschland","11":"tag-de","12":"tag-deutschland","13":"tag-eu","14":"tag-europe","15":"tag-germany","16":"tag-news","17":"tag-republique-federale-dallemagne"},"share_on_mastodon":{"url":"https:\/\/pubeurope.com\/@fr\/115014307907443964","error":""},"_links":{"self":[{"href":"https:\/\/www.europesays.com\/fr\/wp-json\/wp\/v2\/posts\/313275","targetHints":{"allow":["GET"]}}],"collection":[{"href":"https:\/\/www.europesays.com\/fr\/wp-json\/wp\/v2\/posts"}],"about":[{"href":"https:\/\/www.europesays.com\/fr\/wp-json\/wp\/v2\/types\/post"}],"author":[{"embeddable":true,"href":"https:\/\/www.europesays.com\/fr\/wp-json\/wp\/v2\/users\/2"}],"replies":[{"embeddable":true,"href":"https:\/\/www.europesays.com\/fr\/wp-json\/wp\/v2\/comments?post=313275"}],"version-history":[{"count":0,"href":"https:\/\/www.europesays.com\/fr\/wp-json\/wp\/v2\/posts\/313275\/revisions"}],"wp:featuredmedia":[{"embeddable":true,"href":"https:\/\/www.europesays.com\/fr\/wp-json\/wp\/v2\/media\/313276"}],"wp:attachment":[{"href":"https:\/\/www.europesays.com\/fr\/wp-json\/wp\/v2\/media?parent=313275"}],"wp:term":[{"taxonomy":"category","embeddable":true,"href":"https:\/\/www.europesays.com\/fr\/wp-json\/wp\/v2\/categories?post=313275"},{"taxonomy":"post_tag","embeddable":true,"href":"https:\/\/www.europesays.com\/fr\/wp-json\/wp\/v2\/tags?post=313275"}],"curies":[{"name":"wp","href":"https:\/\/api.w.org\/{rel}","templated":true}]}}