{"id":313295,"date":"2025-08-12T06:22:12","date_gmt":"2025-08-12T06:22:12","guid":{"rendered":"https:\/\/www.europesays.com\/fr\/313295\/"},"modified":"2025-08-12T06:22:12","modified_gmt":"2025-08-12T06:22:12","slug":"rester-au-sommet-de-lolympe-est-tres-difficile-rutger-tijssen-manager-de-pauline-ferrand-prevot-sur-les-nouveaux-defis-a-venir-lequipe","status":"publish","type":"post","link":"https:\/\/www.europesays.com\/fr\/313295\/","title":{"rendered":"\u00ab Rester au sommet de l&#039;Olympe est tr\u00e8s difficile \u00bb : Rutger Tijssen, manager de Pauline Ferrand-Pr\u00e9v\u00f4t, sur les nouveaux d\u00e9fis \u00e0 venir &#8211; L&#039;\u00c9quipe"},"content":{"rendered":"<ol>\n<li><a href=\"https:\/\/news.google.com\/rss\/articles\/CBMimAJBVV95cUxPalJYQ0Zzb1dRaWdWaFMxOHY4WDc4eHBSZG5qTEhyTmd1OWJHWjkyZU8yVVc5VU9Db0pNSFlnOUhKOUdSSi1hUFZvNmxyN2FyRnVVcTR4M2hyaG5nd2dMQUhpQVJUd24zOUdvNHA4NUN0eWQxOTh5SXlZMVR4S3FPMFpOZDZTelh3VlpNczd1cFQxNkMyRnRvcjNuN0pqMUFTVHRUbEVyaTdfRzRLWEQ1akZyNmxDWFJWODZpcElZa1pwMWU0eGtpSnV1Wnczb01LWm1KbGFQNjhjT1hSQWItWE02cThUTDdRWWlGX3JqQkN6c2UzZWs5NVMyVFF0VXdDSjB3bWNvT1hYUDRZaTFqRlQyQzF4b0Zs?oc=5\" target=\"_blank\" rel=\"nofollow noopener\">\u00ab Rester au sommet de l&rsquo;Olympe est tr\u00e8s difficile \u00bb : Rutger Tijssen, manager de Pauline Ferrand-Pr\u00e9v\u00f4t, sur les nouveaux d\u00e9fis \u00e0 venir<\/a>&nbsp;&nbsp;L&rsquo;\u00c9quipe<\/li>\n<li><a href=\"https:\/\/news.google.com\/rss\/articles\/CBMiwwFBVV95cUxNZTFSc2FDdGVjYW5VTTdNcmpucXVtYkdieEVBM2FsNl9pMVdmM0d2YjZGaW5OVGFOS2EzbVppUEtSQ0Z4RXlxelBoM1J1SzUzNm05RUpCZGlNc05UNGRFa0hPNkZVcEU4OGNGcGgxZzlOcWZhREFGa0Mydk9XY2dGanMwWE90QThCNVZoWlRPS25IRnljbkpvRzhpU1ZmNE9nZWowc1NLT0lTS1VrVXdqbEZmUF9PT0xPTUNLTFRGTDBYUUnSAcIBQVVfeXFMTll6WWdnMkRxczlUTEw3NmtlbGtHemlBUWFDdHdjOVNTcklKZUc3QzhqQkRNSS1EU0lLOHNDQjJiRzJ1Nk1zQmt3dGtHM3VsS0lyX1dvYzVTU2Jkc2pLZ0U4VG9Ta2luWU83YzBRTHZlcEdFMmhpd2tzOG5UWmhrUDcxem55ejFlSzlVMTMtRGx4R0hnclJHWWVYNTZULWFUTGNNU0RQdThIZF9tbW0xb3ZLLTJtZkNqYlZZTzVuQTZYTnc?oc=5\" target=\"_blank\" rel=\"nofollow noopener\">Visma-Lease a bike : Ferrand-Pr\u00e9v\u00f4t ne disputera pas les Mondiaux<\/a>&nbsp;&nbsp;Orange Actualit\u00e9s | Sports<\/li>\n<li><a href=\"https:\/\/news.google.com\/rss\/articles\/CBMi6wFBVV95cUxQalhtdXItUVJGOV9uZDZMRDV6dXgzWE5HaUZYVmhOamJRVlhOeHRJY2hicW5rRzhtVUNjOXpTRDZWaHAtd1JDMjQ2Z1hzaE1zeDg3TzV6aE9wSnB3V2hxbDJoVUJ4YWhnWHBrOEdPb3NZWHhOX2dhblBNanJ3RkJ1T05XWmJfSU9CT2MzMlU3eU8yVXZVQTNxMWpvcFhfS24zV2tFaTdfN1MyQTVBX0FHZUFiT3FFc0JFa0p2Ry1IcWRsQWpyQTJjZW5lQ3k2d25MWlBOSUNVTk96cV84ZTh2ZjI5bllnbmRZSUhN?oc=5\" target=\"_blank\" rel=\"nofollow noopener\">Pauline Ferrand-Pr\u00e9vot, r\u00e9cente vainqueure du Tour de France, ne participera pas au Mondiaux de cyclisme au Rwanda<\/a>&nbsp;&nbsp;Le Monde.fr<\/li>\n<li><a href=\"https:\/\/news.google.com\/rss\/articles\/CBMi9gFBVV95cUxPdm03cnQwTVlrcGdjZWFfSVJGRTN3VmtWNkVKMTBjQ1doT2x0R05DU2ZsRV9EcWRWSWhrVEdWVHBUcnRfcXZUTjNyU1F3QjE4a0xka2YwYkg2UkU5MTk4RU1aOFNxQjlGYl9vWFgtMmRyMU9BVzVEdDR3dmc3bjE1NWVMSENSUldzajJzaC1NQUVRQXdTT1RlOEhOZFh4TXFUS0xTRy1sLUlnTUNkMTlKZDU0VHp4N0NpVU16cEdnNXJWR3pGT3J6Umc5c2lWbWlSSTRVNlZMaGthMENKaG9sN3FnREVlcmU3aGl4T3VpX1Z1NDdxMmc?oc=5\" target=\"_blank\" rel=\"nofollow noopener\">Les Championnats d&rsquo;Europe&#8230; mais pas les Mondiaux : Ferrand-Pr\u00e9v\u00f4t d\u00e9voile son programme de reprise<\/a>&nbsp;&nbsp;Eurosport<\/li>\n<li><a href=\"https:\/\/news.google.com\/rss\/articles\/CBMixwFBVV95cUxQaW9kTUcxX085MXNiSHY5am5CcE8xUHJ3dXdEa18xcjFDdDNVU25xdGIyWUtzZ0hoQlBsNFhlMk9tVXNfODhFaU15b1N0UWtMSmt2YVlnVE9WNXd2QzFVdU5GSTZSTE05OVhJd1B1SGhJdExwNmV3MjJnbnI1V0Y4dnF6X28tT0czeHFiUUY0VnBFQUJUUWx0RGRWbmF3UjRFN0RHcFFqZjNKSWNIaHkwQ2lkdXp1MjlOM0t6NmxQZEluYWhUTXVr?oc=5\" target=\"_blank\" rel=\"nofollow noopener\">Cyclisme. Ferrand-Prevost sera \u00e0 Lorient fin ao\u00fbt<\/a>&nbsp;&nbsp;Ouest-France<\/li>\n<\/ol>\n","protected":false},"excerpt":{"rendered":"\u00ab Rester au sommet de l&rsquo;Olympe est tr\u00e8s difficile \u00bb : Rutger Tijssen, manager de Pauline Ferrand-Pr\u00e9v\u00f4t, sur&hellip;\n","protected":false},"author":2,"featured_media":313296,"comment_status":"","ping_status":"","sticky":false,"template":"","format":"standard","meta":{"footnotes":""},"categories":[1411],"tags":[1154,207,1011,27,60],"class_list":{"0":"post-313295","1":"post","2":"type-post","3":"status-publish","4":"format-standard","5":"has-post-thumbnail","7":"category-cyclisme","8":"tag-cycling","9":"tag-cyclisme","10":"tag-fr","11":"tag-france","12":"tag-sports"},"share_on_mastodon":{"url":"https:\/\/pubeurope.com\/@fr\/115014358988730390","error":""},"_links":{"self":[{"href":"https:\/\/www.europesays.com\/fr\/wp-json\/wp\/v2\/posts\/313295","targetHints":{"allow":["GET"]}}],"collection":[{"href":"https:\/\/www.europesays.com\/fr\/wp-json\/wp\/v2\/posts"}],"about":[{"href":"https:\/\/www.europesays.com\/fr\/wp-json\/wp\/v2\/types\/post"}],"author":[{"embeddable":true,"href":"https:\/\/www.europesays.com\/fr\/wp-json\/wp\/v2\/users\/2"}],"replies":[{"embeddable":true,"href":"https:\/\/www.europesays.com\/fr\/wp-json\/wp\/v2\/comments?post=313295"}],"version-history":[{"count":0,"href":"https:\/\/www.europesays.com\/fr\/wp-json\/wp\/v2\/posts\/313295\/revisions"}],"wp:featuredmedia":[{"embeddable":true,"href":"https:\/\/www.europesays.com\/fr\/wp-json\/wp\/v2\/media\/313296"}],"wp:attachment":[{"href":"https:\/\/www.europesays.com\/fr\/wp-json\/wp\/v2\/media?parent=313295"}],"wp:term":[{"taxonomy":"category","embeddable":true,"href":"https:\/\/www.europesays.com\/fr\/wp-json\/wp\/v2\/categories?post=313295"},{"taxonomy":"post_tag","embeddable":true,"href":"https:\/\/www.europesays.com\/fr\/wp-json\/wp\/v2\/tags?post=313295"}],"curies":[{"name":"wp","href":"https:\/\/api.w.org\/{rel}","templated":true}]}}