{"id":313309,"date":"2025-08-12T06:31:11","date_gmt":"2025-08-12T06:31:11","guid":{"rendered":"https:\/\/www.europesays.com\/fr\/313309\/"},"modified":"2025-08-12T06:31:11","modified_gmt":"2025-08-12T06:31:11","slug":"vaccins-pour-enfants-pourquoi-tant-de-parents-peinent-a-obtenir-le-rappel-cet-ete","status":"publish","type":"post","link":"https:\/\/www.europesays.com\/fr\/313309\/","title":{"rendered":"Vaccins pour enfants : pourquoi tant de parents peinent \u00e0 obtenir le rappel cet \u00e9t\u00e9"},"content":{"rendered":"<p><strong>Dans de nombreuses familles fran\u00e7aises, le d\u00e9but de l&rsquo;\u00e9t\u00e9 2025 s&rsquo;accompagne d&rsquo;un sentiment de course contre la montre. Alors que la saison estivale bat son plein et que les valises s&rsquo;appr\u00eatent \u00e0 \u00eatre boucl\u00e9es, trouver un rendez-vous pour vacciner son enfant devient un vrai d\u00e9fi. Les files d&rsquo;attente s&rsquo;allongent en pharmacie, les plateformes de prise de rendez-vous saturent, et les parents s&rsquo;impatientent : pourquoi le simple geste du rappel vaccinal prend-il cette ann\u00e9e des airs de parcours du combattant ? Derri\u00e8re l&rsquo;inqui\u00e9tude, une r\u00e9alit\u00e9 m\u00e9connue se dessine et questionne notre syst\u00e8me de sant\u00e9 tout entier.<\/strong><\/p>\n<p>Les salles d&rsquo;attente s&rsquo;allongent, la vaccination tourne au casse-t\u00eate estival<br \/>\nUne ru\u00e9e estivale pour les rappels : la course aux cr\u00e9neaux avant les d\u00e9parts<\/p>\n<p>Chaque \u00e9t\u00e9, le calendrier des rappels vaccinaux s&rsquo;entrechoque avec celui des d\u00e9parts en vacances. Les familles, soucieuses de ne pas d\u00e9roger au parcours vaccinal recommand\u00e9, s&rsquo;efforcent d&rsquo;obtenir un cr\u00e9neau avant de quitter leur domicile. <strong>Les demandes explosent en quelques semaines<\/strong>, principalement pour les rappels contre la dipht\u00e9rie, le t\u00e9tanos, la coqueluche et la poliomy\u00e9lite. Pour un nombre croissant de parents, s\u00e9curiser un rendez-vous chez leur m\u00e9decin traitant ou en pharmacie s&rsquo;apparente pourtant \u00e0 une mission quasi impossible.<\/p>\n<p>Entre incertitude et anxi\u00e9t\u00e9 parentale : des familles partag\u00e9es entre attente et inqui\u00e9tude<\/p>\n<p>Face \u00e0 l&rsquo;attente, l&rsquo;angoisse grandit : faut-il partir en vacances sans le pr\u00e9cieux rappel ? <strong>L&rsquo;inqui\u00e9tude de voir son enfant expos\u00e9 \u00e0 des risques \u00e9vitables<\/strong> se m\u00eale \u00e0 la crainte de ne pas respecter le calendrier vaccinal impos\u00e9 par l&rsquo;\u00e9cole ou la cr\u00e8che. Entre attentes interminables, annulations de derni\u00e8re minute et conseils de \u00ab\u00a0revenir \u00e0 la rentr\u00e9e\u00a0\u00bb, l&rsquo;\u00e9t\u00e9 2025 illustre une tension in\u00e9dite autour d&rsquo;un acte g\u00e9n\u00e9ralement routinier et <strong>consid\u00e9r\u00e9 comme s\u00e9curis\u00e9<\/strong>.<\/p>\n<p>Derri\u00e8re les ruptures, la r\u00e9alit\u00e9 des stocks : comprendre la p\u00e9nurie actuelle<br \/>\nDes vaccins essentiels bient\u00f4t introuvables : BOOSTRIXTETRA et REPEVAX sur la sellette<\/p>\n<p>La cause principale de cette tension a d\u00e9sormais un nom : <strong>une p\u00e9nurie soudaine des vaccins BOOSTRIXTETRA et REPEVAX<\/strong>, deux produits incontournables utilis\u00e9s dans les rappels du jeune enfant. Ces vaccins assurent une protection \u00e9largie (dipht\u00e9rie, t\u00e9tanos, poliomy\u00e9lite, coqueluche), recommand\u00e9e \u00e0 diff\u00e9rents \u00e2ges-cl\u00e9s. Depuis mai 2025, leur disponibilit\u00e9 fond comme neige au soleil sur l&rsquo;ensemble du territoire.<\/p>\n<p>Cha\u00eene de production, logistique, demandes mondiales : les causes multiples des difficult\u00e9s d&rsquo;approvisionnement<\/p>\n<p>Derri\u00e8re cette p\u00e9nurie, plusieurs facteurs convergent. <strong>Des retards de production li\u00e9s \u00e0 des difficult\u00e9s industrielles<\/strong>, des tensions sur la cha\u00eene logistique apr\u00e8s plusieurs ann\u00e9es de crise sanitaire, et une augmentation de la demande mondiale participent \u00e0 l&#8217;emballement. Les autorit\u00e9s sanitaires confirment que la France n&rsquo;est pas seule concern\u00e9e : certains pays europ\u00e9ens subissent eux aussi des difficult\u00e9s pour s&rsquo;approvisionner en temps voulu. On assiste ainsi \u00e0 une <strong>double pression<\/strong>, m\u00ealant enjeux locaux et mondiaux.<\/p>\n<p>Pharmaciens, m\u00e9decins, collectivit\u00e9s : tous dans la tourmente<br \/>\nDes professionnels contraints de jongler : priorisation, listes d&rsquo;attente et solutions de fortune<\/p>\n<p>Face \u00e0 la p\u00e9nurie, <strong>les acteurs de terrain improvisent<\/strong>. Pharmaciens et m\u00e9decins g\u00e9n\u00e9ralistes se voient contraints de mettre en place des listes d&rsquo;attente, de prioriser les rappels chez les enfants les plus jeunes ou les plus \u00e0 risque, ou de conseiller un report \u00ab\u00a0raisonn\u00e9\u00a0\u00bb. Certains territoires mettent en place des mutualisations de stocks entre communes. Mais tous s&rsquo;accordent sur un point : la gestion au cas par cas est <strong>\u00e9prouvante et peu satisfaisante<\/strong> pour les familles, comme pour les \u00e9quipes de sant\u00e9.<\/p>\n<p>Les agents de sant\u00e9 sur le front : tensions quotidiennes et messages d&rsquo;alerte<\/p>\n<p><strong>La saturation se fait sentir<\/strong> : de nombreux professionnels tirent la sonnette d&rsquo;alarme devant cette situation in\u00e9dite. Le conseil des pharmacies de France regrette d&rsquo;\u00eatre parfois pris \u00e0 partie par des parents d\u00e9munis, tandis que les g\u00e9n\u00e9ralistes d\u00e9plorent de devoir annoncer, jour apr\u00e8s jour, l&rsquo;absence de cr\u00e9neaux disponibles. L&rsquo;information circule en temps r\u00e9el, mais la solution, elle, <strong>tarde \u00e0 se concr\u00e9tiser<\/strong>.<\/p>\n<p> Les cons\u00e9quences inattendues pour les enfants et les familles<br \/>\nReport de la vaccination : quels risques pour la sant\u00e9 publique ?<\/p>\n<p>Ce ph\u00e9nom\u00e8ne de report g\u00e9n\u00e9ralis\u00e9 interroge : <strong>le retard vaccinal n&rsquo;est pas sans risque pour la sant\u00e9 publique<\/strong>. Si, \u00e0 court terme, une protection reste acquise gr\u00e2ce aux rappels ant\u00e9rieurs, une g\u00e9n\u00e9ralisation des retards pourrait fragiliser la couverture collective \u00e0 moyen terme, notamment pour la coqueluche, dont la circulation persiste en France.<\/p>\n<p>Strat\u00e9gies de parents \u00ab astucieux \u00bb : vers une vaccination \u00e0 g\u00e9om\u00e9trie variable ?<\/p>\n<p>Pour ne pas manquer les d\u00e9lais, certains parents explorent des solutions alternatives : d\u00e9placement dans des communes voisines, recours \u00e0 d&rsquo;autres vaccins disponibles (quand les doses sont adapt\u00e9es), ou prise de rendez-vous bien en avance l&rsquo;ann\u00e9e suivante. Des strat\u00e9gies qui cr\u00e9ent une <strong>in\u00e9galit\u00e9 d&rsquo;acc\u00e8s \u00e0 la vaccination<\/strong> selon les ressources et la flexibilit\u00e9 des familles, et qui pourraient dessiner une \u00ab vaccination \u00e0 deux vitesses \u00bb.<\/p>\n<p> L&rsquo;\u00c9tat et les laboratoires \u00e0 l&rsquo;\u00e9preuve de la crise<br \/>\nPlans d&rsquo;action et informations officielles : une communication sous surveillance<\/p>\n<p>Face \u00e0 la mont\u00e9e de l&rsquo;inqui\u00e9tude, <strong>les autorit\u00e9s sanitaires multiplient les communications<\/strong>. Un plan d&rsquo;action a \u00e9t\u00e9 d\u00e9voil\u00e9 d\u00e9but juillet : recommandations de priorisation, surveillance renforc\u00e9e de la distribution des doses et recours \u00e0 des alternatives th\u00e9rapeutiques si besoin. La consigne : tenir les parents inform\u00e9s, sans amplifier l&rsquo;angoisse, et garantir que chaque enfant pourra recevoir son rappel, quitte \u00e0 le diff\u00e9rer l\u00e9g\u00e8rement.<\/p>\n<p>Innovations, alternatives, mutualisation : quelles armes pour \u00e9viter l&rsquo;impasse ?<\/p>\n<p>En coulisses, laboratoires et autorit\u00e9s explorent des pistes : d\u00e9ploiement acc\u00e9l\u00e9r\u00e9 des lots en cours de production, importation temporaire de lots \u00e9trangers, recherche d&rsquo;\u00e9quivalents valid\u00e9s par l&rsquo;Agence nationale de s\u00e9curit\u00e9 du m\u00e9dicament. Les professionnels de sant\u00e9 sont invit\u00e9s \u00e0 <strong>mutualiser leurs stocks<\/strong> et \u00e0 reporter syst\u00e9matiquement les rappels qui ne pr\u00e9sentent pas d&rsquo;urgence. Ce jeu d&rsquo;\u00e9quilibriste vise \u00e0 limiter l&rsquo;impact sanitaire de cette p\u00e9nurie exceptionnelle.<\/p>\n<p>Vacciner \u00e0 tout prix : \u00e9viter que l&rsquo;exception ne devienne la r\u00e8gle<br \/>\n Les bonnes pratiques pour ne pas rater le coche cet \u00e9t\u00e9<\/p>\n<p>Pour les familles, quelques recommandations peuvent faire la diff\u00e9rence : <strong>anticiper la prise de rendez-vous beaucoup plus en amont, se rapprocher de son pharmacien ou de son m\u00e9decin pour v\u00e9rifier la disponibilit\u00e9, suivre les communications officielles<\/strong> et ne pas h\u00e9siter \u00e0 faire part de ses inqui\u00e9tudes aupr\u00e8s des professionnels de sant\u00e9. Surtout, \u00e9viter les solutions \u00ab\u00a0parall\u00e8les\u00a0\u00bb propos\u00e9es en ligne, qui rel\u00e8vent parfois du risque sanitaire.<\/p>\n<p>Envisager l&rsquo;avenir : r\u00e9flexions sur la politique vaccinale et la r\u00e9silience du syst\u00e8me<\/p>\n<p>La s\u00e9quence in\u00e9dite v\u00e9cue cet \u00e9t\u00e9 donne mati\u00e8re \u00e0 r\u00e9flexion : <strong>la politique vaccinale doit anticiper plus finement les pics de demande, s&rsquo;appuyer sur une r\u00e9serve strat\u00e9gique p\u00e9renne, favoriser la flexibilit\u00e9 logistique<\/strong>. Surtout, elle invite \u00e0 cultiver la confiance au sein de la population, car la vaccination n&rsquo;est efficace \u00e0 l&rsquo;\u00e9chelle collective qu&rsquo;avec une large adh\u00e9sion, rendue possible par la fiabilit\u00e9 de l&rsquo;acc\u00e8s aux doses.<\/p>\n<p> Synth\u00e8se et perspective<\/p>\n<p>De l&rsquo;\u00e9t\u00e9 2024 \u00e0 aujourd&rsquo;hui, la tension sur l&rsquo;acc\u00e8s aux vaccins pour enfants, et notamment sur le BOOSTRIXTETRA et le REPEVAX, met en lumi\u00e8re la <strong>fragilit\u00e9 d&rsquo;une organisation pourtant essentielle<\/strong> \u00e0 la protection de nos enfants. Cette crise estivale r\u00e9v\u00e8le \u00e0 la fois la capacit\u00e9 d&rsquo;adaptation des familles, le d\u00e9vouement des professionnels de sant\u00e9, mais aussi la n\u00e9cessit\u00e9 de repenser notre syst\u00e8me pour le rendre plus r\u00e9silient face aux impr\u00e9vus.<\/p>\n<p>Alors que la prochaine rentr\u00e9e se profile, il est crucial de rester vigilant, de s&rsquo;informer sans c\u00e9der \u00e0 l&rsquo;inqui\u00e9tude, et de veiller \u00e0 ce que cette p\u00e9nurie demeure l&rsquo;exception, jamais la r\u00e8gle. <strong>La gestion collective des p\u00e9nuries de m\u00e9dicaments essentiels<\/strong> constitue un enjeu de sant\u00e9 publique majeur qui m\u00e9rite toute notre attention dans les mois \u00e0 venir.<\/p>\n","protected":false},"excerpt":{"rendered":"Dans de nombreuses familles fran\u00e7aises, le d\u00e9but de l&rsquo;\u00e9t\u00e9 2025 s&rsquo;accompagne d&rsquo;un sentiment de course contre la montre.&hellip;\n","protected":false},"author":2,"featured_media":313310,"comment_status":"","ping_status":"","sticky":false,"template":"","format":"standard","meta":{"footnotes":""},"categories":[10],"tags":[1011,27,72,56,71],"class_list":{"0":"post-313309","1":"post","2":"type-post","3":"status-publish","4":"format-standard","5":"has-post-thumbnail","7":"category-sante","8":"tag-fr","9":"tag-france","10":"tag-health","11":"tag-push","12":"tag-sante"},"share_on_mastodon":{"url":"https:\/\/pubeurope.com\/@fr\/115014394458231759","error":""},"_links":{"self":[{"href":"https:\/\/www.europesays.com\/fr\/wp-json\/wp\/v2\/posts\/313309","targetHints":{"allow":["GET"]}}],"collection":[{"href":"https:\/\/www.europesays.com\/fr\/wp-json\/wp\/v2\/posts"}],"about":[{"href":"https:\/\/www.europesays.com\/fr\/wp-json\/wp\/v2\/types\/post"}],"author":[{"embeddable":true,"href":"https:\/\/www.europesays.com\/fr\/wp-json\/wp\/v2\/users\/2"}],"replies":[{"embeddable":true,"href":"https:\/\/www.europesays.com\/fr\/wp-json\/wp\/v2\/comments?post=313309"}],"version-history":[{"count":0,"href":"https:\/\/www.europesays.com\/fr\/wp-json\/wp\/v2\/posts\/313309\/revisions"}],"wp:featuredmedia":[{"embeddable":true,"href":"https:\/\/www.europesays.com\/fr\/wp-json\/wp\/v2\/media\/313310"}],"wp:attachment":[{"href":"https:\/\/www.europesays.com\/fr\/wp-json\/wp\/v2\/media?parent=313309"}],"wp:term":[{"taxonomy":"category","embeddable":true,"href":"https:\/\/www.europesays.com\/fr\/wp-json\/wp\/v2\/categories?post=313309"},{"taxonomy":"post_tag","embeddable":true,"href":"https:\/\/www.europesays.com\/fr\/wp-json\/wp\/v2\/tags?post=313309"}],"curies":[{"name":"wp","href":"https:\/\/api.w.org\/{rel}","templated":true}]}}