{"id":313313,"date":"2025-08-12T06:33:13","date_gmt":"2025-08-12T06:33:13","guid":{"rendered":"https:\/\/www.europesays.com\/fr\/313313\/"},"modified":"2025-08-12T06:33:13","modified_gmt":"2025-08-12T06:33:13","slug":"la-surprise-de-karine-le-marchand-apres-la-rupture-dun-couple-emblematique","status":"publish","type":"post","link":"https:\/\/www.europesays.com\/fr\/313313\/","title":{"rendered":"la surprise de Karine Le\u00a0Marchand apr\u00e8s la rupture d\u2019un couple embl\u00e9matique"},"content":{"rendered":"<p>        <img decoding=\"async\" loading=\"lazy\" src=\"https:\/\/www.europesays.com\/fr\/wp-content\/uploads\/2025\/08\/b19e108_sirius-fs-upload-1-es2j0rwsgs0b-1737724937421-screenshot-2025-01-24-14-21-55.png\"  width=\"728\" height=\"409\" alt=\"Karine Le\u00a0Marchand a \u00e9t\u00e9 surprise par la rupture d\u2019un couple phare de la saison 19\u00a0de \u00ab\u00a0L\u2019Amour est dans le pr\u00e9\u00a0\u00bb, lors du bilan ce lundi 11\u00a0ao\u00fbt. (Photo d\u2019illustration)\"\/>  <\/p>\n<p>M6+<\/p>\n<p>Karine Le\u00a0Marchand a \u00e9t\u00e9 surprise par la rupture d\u2019un couple phare de la saison 19\u00a0de \u00ab\u00a0L\u2019Amour est dans le pr\u00e9\u00a0\u00bb, lors du bilan ce lundi 11\u00a0ao\u00fbt. (Photo d\u2019illustration)<\/p>\n<p class=\"asset asset-text\">DIVERTISSEMENT &#8211; Chaque ann\u00e9e, dans <a href=\"https:\/\/www.huffingtonpost.fr\/divertissement\/article\/l-amour-est-dans-le-pre-confondu-avec-un-autre-cet-ancien-candidat-se-fait-cyberharcele_247361.html\" target=\"_blank\" rel=\"noopener\">L\u2019Amour est dans le pr\u00e9<\/a>, il y a des couples \u00ab\u00a0chouchou\u00a0\u00bb des t\u00e9l\u00e9spectateurs. C\u2019\u00e9tait le cas de <a href=\"https:\/\/www.huffingtonpost.fr\/divertissement\/article\/dans-l-amour-est-dans-le-pre-le-couple-bruno-clemence-est-une-evidence-pour-ces-internautes_240880.html\" target=\"_blank\" rel=\"noopener\">Bruno et Cl\u00e9mence<\/a>, dont l\u2019idylle lors de la saison 19\u00a0\u00e9tait per\u00e7ue comme une \u00ab\u00a0\u00e9vidence\u00a0\u00bb par les fans de l\u2019\u00e9mission de dating \u00e0 la ferme diffus\u00e9e sur M6. Alors forc\u00e9ment, quand l\u2019agriculteur est arriv\u00e9 seul lors de la soir\u00e9e \u00ab\u00a0Que sont-ils devenus\u00a0?\u00a0\u00bb, ce lundi 11\u00a0ao\u00fbt, la stupeur a \u00e9t\u00e9 grande pour les internautes. Et m\u00eame pour l\u2019animatrice Karine le Marchand.<\/p>\n<p class=\"asset asset-text\">La pr\u00e9tendante Cl\u00e9mence avait pourtant d\u00e9j\u00e0 annonc\u00e9 il y a plusieurs semaines sur Instagram <a href=\"https:\/\/www.huffingtonpost.fr\/people\/article\/dans-l-amour-est-dans-le-pre-le-couple-chouchou-bruno-clemence-s-est-separe_247636.html\" target=\"_blank\" rel=\"noopener\">sa rupture avec Bruno<\/a>, agriculteur de 34\u00a0ans. \u00ab\u00a0Nous sommes s\u00e9par\u00e9s depuis quelques semaines\u00a0\u00bb, avait-elle d\u00e9taill\u00e9 en mars\u00a02025. Mais Bruno n\u2019avait rien confirm\u00e9, laissant planer le doute sur de potentielles retrouvailles amoureuses.<\/p>\n<p class=\"asset asset-text\">Les t\u00e9l\u00e9spectateurs ont enfin \u00e9t\u00e9 fix\u00e9s ce lundi soir\u00a0: leur histoire d\u2019amour est bel et bien termin\u00e9e. Bruno est en effet arriv\u00e9 c\u00e9libataire, aux c\u00f4t\u00e9s d\u2019un autre candidat, Valentin, lors du bilan. Il a annonc\u00e9 sa s\u00e9paration avec Cl\u00e9mence, qui date de f\u00e9vrier.<\/p>\n<p>    \u00ab\u00a0Les bras m\u2019en tombent\u00a0\u00bb    <\/p>\n<p class=\"asset asset-text\">Un coup de massue pour les fans qui voyaient d\u00e9j\u00e0 les tourtereaux se marier. \u00ab\u00a0Comment \u00e7a Bruno et Cl\u00e9mence sont plus ensemble\u00a0? Ils \u00e9taient faits l\u2019un pour l\u2019autre. Je suis choqu\u00e9\u00a0\u00bb, a r\u00e9agi un internaute sur X (ex-Twitter) lors de l\u2019annonce en milieu d\u2019\u00e9mission. Tandis qu\u2019un autre a \u00e9crit sur le m\u00eame r\u00e9seau social\u00a0: \u00ab\u00a0Bruno et Cl\u00e9mence c\u2019\u00e9tait tellement une \u00e9vidence pourtant&#8230;\u00a0\u00bb. <\/p>\n<p class=\"asset asset-text\">M\u00eame Karine Le\u00a0Marchand n\u2019a pas pu cacher sa surprise. \u00ab\u00a0Les bras m\u2019en tombent, mais qu\u2019est-ce qu\u2019il s\u2019est pass\u00e9\u00a0?\u00a0\u00bb, s\u2019est-elle exclam\u00e9e, \u00e9tonn\u00e9e que ce couple si fusionnel \u00e0 l\u2019\u00e9cran se s\u00e9pare.<\/p>\n<p class=\"asset asset-text\">Devant l\u2019animatrice m\u00e9dus\u00e9e, le candidat a d\u00fb d\u00e9tailler les raisons de la rupture avec celle pour qui il avait eu un coup de foudre d\u00e8s le speed dating. \u00ab\u00a0On avait tout pour aller bien, sauf le petit truc qu\u2019on n\u2019avait pas, le petit truc de folie\u00a0\u00bb, a expliqu\u00e9 l\u2019agriculteur sp\u00e9cialiste en polyculture dans l\u2019\u00e9mission de lundi soir. Avant d\u2019ajouter\u00a0: \u00ab\u00a0notre relation n\u2019a jamais d\u00e9coll\u00e9. Et je ne me sentais pas bien, je ne voyais pas de tendresse.\u00a0\u00bb<\/p>\n<p class=\"asset asset-text\">\u00ab\u00a0Son projet \u00e9tait de reprendre la ferme de ses parents\u00a0qui \u00e9tait \u00e0 80\u00a0km de chez moi\u00a0\u00bb, a poursuivi Bruno, affirmant que ce d\u00e9sir professionnel avait \u00e9t\u00e9 tenu secret par Cl\u00e9mence.<\/p>\n<p class=\"asset asset-text\">Malgr\u00e9 la d\u00e9ception, l\u2019agriculteur ne ferme pas la porte \u00e0 l\u2019amour et esp\u00e8re d\u00e9sormais \u00ab\u00a0trouver quelqu\u2019un qui [lui] correspond\u00a0\u00bb.<\/p>\n","protected":false},"excerpt":{"rendered":"M6+ Karine Le\u00a0Marchand a \u00e9t\u00e9 surprise par la rupture d\u2019un couple phare de la saison 19\u00a0de \u00ab\u00a0L\u2019Amour est&hellip;\n","protected":false},"author":2,"featured_media":313314,"comment_status":"","ping_status":"","sticky":false,"template":"","format":"standard","meta":{"footnotes":""},"categories":[8],"tags":[58,59,1011,27,5413,42835,494],"class_list":{"0":"post-313313","1":"post","2":"type-post","3":"status-publish","4":"format-standard","5":"has-post-thumbnail","7":"category-divertissement","8":"tag-divertissement","9":"tag-entertainment","10":"tag-fr","11":"tag-france","12":"tag-karine-le-marchand","13":"tag-l-amour-est-dans-le-pre","14":"tag-m6"},"share_on_mastodon":{"url":"https:\/\/pubeurope.com\/@fr\/115014402416218329","error":""},"_links":{"self":[{"href":"https:\/\/www.europesays.com\/fr\/wp-json\/wp\/v2\/posts\/313313","targetHints":{"allow":["GET"]}}],"collection":[{"href":"https:\/\/www.europesays.com\/fr\/wp-json\/wp\/v2\/posts"}],"about":[{"href":"https:\/\/www.europesays.com\/fr\/wp-json\/wp\/v2\/types\/post"}],"author":[{"embeddable":true,"href":"https:\/\/www.europesays.com\/fr\/wp-json\/wp\/v2\/users\/2"}],"replies":[{"embeddable":true,"href":"https:\/\/www.europesays.com\/fr\/wp-json\/wp\/v2\/comments?post=313313"}],"version-history":[{"count":0,"href":"https:\/\/www.europesays.com\/fr\/wp-json\/wp\/v2\/posts\/313313\/revisions"}],"wp:featuredmedia":[{"embeddable":true,"href":"https:\/\/www.europesays.com\/fr\/wp-json\/wp\/v2\/media\/313314"}],"wp:attachment":[{"href":"https:\/\/www.europesays.com\/fr\/wp-json\/wp\/v2\/media?parent=313313"}],"wp:term":[{"taxonomy":"category","embeddable":true,"href":"https:\/\/www.europesays.com\/fr\/wp-json\/wp\/v2\/categories?post=313313"},{"taxonomy":"post_tag","embeddable":true,"href":"https:\/\/www.europesays.com\/fr\/wp-json\/wp\/v2\/tags?post=313313"}],"curies":[{"name":"wp","href":"https:\/\/api.w.org\/{rel}","templated":true}]}}