{"id":313364,"date":"2025-08-12T07:07:15","date_gmt":"2025-08-12T07:07:15","guid":{"rendered":"https:\/\/www.europesays.com\/fr\/313364\/"},"modified":"2025-08-12T07:07:15","modified_gmt":"2025-08-12T07:07:15","slug":"vb-republique-marseille-votre-bar-a-biere-et-cave-a-vin-au-coeur-de-la-ville","status":"publish","type":"post","link":"https:\/\/www.europesays.com\/fr\/313364\/","title":{"rendered":"V&#038;B R\u00e9publique Marseille : votre bar \u00e0 bi\u00e8re et cave \u00e0 vin au c\u0153ur de la ville"},"content":{"rendered":"<p>Je l\u2019avoue, j\u2019ai toujours un faible pour les lieux qui r\u00e9ussissent \u00e0 marier ambiance conviviale et produits de qualit\u00e9. En d\u00e9ambulant rue de la R\u00e9publique, j\u2019ai eu la chance de d\u00e9couvrir une v\u00e9ritable p\u00e9pite qui d\u00e9barque bient\u00f4t dans notre belle cit\u00e9 phoc\u00e9enne. Le V and B Marseille R\u00e9publique ouvrira ses portes le 22 mai 2025 avec une soir\u00e9e d\u2019inauguration qui s\u2019annonce d\u00e9j\u00e0 \u00e9pique. Situ\u00e9 au 25-27 rue de la R\u00e9publique, \u00e0 deux pas du Vieux-Port, cet \u00e9tablissement promet de devenir un incontournable pour tous les amateurs de bonnes bi\u00e8res et de vins de caract\u00e8re. Avec plus de 900 r\u00e9f\u00e9rences au compteur, ce concept m\u00ealant cave et bar de d\u00e9gustation a de quoi s\u00e9duire les Marseillais assoiff\u00e9s de d\u00e9couvertes gustatives.<\/p>\n<p>D\u00e9couvrez le concept unique V&amp;B \u00e0 Marseille R\u00e9publique<\/p>\n<p>Tu cherches un lieu qui bouleverse l\u2019exp\u00e9rience d\u2019achat et de <strong>d\u00e9gustation de boissons artisanales<\/strong> ? Le V and B (prononc\u00e9 \u00ab\u00a0Vi and Bi\u00a0\u00bb) d\u00e9barque avec sa formule originale qui a fait ses preuves partout en France. D\u2019un c\u00f4t\u00e9, une impressionnante cave proposant plus de 300 r\u00e9f\u00e9rences de vins, 350 bi\u00e8res diff\u00e9rentes et 250 spiritueux de qualit\u00e9. De l\u2019autre, un espace bar o\u00f9 tu peux d\u00e9guster sur place tes trouvailles dans une <strong>ambiance d\u00e9contract\u00e9e et conviviale<\/strong>.<\/p>\n<p>L\u2019am\u00e9nagement du lieu respire la chaleur avec son architecture soign\u00e9e et sa terrasse ensoleill\u00e9e donnant sur la mythique rue de la R\u00e9publique. Pour compl\u00e9ter l\u2019exp\u00e9rience, une cave \u00e0 saucisson est disponible, parfaite pour accompagner ta d\u00e9gustation. La grande mezzanine offre un espace id\u00e9al pour les privatisations et les soir\u00e9es \u00e0 th\u00e8me. Les soirs de match, l\u2019\u00e9tablissement se transforme en v\u00e9ritable QG pour les supporters, avec retransmissions sur grand \u00e9cran. Et pour les amateurs de d\u00e9fis, un jeu de fl\u00e9chettes attend les plus adroits d\u2019entre vous.<\/p>\n<p>La passion de la bi\u00e8re artisanale au c\u0153ur de Marseille<\/p>\n<p>Au V and B R\u00e9publique, la <strong>bi\u00e8re artisanale occupe une place d\u2019honneur<\/strong> avec 350 r\u00e9f\u00e9rences soigneusement s\u00e9lectionn\u00e9es. Des p\u00e9pites locales brass\u00e9es \u00e0 quelques kilom\u00e8tres aux cr\u00e9ations internationales prim\u00e9es, tu trouveras forc\u00e9ment ton bonheur. J\u2019ai particuli\u00e8rement appr\u00e9ci\u00e9 la section d\u00e9di\u00e9e aux brasseries de notre r\u00e9gion PACA, qui met en valeur le talent des artisans locaux et leur savoir-faire.<\/p>\n<p>Chaque bi\u00e8re raconte une histoire, celle d\u2019un brasseur passionn\u00e9 exp\u00e9rimentant avec diff\u00e9rentes techniques de fermentation, s\u00e9lectionnant les meilleurs malts et houblons pour cr\u00e9er des saveurs uniques. L\u2019\u00e9quipe, form\u00e9e aux subtilit\u00e9s du brassage, te guidera parmi ces tr\u00e9sors de mousse. Qu\u2019il s\u2019agisse d\u2019une IPA aux notes agrumes, d\u2019une stout cr\u00e9meuse ou d\u2019une bi\u00e8re de style belge, tu d\u00e9couvriras des productions artisanales aux caract\u00e8res bien tremp\u00e9s, servies \u00e0 la pression ou en bouteille.<\/p>\n<p>Une cave \u00e0 vin d\u2019exception dans le centre-ville marseillais<\/p>\n<p>Les amateurs de nectar de Bacchus ne sont pas en reste avec une <strong>s\u00e9lection impressionnante de plus de 300 r\u00e9f\u00e9rences viticoles<\/strong>. Des vins du terroir proven\u00e7al aux grands crus class\u00e9s, en passant par des d\u00e9couvertes venues d\u2019ailleurs, le V and B Marseille R\u00e9publique propose une diversit\u00e9 capable de satisfaire toutes les envies et tous les budgets.<\/p>\n<p>L\u2019\u00e9quipe partage sa passion avec enthousiasme, prodiguant des conseils personnalis\u00e9s pour t\u2019orienter vers la bouteille parfaite pour ton occasion. Que tu recherches un vin bio, un cru de caract\u00e8re ou une bouteille l\u00e9g\u00e8re pour l\u2019ap\u00e9ro, tu b\u00e9n\u00e9ficieras d\u2019explications claires sur les techniques de vinification et les particularit\u00e9s de chaque r\u00e9gion. La d\u00e9gustation sur place te permet de go\u00fbter avant d\u2019acheter, une approche qui transforme l\u2019exp\u00e9rience d\u2019achat traditionnelle.<\/p>\n<p><img loading=\"lazy\" width=\"1344\" height=\"896\" decoding=\"async\" src=\"data:image\/svg+xml,%3Csvg%20xmlns=\" http:=\"\" alt=\"Bouteilles de vin align\u00e9es sur \u00e9tag\u00e8re en bois rustique\" data-lazy-src=\"https:\/\/www.europesays.com\/fr\/wp-content\/uploads\/2025\/08\/degustation_de_vins_artisanaux_3241.jpg\"\/><\/p>\n<p>L\u2019\u00e9quipe passionn\u00e9e derri\u00e8re le V&amp;B R\u00e9publique Marseille<\/p>\n<p>\u00c0 la t\u00eate de cette aventure marseillaise, Julia apporte son expertise et sa <strong>passion communicative pour l\u2019univers des boissons artisanales<\/strong>. Apr\u00e8s des \u00e9tudes en Arts Plastiques puis en langues \u00e9trang\u00e8res, incluant un s\u00e9jour de six mois \u00e0 Londres, elle s\u2019est lanc\u00e9e dans le commerce des vins et spiritueux en alternance au V and B Vitrolles. Gravissant les \u00e9chelons, elle en est devenue la g\u00e9rante pendant six ans avant de se lancer dans ce nouveau d\u00e9fi phoc\u00e9en.<\/p>\n<p><a href=\"https:\/\/www.present.fr\/vivre-bali-guide-complet-sexpatrier-france-conseils-pratiques-partir\/\" target=\"_blank\" rel=\"noopener\"><br \/>\n  <img loading=\"lazy\" decoding=\"async\" width=\"1298\" height=\"560\" src=\"data:image\/svg+xml,%3Csvg%20xmlns=\" http:=\"\" alt=\"Vivre \u00e0 Bali\" style=\"width:100%; height:auto;\" data-lazy-src=\"https:\/\/www.europesays.com\/fr\/wp-content\/uploads\/2025\/07\/Design-sans-titre-2025-06-23T141323.113.jpg\"\/><br \/>\n<\/a><\/p>\n<p>Pour l\u2019accompagner, Julia s\u2019est entour\u00e9e d\u2019une \u00e9quipe de choc : Caroline, son associ\u00e9e de longue date, ainsi que David et Thomas. Tous partagent la m\u00eame vision et une complicit\u00e9 \u00e9vidente qui transpara\u00eet dans l\u2019ambiance du lieu. Marseillais de c\u0153ur ou d\u2019adoption, ils ont choisi notre cit\u00e9 apr\u00e8s avoir ouvert des \u00e9tablissements \u00e0 Plan de Campagne, Vitrolles et Istres, port\u00e9s par leur amour pour la ville au caract\u00e8re aussi p\u00e9tillant que leurs meilleures bi\u00e8res.<\/p>\n<p>Services et \u00e9v\u00e9nements propos\u00e9s par votre V&amp;B Marseille<\/p>\n<p>Le V and B n\u2019est pas qu\u2019un simple bar \u00e0 bi\u00e8re ou une cave \u00e0 vin \u2013 c\u2019est un v\u00e9ritable lieu de vie qui propose une multitude de services. Tu pr\u00e9pares une f\u00eate ? Profite du service de <strong>location de tireuses professionnelles<\/strong> pour impressionner tes convives. Press\u00e9 ? Le click and collect disponible sur le site VandB.fr te permet de r\u00e9cup\u00e9rer ta commande gratuitement en seulement 2 heures.<\/p>\n<p>Les \u00e9v\u00e9nements sont au c\u0153ur de l\u2019exp\u00e9rience V and B, avec un calendrier bien rempli :<\/p>\n<ul>\n<li>Soir\u00e9es Saint-Patrick explosives o\u00f9 la bi\u00e8re coule \u00e0 flots<\/li>\n<li>Oktoberfest \u00e0 la sauce marseillaise pour c\u00e9l\u00e9brer la culture brassicole<\/li>\n<li>D\u00e9gustations mensuelles de vins et spiritueux haut de gamme<\/li>\n<li>Soir\u00e9es th\u00e9matiques alliant saveurs et convivialit\u00e9<\/li>\n<\/ul>\n<p>Les horaires \u00e9tendus s\u2019adaptent \u00e0 ton rythme de vie : du lundi (15h-22h) au dimanche (11h-22h), en passant par des fermetures tardives les jeudis, vendredis et samedis (jusqu\u2019\u00e0 23h), tu trouveras toujours porte ouverte pour \u00e9tancher ta soif de d\u00e9couverte.<\/p>\n<p>Le V&amp;B R\u00e9publique Marseille : un lieu embl\u00e9matique et authentique<\/p>\n<p>Ce qui rend ce V and B unique, c\u2019est son ancrage dans l\u2019identit\u00e9 marseillaise. Son blason repr\u00e9sente fi\u00e8rement Notre-Dame de la Garde, la Bonne M\u00e8re veillant sur les <strong>moments de partage et de convivialit\u00e9<\/strong> qui animent l\u2019\u00e9tablissement. Comme on dit ici, c\u2019est un endroit \u00ab\u00a0tarpin chic\u00a0\u00bb qui sait allier \u00e9l\u00e9gance et d\u00e9contraction, \u00e0 l\u2019image de notre ville.<\/p>\n<p>Son emplacement strat\u00e9gique, \u00e0 quelques encablures du Vieux-Port, en fait une \u00e9tape incontournable lors d\u2019une journ\u00e9e shopping ou d\u2019une soir\u00e9e entre amis. D\u2019ailleurs, si tu cherches <a href=\"https:\/\/www.newsofmarseille.com\/meilleurs-bars-marseille-top-10-etablissements-incontournables-votre-soiree-00128442025.html\" target=\"_blank\" rel=\"noopener\">les meilleurs bars de Marseille pour passer une soir\u00e9e inoubliable<\/a>, le V&amp;B R\u00e9publique m\u00e9rite assur\u00e9ment sa place dans ton carnet d\u2019adresses. L\u2019architecture soign\u00e9e et l\u2019am\u00e9nagement chaleureux cr\u00e9ent une atmosph\u00e8re o\u00f9 la passion du bon go\u00fbt se marie parfaitement avec l\u2019art de vivre m\u00e9diterran\u00e9en.<\/p>\n<p><img loading=\"lazy\" decoding=\"async\" width=\"150\" height=\"150\" src=\"data:image\/svg+xml,%3Csvg%20xmlns=\" http:=\"\" class=\"attachment-150x150 size-150x150\" alt=\"\" itemprop=\"image\" data-lazy- data-lazy- data-lazy-src=\"https:\/\/www.europesays.com\/fr\/wp-content\/uploads\/2025\/04\/img2-150x150.png\"\/><\/p>\n<p>Je suis Adrien, r\u00e9dacteur virtuel depuis quelques ann\u00e9es. J&rsquo;aime pouvoir partager avec vous les tendances Lifestyle sur le blog News Of Marseille. J&rsquo;esp\u00e8re que vous prendrez plaisir \u00e0 lire mes articles !<\/p>\n<p>Partagez l&rsquo;article ou suivez nous !<\/p>\n<p>\n\tNos images sont \u00e0 but illustratif et peuvent ne pas repr\u00e9senter la r\u00e9alit\u00e9<\/p>\n","protected":false},"excerpt":{"rendered":"Je l\u2019avoue, j\u2019ai toujours un faible pour les lieux qui r\u00e9ussissent \u00e0 marier ambiance conviviale et produits de&hellip;\n","protected":false},"author":2,"featured_media":313365,"comment_status":"","ping_status":"","sticky":false,"template":"","format":"standard","meta":{"footnotes":""},"categories":[2814],"tags":[43998,45293,1111,11,1777,674,1011,27,884,12,882,25],"class_list":{"0":"post-313364","1":"post","2":"type-post","3":"status-publish","4":"format-standard","5":"has-post-thumbnail","7":"category-marseille","8":"tag-acces-aux-bars","9":"tag-acces-aux-degustations","10":"tag-actu","11":"tag-actualites","12":"tag-eu","13":"tag-europe","14":"tag-fr","15":"tag-france","16":"tag-marseille","17":"tag-news","18":"tag-provence-alpes-cote-dazur","19":"tag-republique-francaise"},"share_on_mastodon":{"url":"https:\/\/pubeurope.com\/@fr\/115014535944434719","error":""},"_links":{"self":[{"href":"https:\/\/www.europesays.com\/fr\/wp-json\/wp\/v2\/posts\/313364","targetHints":{"allow":["GET"]}}],"collection":[{"href":"https:\/\/www.europesays.com\/fr\/wp-json\/wp\/v2\/posts"}],"about":[{"href":"https:\/\/www.europesays.com\/fr\/wp-json\/wp\/v2\/types\/post"}],"author":[{"embeddable":true,"href":"https:\/\/www.europesays.com\/fr\/wp-json\/wp\/v2\/users\/2"}],"replies":[{"embeddable":true,"href":"https:\/\/www.europesays.com\/fr\/wp-json\/wp\/v2\/comments?post=313364"}],"version-history":[{"count":0,"href":"https:\/\/www.europesays.com\/fr\/wp-json\/wp\/v2\/posts\/313364\/revisions"}],"wp:featuredmedia":[{"embeddable":true,"href":"https:\/\/www.europesays.com\/fr\/wp-json\/wp\/v2\/media\/313365"}],"wp:attachment":[{"href":"https:\/\/www.europesays.com\/fr\/wp-json\/wp\/v2\/media?parent=313364"}],"wp:term":[{"taxonomy":"category","embeddable":true,"href":"https:\/\/www.europesays.com\/fr\/wp-json\/wp\/v2\/categories?post=313364"},{"taxonomy":"post_tag","embeddable":true,"href":"https:\/\/www.europesays.com\/fr\/wp-json\/wp\/v2\/tags?post=313364"}],"curies":[{"name":"wp","href":"https:\/\/api.w.org\/{rel}","templated":true}]}}