{"id":313379,"date":"2025-08-12T07:17:11","date_gmt":"2025-08-12T07:17:11","guid":{"rendered":"https:\/\/www.europesays.com\/fr\/313379\/"},"modified":"2025-08-12T07:17:11","modified_gmt":"2025-08-12T07:17:11","slug":"a-la-veille-du-sommet-en-alaska-donald-trump-tient-toujours-a-lecart-volodymyr-zelensky-lexpress","status":"publish","type":"post","link":"https:\/\/www.europesays.com\/fr\/313379\/","title":{"rendered":"\u00e0 la veille du sommet en Alaska, Donald Trump tient toujours \u00e0 l&rsquo;\u00e9cart Volodymyr Zelensky \u2013 L&rsquo;Express"},"content":{"rendered":"<p class=\"paragraph article-body-paragraph article__item   article-body-paragraph--first \">Donald Trump a dit, lundi 11 ao\u00fbt, vouloir \u00ab\u00a0t\u00e2ter le terrain\u00a0\u00bb lors de sa <a href=\"https:\/\/www.lexpress.fr\/monde\/trump-poutine-volodymyr-zelensky-sera-t-il-le-troisieme-homme-du-sommet-en-alaska-ZP3XMDMPDVCCDNCDPV45ISSKCE\/\" target=\"_self\" rel=\"nofollow noopener\" title=\"https:\/\/www.lexpress.fr\/monde\/trump-poutine-volodymyr-zelensky-sera-t-il-le-troisieme-homme-du-sommet-en-alaska-ZP3XMDMPDVCCDNCDPV45ISSKCE\/\">rencontre pr\u00e9vue vendredi<\/a> avec Vladimir Poutine, dont Volodymyr Zelensky et les dirigeants europ\u00e9ens redoutent qu\u2019elle ne d\u00e9bouche sur une issue d\u00e9favorable \u00e0 l\u2019Ukraine.<\/p>\n<p class=\"paragraph article-body-paragraph article__item   \">Le pr\u00e9sident am\u00e9ricain est rest\u00e9 vague sur <a href=\"https:\/\/www.lexpress.fr\/monde\/europe\/sommet-en-alaska-vladimir-poutine-obtient-ce-quil-veut-de-donald-trump-YO24L5TG4FBLLLIMO6AWQGZCAU\/\" target=\"_self\" rel=\"nofollow noopener\" title=\"https:\/\/www.lexpress.fr\/monde\/europe\/sommet-en-alaska-vladimir-poutine-obtient-ce-quil-veut-de-donald-trump-YO24L5TG4FBLLLIMO6AWQGZCAU\/\">ses attentes<\/a>, disant esp\u00e9rer une rencontre \u00ab\u00a0constructive\u00a0\u00bb en Alaska et soulignant au passage, sur un ton approbateur, qu\u2019il \u00e9tait \u00ab\u00a0tr\u00e8s respectueux\u00a0\u00bb de la part de son homologue russe de se d\u00e9placer ainsi en territoire am\u00e9ricain.<\/p>\n<p class=\"paragraph article-body-paragraph article__item   \">Il a gliss\u00e9 une remarque propre \u00e0 inqui\u00e9ter le pr\u00e9sident ukrainien et ses alli\u00e9s europ\u00e9ens, en se disant \u00ab\u00a0un peu contrari\u00e9 que (Volodymyr) Zelensky dise &lsquo;je dois avoir une autorisation constitutionnelle&rsquo; pour c\u00e9der des territoires. \u00ab\u00a0Car il y aura des \u00e9changes de territoires\u00a0\u00bb, a-t-il pr\u00e9dit, alors que l\u2019arm\u00e9e russe occupe actuellement environ 20 % du territoire ukrainien.<\/p>\n<p><strong class=\"article-body-link-list__item text-gray-800 article-body-link-list__item--one-item\">LIRE AUSSI : <a class=\"article-body-link-list__item-link\" href=\"https:\/\/www.lexpress.fr\/idees-et-debats\/peter-rough-ex-conseiller-de-bush-des-decisions-vraiment-douloureuses-se-profilent-pour-poutine-A6STI55EUZEYVC4MJT5T2KJ3RQ\/\" target=\"_blank\" rel=\"noreferrer nofollow noopener\">\u00ab\u00a0Poutine aurait tort de se moquer des ultimatums de Trump\u00a0\u00bb : l&rsquo;analyse de Peter Rough, ex-conseiller de Bush<\/a><\/strong><\/p>\n<p class=\"paragraph article-body-paragraph article__item   \">A entendre Donald Trump, la rencontre de vendredi, sa premi\u00e8re en personne avec Vladimir Poutine depuis 2019, doit permettre \u00e0 terme un sommet entre les chefs d\u2019Etat ukrainien et russe. \u00ab\u00a0Au bout du compte je vais les mettre tous deux dans une pi\u00e8ce, j\u2019y serai ou je n\u2019y serai pas, et je pense que cela va se r\u00e9gler\u00a0\u00bb, a dit le r\u00e9publicain de 79 ans. Il a aussi indiqu\u00e9, et ce n\u2019est pas la premi\u00e8re fois, qu\u2019il pourrait aussi se d\u00e9sint\u00e9resser totalement du conflit d\u00e9clench\u00e9 par l\u2019invasion russe de l\u2019Ukraine en f\u00e9vrier 2022.<\/p>\n<p class=\"paragraph article-body-paragraph article__item   \">\u00ab\u00a0Peut-\u00eatre que je dirai &lsquo;Bonne chance, continuez \u00e0 vous battre&rsquo;. Ou peut-\u00eatre que je dirai &lsquo;Nous pouvons trouver un accord'\u00a0\u00bb, a lanc\u00e9 Donald Trump, qui a rompu avec la strat\u00e9gie de soutien \u00e0 l\u2019Ukraine de son pr\u00e9d\u00e9cesseur Joe Biden d\u00e8s son retour \u00e0 la Maison-Blanche, le 20 janvier. Dans un curieux lapsus, il a dit, par deux fois, que la r\u00e9union avec Vladimir Poutine aurait lieu \u00ab\u00a0en Russie\u00a0\u00bb, plut\u00f4t qu\u2019<a href=\"https:\/\/www.lexpress.fr\/monde\/sommet-trump-poutine-pourquoi-le-choix-de-lalaska-est-loin-detre-anodin-IXMPQKOKANBNBJ36F5QJOGCLFQ\/\" target=\"_self\" rel=\"nofollow noopener\" title=\"https:\/\/www.lexpress.fr\/monde\/sommet-trump-poutine-pourquoi-le-choix-de-lalaska-est-loin-detre-anodin-IXMPQKOKANBNBJ36F5QJOGCLFQ\/\">en Alaska<\/a> &#8211; territoire c\u00e9d\u00e9 par la Russie aux Am\u00e9ricains au XIXe si\u00e8cle.<\/p>\n<p>Pression des Europ\u00e9ens <\/p>\n<p class=\"paragraph article-body-paragraph article__item   \"><a href=\"https:\/\/www.lexpress.fr\/monde\/europe\/ukraine-comment-les-russes-imaginent-lapres-volodymyr-zelensky-OSOP7GTN25E2DD7OTYE6YE5CN4\/\" target=\"_self\" rel=\"nofollow noopener\" title=\"https:\/\/www.lexpress.fr\/monde\/europe\/ukraine-comment-les-russes-imaginent-lapres-volodymyr-zelensky-OSOP7GTN25E2DD7OTYE6YE5CN4\/\">Volodymyr Zelensky<\/a> l\u2019a une nouvelle fois appel\u00e9 \u00e0 ne pas c\u00e9der aux exigences du chef du Kremlin. \u00ab\u00a0La Russie refuse d\u2019arr\u00eater les massacres et ne doit donc pas recevoir de r\u00e9compenses ou d\u2019avantages. Et ce n\u2019est pas seulement une position morale, c\u2019est une position rationnelle\u00a0\u00bb, a \u00e9crit le pr\u00e9sident ukrainien sur Facebook.<\/p>\n<p class=\"paragraph article-body-paragraph article__item   \">Les Europ\u00e9ens, que Donald Trump s&rsquo;est engag\u00e9 \u00e0 contacter sit\u00f4t sa rencontre avec Poutine finie, s&rsquo;efforcent de leur c\u00f4t\u00e9 de peser sur le pr\u00e9sident am\u00e9ricain, \u00e0 l&rsquo;humeur notoirement fluctuante, d&rsquo;ici vendredi.<\/p>\n<p><strong class=\"article-body-link-list__item text-gray-800 article-body-link-list__item--one-item\">LIRE AUSSI : <a class=\"article-body-link-list__item-link\" href=\"https:\/\/www.lexpress.fr\/monde\/europe\/michel-duclos-donald-trump-a-pris-conscience-de-son-erreur-initiale-sur-poutine-EZVDJ5HFEFBPXA5OFRTAA6C224\/\" target=\"_blank\" rel=\"noreferrer nofollow noopener\">Michel Duclos : \u00ab\u00a0Donald Trump a pris conscience de son erreur initiale sur Poutine\u00a0\u00bb<\/a><\/strong><\/p>\n<p class=\"paragraph article-body-paragraph article__item   \">\u00ab\u00a0Les Ukrainiens doivent avoir la libert\u00e9 de d\u00e9cider de leur avenir\u00a0\u00bb, ont insist\u00e9 mardi les dirigeants des pays de l&rsquo;Union europ\u00e9enne &#8211; dans un texte auquel la Hongrie ne s&rsquo;est pas associ\u00e9e -, tout en saluant \u00ab\u00a0les efforts du pr\u00e9sident Trump pour mettre fin \u00e0 la guerre\u00a0\u00bb.<\/p>\n<p class=\"paragraph article-body-paragraph article__item    article__text__endpicto\">Donald Trump a par ailleurs \u00e9t\u00e9 invit\u00e9 \u00e0 se joindre aux dirigeants de plusieurs pays europ\u00e9ens &#8211; France, Royaume-Uni, Italie, Pologne et Finlande -, de l&rsquo;UE, de l&rsquo;Ukraine et de l&rsquo;Otan pour une visioconf\u00e9rence mercredi. Il s&rsquo;agira, selon l&rsquo;Allemagne, de r\u00e9fl\u00e9chir \u00e0 d&rsquo;\u00e9ventuelles \u00ab\u00a0actions suppl\u00e9mentaires\u00a0\u00bb pour \u00ab\u00a0exercer une pression sur la Russie\u00a0\u00bb mais aussi \u00e0 \u00ab\u00a0la pr\u00e9paration de possibles n\u00e9gociations de paix\u00a0\u00bb et aux questions \u00ab\u00a0relatives aux revendications territoriales et aux garanties de s\u00e9curit\u00e9\u00a0\u00bb qui en d\u00e9coulent.<\/p>\n","protected":false},"excerpt":{"rendered":"Donald Trump a dit, lundi 11 ao\u00fbt, vouloir \u00ab\u00a0t\u00e2ter le terrain\u00a0\u00bb lors de sa rencontre pr\u00e9vue vendredi avec&hellip;\n","protected":false},"author":2,"featured_media":313380,"comment_status":"","ping_status":"","sticky":false,"template":"","format":"standard","meta":{"footnotes":""},"categories":[1590],"tags":[11,1777,674,74,12,220],"class_list":{"0":"post-313379","1":"post","2":"type-post","3":"status-publish","4":"format-standard","5":"has-post-thumbnail","7":"category-ukraine","8":"tag-actualites","9":"tag-eu","10":"tag-europe","11":"tag-monde","12":"tag-news","13":"tag-ukraine"},"share_on_mastodon":{"url":"https:\/\/pubeurope.com\/@fr\/115014575327351142","error":""},"_links":{"self":[{"href":"https:\/\/www.europesays.com\/fr\/wp-json\/wp\/v2\/posts\/313379","targetHints":{"allow":["GET"]}}],"collection":[{"href":"https:\/\/www.europesays.com\/fr\/wp-json\/wp\/v2\/posts"}],"about":[{"href":"https:\/\/www.europesays.com\/fr\/wp-json\/wp\/v2\/types\/post"}],"author":[{"embeddable":true,"href":"https:\/\/www.europesays.com\/fr\/wp-json\/wp\/v2\/users\/2"}],"replies":[{"embeddable":true,"href":"https:\/\/www.europesays.com\/fr\/wp-json\/wp\/v2\/comments?post=313379"}],"version-history":[{"count":0,"href":"https:\/\/www.europesays.com\/fr\/wp-json\/wp\/v2\/posts\/313379\/revisions"}],"wp:featuredmedia":[{"embeddable":true,"href":"https:\/\/www.europesays.com\/fr\/wp-json\/wp\/v2\/media\/313380"}],"wp:attachment":[{"href":"https:\/\/www.europesays.com\/fr\/wp-json\/wp\/v2\/media?parent=313379"}],"wp:term":[{"taxonomy":"category","embeddable":true,"href":"https:\/\/www.europesays.com\/fr\/wp-json\/wp\/v2\/categories?post=313379"},{"taxonomy":"post_tag","embeddable":true,"href":"https:\/\/www.europesays.com\/fr\/wp-json\/wp\/v2\/tags?post=313379"}],"curies":[{"name":"wp","href":"https:\/\/api.w.org\/{rel}","templated":true}]}}