{"id":313404,"date":"2025-08-12T07:33:11","date_gmt":"2025-08-12T07:33:11","guid":{"rendered":"https:\/\/www.europesays.com\/fr\/313404\/"},"modified":"2025-08-12T07:33:11","modified_gmt":"2025-08-12T07:33:11","slug":"25-km-a-velo-entre-chateaux-et-gabares","status":"publish","type":"post","link":"https:\/\/www.europesays.com\/fr\/313404\/","title":{"rendered":"25\u00a0km \u00e0 v\u00e9lo entre ch\u00e2teaux et gabares"},"content":{"rendered":"<p>En tournant \u00e0 droite, rue des \u00c9piciers, le d\u00e9cor change\u00a0: la route d\u00e9bouche en pleine nature, le long de la Charente, sur les anciens chemins de halage. Ils permettaient autrefois de tirer les gabares, bateaux traditionnels \u00e0 fond plat utilis\u00e9s pour le commerce du cognac. Cette portion est particuli\u00e8rement bien am\u00e9nag\u00e9e car elle s\u2019inscrit sur l\u2019itin\u00e9raire de la Flow V\u00e9lo, circuit qui s\u2019\u00e9tale de la Dordogne \u00e0 l\u2019\u00eele d\u2019Aix, en passant par la Charente. P\u00e9daler avec vue sur le fleuve, \u00e0 l\u2019ombre des peupliers, aulnes et fr\u00eanes ferait presque oublier les kilom\u00e8tres.<\/p>\n<p>Balai de bateaux sur la Charente<\/p>\n<p>Avant de passer sous le pont de Vinade, au niveau de la halte du m\u00eame nom, un crochet s\u2019impose \u00e0 l\u2019abbaye de Bassac, fond\u00e9e au XIe\u00a0si\u00e8cle, l\u2019un des sites monastiques les plus remarquables de Charente, avec ses jardins \u00e0 la fran\u00e7aise. Pour cela, empruntez la route d\u00e9partementale D\u00a018. Vous pourrez ensuite r\u00e9cup\u00e9rer le chemin de halage \u00e0 la sortie du village, en tournant rue Bassigeau. Quelques tours de roue plus loin, le charmant village de Saint-Simon oblige aussi \u00e0 mettre pieds \u00e0 terre\u00a0: c\u2019est le haut lieu de l\u2019histoire des gabariers, qui est racont\u00e9e dans son mus\u00e9e et qui continue \u00e0 vivre \u00e0 travers des balades en gabarre (cf. p.\u00a024). Pour atteindre Angeac-Charente, village situ\u00e9 \u00e0 mi-parcours, plusieurs ponts de pierre, dont un du XIIe\u00a0si\u00e8cle, vous feront traverser le fleuve, qui se divise en plusieurs bras.<\/p>\n<p>Le retour vers Jarnac se fait en partie sur les chemins de halage. Apr\u00e8s une halte \u00e0 l\u2019\u00e9cluse de Juac pour observer le balai des bateaux qui montent et descendent la Charente, poursuivez jusqu\u2019\u00e0 la halte fluviale de Graves-Saint-Amant. Un point d\u2019eau permet d\u2019y remplir les gourdes. Il faut alors emprunter la RD\u00a0154, qui passe par la Saintonge, pour ensuite retrouver la halte de Vinade. De l\u00e0, le retour se fait en suivant \u00e0 rebours l\u2019itin\u00e9raire aller.<\/p>\n","protected":false},"excerpt":{"rendered":"En tournant \u00e0 droite, rue des \u00c9piciers, le d\u00e9cor change\u00a0: la route d\u00e9bouche en pleine nature, le long&hellip;\n","protected":false},"author":2,"featured_media":313405,"comment_status":"","ping_status":"","sticky":false,"template":"","format":"standard","meta":{"footnotes":""},"categories":[1411],"tags":[1154,207,1011,27,60],"class_list":{"0":"post-313404","1":"post","2":"type-post","3":"status-publish","4":"format-standard","5":"has-post-thumbnail","7":"category-cyclisme","8":"tag-cycling","9":"tag-cyclisme","10":"tag-fr","11":"tag-france","12":"tag-sports"},"share_on_mastodon":{"url":"https:\/\/pubeurope.com\/@fr\/115014638240092485","error":""},"_links":{"self":[{"href":"https:\/\/www.europesays.com\/fr\/wp-json\/wp\/v2\/posts\/313404","targetHints":{"allow":["GET"]}}],"collection":[{"href":"https:\/\/www.europesays.com\/fr\/wp-json\/wp\/v2\/posts"}],"about":[{"href":"https:\/\/www.europesays.com\/fr\/wp-json\/wp\/v2\/types\/post"}],"author":[{"embeddable":true,"href":"https:\/\/www.europesays.com\/fr\/wp-json\/wp\/v2\/users\/2"}],"replies":[{"embeddable":true,"href":"https:\/\/www.europesays.com\/fr\/wp-json\/wp\/v2\/comments?post=313404"}],"version-history":[{"count":0,"href":"https:\/\/www.europesays.com\/fr\/wp-json\/wp\/v2\/posts\/313404\/revisions"}],"wp:featuredmedia":[{"embeddable":true,"href":"https:\/\/www.europesays.com\/fr\/wp-json\/wp\/v2\/media\/313405"}],"wp:attachment":[{"href":"https:\/\/www.europesays.com\/fr\/wp-json\/wp\/v2\/media?parent=313404"}],"wp:term":[{"taxonomy":"category","embeddable":true,"href":"https:\/\/www.europesays.com\/fr\/wp-json\/wp\/v2\/categories?post=313404"},{"taxonomy":"post_tag","embeddable":true,"href":"https:\/\/www.europesays.com\/fr\/wp-json\/wp\/v2\/tags?post=313404"}],"curies":[{"name":"wp","href":"https:\/\/api.w.org\/{rel}","templated":true}]}}