{"id":313413,"date":"2025-08-12T07:38:13","date_gmt":"2025-08-12T07:38:13","guid":{"rendered":"https:\/\/www.europesays.com\/fr\/313413\/"},"modified":"2025-08-12T07:38:13","modified_gmt":"2025-08-12T07:38:13","slug":"la-famille-de-lamour-est-dans-le-pre-sest-encore-agrandie-une-agricultrice-maman-1-mois-que-tu-es-arrive","status":"publish","type":"post","link":"https:\/\/www.europesays.com\/fr\/313413\/","title":{"rendered":"La famille de L\u2019amour est dans le pr\u00e9 s\u2019est encore agrandie, une agricultrice maman : \u00ab\u00a01 mois que tu es arriv\u00e9\u00a0\u00bb"},"content":{"rendered":"<p>            <img loading=\"lazy\" decoding=\"async\" src=\"https:\/\/www.europesays.com\/fr\/wp-content\/uploads\/2025\/04\/144-64f8c016610ee-35x35-1.jpg\" class=\"author-article-picture\" width=\"35\" height=\"35\"\/><\/p>\n<p>                Par<br \/>\n                                    <a class=\"author-article-bio-link\" href=\"https:\/\/www.purepeople.com\/auteur\/louise-martin_a144\" rel=\"nofollow noopener\" target=\"_blank\">Louise Martin<\/a><br \/>\n                                                    | R\u00e9dactrice<\/p>\n<p>\n                Koh Lanta, Les Marseillais mais aussi Mari\u00e9s au Premier regards\u2026 Louise Martin est une t\u00e9l\u00e9vore qui essaye, \u00e0 ses heures perdues, de refaire les g\u00e2teaux qu\u2019elle admire devant le Meilleur P\u00e2tissier\u2026 mais elle ne risque pas de gagner le tablier bleu ! Les r\u00e9seaux sociaux n\u2019ont pas de secret pour elle, les derniers scoops, les derni\u00e8res \u00e9missions, elle les conna\u00eet tous.\n            <\/p>\n<p>\n    Ce lundi 11 ao\u00fbt 2025, les t\u00e9l\u00e9spectateurs de la six ont pris plaisir \u00e0 retrouver Karine Le Marchand aux commandes de \u00ab\u00a0L&rsquo;amour est dans le pr\u00e9 : Que sont-ils devenus ?\u00a0\u00bb. Mais quelques heures avant la diffusion de l&rsquo;\u00e9mission, une ex-candidate embl\u00e9matique a r\u00e9v\u00e9l\u00e9 qu&rsquo;elle venait d&rsquo;accueillir son premier enfant.\n<\/p>\n<p>                            <img loading=\"lazy\" decoding=\"async\" class=\"player-thumbnail\" src=\"https:\/\/www.europesays.com\/fr\/wp-content\/uploads\/2025\/08\/bda16c1a6542b736-580x326-1.jpg\" width=\"580\" height=\"326\"\/><\/p>\n<p>                    La famille de L\u2019amour est dans le pr\u00e9 s\u2019est encore agrandie, une agricultrice maman : \u00ab\u00a01 mois que tu es arriv\u00e9\u00a0\u00bb<\/p>\n<p>La suite apr\u00e8s la publicit\u00e9<\/p>\n<p>Depuis 2010, <a href=\"https:\/\/www.purepeople.com\/people\/karine-le-marchand_p340\" rel=\"nofollow noopener\" target=\"_blank\">Karine Le Marchand<\/a> est heureuse de pr\u00e9senter L&rsquo;amour est dans le pr\u00e9 sur la sixi\u00e8me cha\u00eene. L&rsquo;occasion pour elle d&rsquo;aider des agriculteurs en<strong> qu\u00eate du grand amour de trouver leur v\u00e9ritable \u00e2me soeur.<\/strong> Le 25 ao\u00fbt prochain, la 20\u00e8me \u00e9dition du programme phare sera d&rsquo;ailleurs lanc\u00e9e. En attendant sa diffusion le 11 ao\u00fbt, le groupe M6 a d\u00e9cid\u00e9 de mettre \u00e0 l&rsquo;honneur l&rsquo;actualit\u00e9 d&rsquo;anciens candidats ayant particip\u00e9 aux saisons 18 et 19 via une nouvelle salve de Que sont-ils devenus ?. Des<strong> retrouvailles riches en \u00e9motions et en surprises.<\/strong><\/p>\n<p>\u00ab\u00a0Il y a \u00e9norm\u00e9ment de rebondissements. Des couples sur lesquels on aurait pu miser beaucoup d&rsquo;argent ne sont plus et d&rsquo;autres sont apparus\u00a0\u00bb, avait affirm\u00e9 Karine Le Marchand lors de la conf\u00e9rence de presse orchestr\u00e9e en juillet dernier comme l&rsquo;ont rappel\u00e9 les \u00e9quipes de T\u00e9l\u00e9-Loisirs. Litt\u00e9ralement aux anges, la c\u00e9l\u00e8bre animatrice de 56 ans avait \u00e9galement annonc\u00e9 \u00ab\u00a0<strong>des mariages, des b\u00e9b\u00e9s et des nouvelles amiti\u00e9s<\/strong>\u00ab\u00a0. Comme d&rsquo;autres, Ana\u00efs l&rsquo;une des candidates de la 18\u00e8me saison prend plaisir \u00e0 parfois donner de ses nouvelles sur ses r\u00e9seaux. Et le 10 ao\u00fbt, l\u2019\u00e9leveuse de ch\u00e8vres un temps s\u00e9duite par Thomas &#8211; et qui avait rapidement d\u00e9chant\u00e9 \u00e0 <a href=\"https:\/\/www.purepeople.com\/article\/l-amour-est-dans-le-pre-anais-effrayee-par-son-ex-pretendant-romain-heureusement-qu-il-y-avait-les-cameras-spoiler_a516297\/1\" rel=\"nofollow noopener\" target=\"_blank\">cause de son ex-pr\u00e9tendant Romain<\/a> &#8211; a r\u00e9v\u00e9l\u00e9 qu&rsquo;elle venait de go\u00fbter pour <strong>la premi\u00e8re fois aux joies de la maternit\u00e9.<\/strong><\/p>\n<p>Un nouveau chapitre qui s&rsquo;ouvre pour Ana\u00efs<\/p>\n<p>Pour officialiser l&rsquo;heureuse nouvelle, celle qui avait d\u00e9cid\u00e9 de s\u2019installer en Nouvelle-Aquitaine a partag\u00e9 plusieurs photos d&rsquo;elle qui prouvent qu&rsquo;elle nage en plein bonheur. Sur l&rsquo;une d&rsquo;elles, Anais pose avec son compagnon sur un ballot de paille dans un pr\u00e9 tout en mettan<strong>t bien en avant son ventre bien rebondi. <\/strong>Sur d&rsquo;autres, la m\u00e8re de famille s&rsquo;immortalise tout sourire avec son nourrisson blotti contre elle. Visiblement, c&rsquo;est en <strong>juillet dernier que son clan s&rsquo;est agrandi.<\/strong><\/p>\n<p>\u00ab\u00a0<strong>Un mois que tu es arriv\u00e9 pour remplir nos vie de toujours plus de bonheur et d&rsquo;amou<\/strong><strong>r<\/strong>\u00ab\u00a0, a-t-elle l\u00e9gend\u00e9 sous sa publication qui a rapidement r\u00e9colt\u00e9 de multiples likes et commentaires. \u00ab\u00a0Merci \u00e0 la famille aimante , aux amis bienveillants, et \u00e0 tous ceux qui ont eu des <strong>petits mots doux et de nombreuses attentions<\/strong><strong>\u00ab\u00a0.<\/strong> Un nouveau chapitre de sa vie qu&rsquo;elle est heureuse d&rsquo;\u00e9crire !<\/p>\n","protected":false},"excerpt":{"rendered":"Par Louise Martin | R\u00e9dactrice Koh Lanta, Les Marseillais mais aussi Mari\u00e9s au Premier regards\u2026 Louise Martin est&hellip;\n","protected":false},"author":2,"featured_media":313414,"comment_status":"","ping_status":"","sticky":false,"template":"","format":"standard","meta":{"footnotes":""},"categories":[1356],"tags":[58,59,1011,27,252,1364],"class_list":{"0":"post-313413","1":"post","2":"type-post","3":"status-publish","4":"format-standard","5":"has-post-thumbnail","7":"category-television","8":"tag-divertissement","9":"tag-entertainment","10":"tag-fr","11":"tag-france","12":"tag-television","13":"tag-tv"},"share_on_mastodon":{"url":"https:\/\/pubeurope.com\/@fr\/115014657969746261","error":""},"_links":{"self":[{"href":"https:\/\/www.europesays.com\/fr\/wp-json\/wp\/v2\/posts\/313413","targetHints":{"allow":["GET"]}}],"collection":[{"href":"https:\/\/www.europesays.com\/fr\/wp-json\/wp\/v2\/posts"}],"about":[{"href":"https:\/\/www.europesays.com\/fr\/wp-json\/wp\/v2\/types\/post"}],"author":[{"embeddable":true,"href":"https:\/\/www.europesays.com\/fr\/wp-json\/wp\/v2\/users\/2"}],"replies":[{"embeddable":true,"href":"https:\/\/www.europesays.com\/fr\/wp-json\/wp\/v2\/comments?post=313413"}],"version-history":[{"count":0,"href":"https:\/\/www.europesays.com\/fr\/wp-json\/wp\/v2\/posts\/313413\/revisions"}],"wp:featuredmedia":[{"embeddable":true,"href":"https:\/\/www.europesays.com\/fr\/wp-json\/wp\/v2\/media\/313414"}],"wp:attachment":[{"href":"https:\/\/www.europesays.com\/fr\/wp-json\/wp\/v2\/media?parent=313413"}],"wp:term":[{"taxonomy":"category","embeddable":true,"href":"https:\/\/www.europesays.com\/fr\/wp-json\/wp\/v2\/categories?post=313413"},{"taxonomy":"post_tag","embeddable":true,"href":"https:\/\/www.europesays.com\/fr\/wp-json\/wp\/v2\/tags?post=313413"}],"curies":[{"name":"wp","href":"https:\/\/api.w.org\/{rel}","templated":true}]}}