{"id":313415,"date":"2025-08-12T07:39:10","date_gmt":"2025-08-12T07:39:10","guid":{"rendered":"https:\/\/www.europesays.com\/fr\/313415\/"},"modified":"2025-08-12T07:39:10","modified_gmt":"2025-08-12T07:39:10","slug":"the-life-of-a-showgirl-sera-le-12e-album-studio-de-la-chanteuse","status":"publish","type":"post","link":"https:\/\/www.europesays.com\/fr\/313415\/","title":{"rendered":"\u00ab\u00a0The Life of a Showgirl\u00a0\u00bb sera le 12e album studio de la chanteuse"},"content":{"rendered":"<p>La pop star am\u00e9ricaine vient d&rsquo;annoncer la sortie de son nouvel opus \u00ab\u00a0The Life of a Showgirl\u00a0\u00bb ce mardi 12 ao\u00fbt, dans une mise en sc\u00e8ne milim\u00e9tr\u00e9e.<\/p>\n<p>Rien n&rsquo;a \u00e9t\u00e9 laiss\u00e9 au hasard. Ce mardi 12 ao\u00fbt, <a href=\"https:\/\/www.bfmtv.com\/people\/taylor-swift-treize-statues-de-cire-integreront-le-musee-madame-tussauds_AD-202507240249.html\" title=\"Treize statues de cire de Taylor Swift d\u00e9voil\u00e9es au mus\u00e9e Madame Tussauds\" class=\"internal_link\" rel=\"nofollow noopener\" target=\"_blank\">Taylor Swift<\/a> a annonc\u00e9 son 12\u00e8me album studio The Life of a Showgirl quelques heures apr\u00e8s avoir publi\u00e9 un myst\u00e9rieux compte \u00e0 rebours sur son site web.<\/p>\n<p>Les Swifties &#8211; fans de Taylor Swift &#8211; avaient imm\u00e9diatement sp\u00e9cul\u00e9 qu&rsquo;une r\u00e9v\u00e9lation aurait lieu le 12\u00e8me jour du mois \u00e0 0h12 (soit 12h12 am), heure de la c\u00f4te Est. Peu apr\u00e8s l&rsquo;annonce, des panneaux publicitaires Spotify ont fait leur apparition \u00e0 New York et Nashville, dirigeant vers une playlist intitul\u00e9e \u00ab\u00a0And, baby, that&rsquo;s show business for you\u00a0\u00bb.<\/p>\n<p>Cette playlist, compos\u00e9e exclusivement de morceaux de la chanteuse, pourrait contenir des indices sur le nouvel album &#8211; les fans de Taylor Swift \u00e9tant habitu\u00e9s \u00e0 d\u00e9crypter les signes laiss\u00e9s par la chanteuse.<\/p>\n<p>Le titre de l&rsquo;album avait, quant \u00e0 lui, \u00e9t\u00e9 r\u00e9v\u00e9l\u00e9 dans un extrait du podcast New Heights Show co-anim\u00e9 par Travis Kelce, joueur de football am\u00e9ricain et compagnon de Taylor Swift. L&rsquo;\u00e9pisode, qui sortira mercredi 13 ao\u00fbt, avait \u00e9t\u00e9 relay\u00e9 sur les r\u00e9seaux sociaux de la popstar.<\/p>\n<p>Un retour apr\u00e8s The Tortured Poets Department<\/p>\n<p>Ce nouvel opus succ\u00e8de \u00e0 <a href=\"https:\/\/www.bfmtv.com\/people\/musique\/taylor-swift-the-tortured-poets-department-bat-un-record-d-ecoutes-sur-spotify_AV-202404250218.html\" title=\"Taylor Swift: &quot;The Tortured Poets Department&quot; bat un record d&#039;\u00e9coutes sur Spotify\" class=\"internal_link\" rel=\"nofollow noopener\" target=\"_blank\">The Tortured Poets Department<\/a>, sorti en avril 2024 et devenu l&rsquo;album le plus vendu de l&rsquo;ann\u00e9e. Swift avait surpris en \u00e9toffant ce projet deux heures apr\u00e8s sa sortie initiale, le transformant en double album intitul\u00e9 The Anthology.<\/p>\n<p>The Life of a Showgirl arrive \u00e9galement \u00e0 un moment charni\u00e8re de la carri\u00e8re de Swift. En mai dernier, elle avait annonc\u00e9 avoir rachet\u00e9 son catalogue d&rsquo;enregistrements initialement publi\u00e9 chez Big Machine Records, r\u00e9cup\u00e9rant ainsi la propri\u00e9t\u00e9 de ses \u0153uvres pour une somme \u00e0 neuf chiffres.<\/p>\n","protected":false},"excerpt":{"rendered":"La pop star am\u00e9ricaine vient d&rsquo;annoncer la sortie de son nouvel opus \u00ab\u00a0The Life of a Showgirl\u00a0\u00bb ce&hellip;\n","protected":false},"author":2,"featured_media":313416,"comment_status":"","ping_status":"","sticky":false,"template":"","format":"standard","meta":{"footnotes":""},"categories":[1355],"tags":[58,59,1011,27,1361,873],"class_list":{"0":"post-313415","1":"post","2":"type-post","3":"status-publish","4":"format-standard","5":"has-post-thumbnail","7":"category-musique","8":"tag-divertissement","9":"tag-entertainment","10":"tag-fr","11":"tag-france","12":"tag-music","13":"tag-musique"},"share_on_mastodon":{"url":"https:\/\/pubeurope.com\/@fr\/115014661831297849","error":""},"_links":{"self":[{"href":"https:\/\/www.europesays.com\/fr\/wp-json\/wp\/v2\/posts\/313415","targetHints":{"allow":["GET"]}}],"collection":[{"href":"https:\/\/www.europesays.com\/fr\/wp-json\/wp\/v2\/posts"}],"about":[{"href":"https:\/\/www.europesays.com\/fr\/wp-json\/wp\/v2\/types\/post"}],"author":[{"embeddable":true,"href":"https:\/\/www.europesays.com\/fr\/wp-json\/wp\/v2\/users\/2"}],"replies":[{"embeddable":true,"href":"https:\/\/www.europesays.com\/fr\/wp-json\/wp\/v2\/comments?post=313415"}],"version-history":[{"count":0,"href":"https:\/\/www.europesays.com\/fr\/wp-json\/wp\/v2\/posts\/313415\/revisions"}],"wp:featuredmedia":[{"embeddable":true,"href":"https:\/\/www.europesays.com\/fr\/wp-json\/wp\/v2\/media\/313416"}],"wp:attachment":[{"href":"https:\/\/www.europesays.com\/fr\/wp-json\/wp\/v2\/media?parent=313415"}],"wp:term":[{"taxonomy":"category","embeddable":true,"href":"https:\/\/www.europesays.com\/fr\/wp-json\/wp\/v2\/categories?post=313415"},{"taxonomy":"post_tag","embeddable":true,"href":"https:\/\/www.europesays.com\/fr\/wp-json\/wp\/v2\/tags?post=313415"}],"curies":[{"name":"wp","href":"https:\/\/api.w.org\/{rel}","templated":true}]}}