{"id":313419,"date":"2025-08-12T07:41:10","date_gmt":"2025-08-12T07:41:10","guid":{"rendered":"https:\/\/www.europesays.com\/fr\/313419\/"},"modified":"2025-08-12T07:41:10","modified_gmt":"2025-08-12T07:41:10","slug":"ce-medicament-vital-pour-250-000-francais-risque-detre-introuvable-dans-les-prochaines-semaines","status":"publish","type":"post","link":"https:\/\/www.europesays.com\/fr\/313419\/","title":{"rendered":"Ce m\u00e9dicament vital pour 250\u00a0000\u00a0Fran\u00e7ais risque d&rsquo;\u00eatre introuvable dans les prochaines semaines"},"content":{"rendered":"<p>\n                L&rsquo;Agence du m\u00e9dicament alerte sur une d\u00e9gradation de sa disponibilit\u00e9 jusqu&rsquo;\u00e0&#8230;            <\/p>\n<p>Les personnes qui prennent ce m\u00e9dicament ne peuvent pas s&rsquo;en passer. Pourtant, l&rsquo;Agence nationale du m\u00e9dicament (ANSM) pr\u00e9vient qu&rsquo;elles risquent de ne plus le trouver en pharmacie dans les prochaines semaines \u00e0 cause d&rsquo;un \u00ab\u00a0retard de production\u00a0\u00bb du laboratoire Viatris. Ce retard va accentuer les tensions d&rsquo;approvisionnement\u00a0de ce traitement d\u00e9j\u00e0 pr\u00e9sentes en France et sa disponibilit\u00e9 va se \u00ab\u00a0d\u00e9grader\u00a0\u00bb selon le communiqu\u00e9 des autorit\u00e9s sanitaires.<\/p>\n<p>Ce m\u00e9dicament pris par environ 250 000 Fran\u00e7ais est un neuroleptique. Il dispose d&rsquo;effets s\u00e9datifs et antid\u00e9presseurs et peut aussi, de fa\u00e7on plus mod\u00e9r\u00e9e, agir sur les\u00a0r\u00e9cepteurs de la dopamine, ce qui contribue \u00e0 r\u00e9duire certains sympt\u00f4mes psychotiques. Les m\u00e9decins le prescrivent contre les les <a href=\"https:\/\/sante.journaldesfemmes.fr\/fiches-psycho-psychiatrie\/2537892-bipolaire-definition-symptomes\/\" title=\"Bipolarit\u00e9\" rel=\"nofollow noopener\" target=\"_blank\">troubles bipolaires<\/a>, la d\u00e9pression\u00a0et la schizophr\u00e9nie. Si les patients ne peuvent plus avoir leur traitement, les risques sont importants. L&rsquo;arr\u00eat brutal peut provoquer un syndrome de sevrage avec insomnie, agitation, naus\u00e9es, maux de t\u00eate, anxi\u00e9t\u00e9&#8230;\u00a0Sur le plan psychiatrique, il expose \u00e0 une rechute de la maladie et \u00e0\u00a0une d\u00e9gradation rapide de l&rsquo;\u00e9tat de sant\u00e9.<\/p>\n<p>\u00ab\u00a0Nous recherchons des solutions alternatives avec l&rsquo;ensemble des laboratoires\u00a0commercialisant la qu\u00e9tiapine en France et en Europe\u00a0\u00bb explique l&rsquo;<a href=\"https:\/\/ansm.sante.fr\/actualites\/quetiapine-300-mg-et-400-mg-lp-conduites-a-tenir-dans-un-contexte-de-fortes-tensions-dapprovisionnement-au-05-aout-2025\" target=\"_blank\" rel=\"nofollow noopener\">ANSM<\/a>. La qu\u00e9tiapine est la substance active du m\u00e9dicament\u00a0Xeroquel\u00ae. Elle est aussi vendue sous forme g\u00e9n\u00e9rique (Qu\u00e9tiapine Sandoz, Qu\u00e9tiapine Biogaran, Qu\u00e9tiapine Arrow\u202fLab). Les m\u00e9dicaments\u00a0concern\u00e9s par les fortes tensions d&rsquo;approvisionnement\u00a0sont ceux contenant de la <a href=\"https:\/\/sante.journaldesfemmes.fr\/fiches-medicaments\/2838183-quetiapine-effets-secondaires-danger-dosage-nom\/\" title=\"Qu\u00e9tiapine\" rel=\"nofollow noopener\" target=\"_blank\">qu\u00e9tiapine<\/a>\u00a0300\u00a0mg et 400\u00a0mg LP (lib\u00e9ration prolong\u00e9e).\u00a0La qu\u00e9tiapine 50\u00a0mg LP Viatris n&rsquo;est pas concern\u00e9e.<\/p>\n<p>Si le\u00a0m\u00e9dicament \u00e0 base de qu\u00e9tiapine\u00a0prescrit par le m\u00e9decin n&rsquo;est pas disponible en pharmacie, il\u00a0peut\u00a0en prescrire un autre\u00a0en ajustant la dose. Le pharmacien peut dispenser des g\u00e9lules de qu\u00e9tiapine \u00e0 lib\u00e9ration imm\u00e9diate (LI) sous forme de pr\u00e9paration magistrale. Une pr\u00e9paration magistrale est un m\u00e9dicament fabriqu\u00e9 sur mesure par le pharmacien. Attention :\u00a0la qu\u00e9tiapine \u00e0 lib\u00e9ration imm\u00e9diate peut augmenter la somnolence et les vertiges, surtout au d\u00e9but. \u00c9vitez de conduire tant que vous ne savez pas comment vous r\u00e9agissez \u00e0 ce traitement.\u00a0La qu\u00e9tiapine\u00a0\u00e0 lib\u00e9ration imm\u00e9diate doit \u00eatre prise \u00e0 heures pr\u00e9cises. Signalez \u00e0 votre m\u00e9decin tout effet ind\u00e9sirable ou sympt\u00f4me que vous jugez inhabituel ou si vous constatez\u00a0que le traitement n&rsquo;agit pas comme d&rsquo;habitude.<\/p>\n","protected":false},"excerpt":{"rendered":"L&rsquo;Agence du m\u00e9dicament alerte sur une d\u00e9gradation de sa disponibilit\u00e9 jusqu&rsquo;\u00e0&#8230; Les personnes qui prennent ce m\u00e9dicament ne&hellip;\n","protected":false},"author":2,"featured_media":313420,"comment_status":"","ping_status":"","sticky":false,"template":"","format":"standard","meta":{"footnotes":""},"categories":[10],"tags":[1011,27,72,71],"class_list":{"0":"post-313419","1":"post","2":"type-post","3":"status-publish","4":"format-standard","5":"has-post-thumbnail","7":"category-sante","8":"tag-fr","9":"tag-france","10":"tag-health","11":"tag-sante"},"share_on_mastodon":{"url":"https:\/\/pubeurope.com\/@fr\/115014669709728532","error":""},"_links":{"self":[{"href":"https:\/\/www.europesays.com\/fr\/wp-json\/wp\/v2\/posts\/313419","targetHints":{"allow":["GET"]}}],"collection":[{"href":"https:\/\/www.europesays.com\/fr\/wp-json\/wp\/v2\/posts"}],"about":[{"href":"https:\/\/www.europesays.com\/fr\/wp-json\/wp\/v2\/types\/post"}],"author":[{"embeddable":true,"href":"https:\/\/www.europesays.com\/fr\/wp-json\/wp\/v2\/users\/2"}],"replies":[{"embeddable":true,"href":"https:\/\/www.europesays.com\/fr\/wp-json\/wp\/v2\/comments?post=313419"}],"version-history":[{"count":0,"href":"https:\/\/www.europesays.com\/fr\/wp-json\/wp\/v2\/posts\/313419\/revisions"}],"wp:featuredmedia":[{"embeddable":true,"href":"https:\/\/www.europesays.com\/fr\/wp-json\/wp\/v2\/media\/313420"}],"wp:attachment":[{"href":"https:\/\/www.europesays.com\/fr\/wp-json\/wp\/v2\/media?parent=313419"}],"wp:term":[{"taxonomy":"category","embeddable":true,"href":"https:\/\/www.europesays.com\/fr\/wp-json\/wp\/v2\/categories?post=313419"},{"taxonomy":"post_tag","embeddable":true,"href":"https:\/\/www.europesays.com\/fr\/wp-json\/wp\/v2\/tags?post=313419"}],"curies":[{"name":"wp","href":"https:\/\/api.w.org\/{rel}","templated":true}]}}