{"id":313429,"date":"2025-08-12T07:46:12","date_gmt":"2025-08-12T07:46:12","guid":{"rendered":"https:\/\/www.europesays.com\/fr\/313429\/"},"modified":"2025-08-12T07:46:12","modified_gmt":"2025-08-12T07:46:12","slug":"israel-assassine-six-journalistes-palestiniens-a-gaza-dont-le-celebre-reporter-anas-al-sharif-mediapart-2","status":"publish","type":"post","link":"https:\/\/www.europesays.com\/fr\/313429\/","title":{"rendered":"Isra\u00ebl assassine six journalistes palestiniens \u00e0 Gaza, dont le c\u00e9l\u00e8bre reporter Anas al-Sharif &#8211; Mediapart"},"content":{"rendered":"<ol>\n<li><a href=\"https:\/\/news.google.com\/rss\/articles\/CBMi3gFBVV95cUxQUGFRS0wzTTBZQ3NNYWdGLXU5d3lZTVpjMkxTdURUY1FlMEg0UnR2Umg4czVHRTQ4LS0yV3ZPRTlEODJhbWswWGY1UERtZE1UXzcybVJsUHZvOWI5OUxUajYwbHNsVk1sVTVKbkN4M2pMSHdQRlNYRjRjNW5ybFpralhnQWFVUUJtZ05pM094YVlSN2VpS0NsX3VVVDBTeWRObldXSXRaMWZaVjFka2E4czFWZWNzdGpZTk1KNFNidFBscjZINmlNeDcxN2ZlR1BJTEt5SjlQUFg0anhrbWc?oc=5\" target=\"_blank\" rel=\"noopener\">Isra\u00ebl assassine six journalistes palestiniens \u00e0 Gaza, dont le c\u00e9l\u00e8bre reporter Anas al-Sharif<\/a>&nbsp;&nbsp;Mediapart<\/li>\n<li><a href=\"https:\/\/news.google.com\/rss\/articles\/CBMiqwFBVV95cUxOMjZYa1M1NzFGbFFJZXhxMTZrSDA2S3owRE5acXZpMmJfRVNRa0RicDhxQXd3bHRhdzBZdm9DSVJvV1RBeUExcEhwajRhUjQwdUZBRjB4YzFicWk4VlVsRnZYMGdmN0hnWFVKUlhLVmJEa3IxYjk4SmI3QnUwck8yaWhSNnp0dEwxNlNzdVRCMnpEMEJSVjBHcHVJNXhRVU9IYmJMMmdRZmFfUkU?oc=5\" target=\"_blank\" rel=\"noopener\">La revue de presse : l\u2019UE peut-elle encore tenir t\u00eate \u00e0 Trump et Poutine ?<\/a>&nbsp;&nbsp;RTBF<\/li>\n<li><a href=\"https:\/\/news.google.com\/rss\/articles\/CBMilwJBVV95cUxNSWw0QXdFWGVjc3pTdXdYb2duaXl4cVhIemQ5ZzNSenliVXZHeUZlUXRHbmhfamNMb3Z4WWhSQzZIckhTQTUwUHRRTVlSTk9RQTFNNE1vTjRKTVJ2RzBmX0hvQzhmMXR0bTZOVXJzRWE2VWtkV196bHU2RjM5TkhBd1N0RGNuNG1EM0h4R2EyQVpyNHRZU1o1SXBxc3RHT2YtalB0ME1EVUkwNWtjVHJ3Wk1JWkVEWkgwQUwtWUNVZ0xiekRtNlhnV3BheFd6dFRxbWhlR2FXZF9lTFc5QW9xYTE0MXlQTlhmcnp1Sk9LTFNCZlI3UVFhTFBvdElwMXBnWmllYWNTdWlkNmVTanZ4RHVJOVJXUjA?oc=5\" target=\"_blank\" rel=\"noopener\">\u00abIsra\u00ebl a r\u00e9ussi \u00e0 faire taire ma voix\u00bb : le c\u00e9l\u00e8bre journaliste d\u2019Al-Jazeera Anas al-Sharif tu\u00e9 \u00e0 Gaza<\/a>&nbsp;&nbsp;Lib\u00e9ration<\/li>\n<li><a href=\"https:\/\/news.google.com\/rss\/articles\/CBMi0AJBVV95cUxPekx5V1ozRXd3d2xCakszbndLa2ZCQ2dMcmZhSFZVWERwZUtkNUlmS0trczI1anBpVlBVd0w4YTBxQzFfZURaLU42UXg5NVpWbS1TUFBPSDdCRDQ3X001X3VaRWN4TkFocEJXWVotb25rblVfLUxRdzlILTFrUHRYSE9ZZ0s2M0lSeFpNQ1UySm5KQUlNTnpxYWZ0UmhkN3ZHVFVlVlI1MlpQSVZWRHRnNTlKUDdTV1pvSms0MEd3NjNITThjcVB6WU03dThDdmVydzN2aXhmSXRvUzk4b01JZkhaOFFEeGVtV0Nha2V1RjQ0V3lUVFJhZjlzSjRyaGZsb1VfY1hoYzFRcXFScWtBZjUxM0xBMXNuQTI3MzZhc1ZDSHNaZ3lUS0QtUGFPemMza0VyYVg0TWE1MTc4QklkRkZuME95dkp6WTdMZUNvTW8?oc=5\" target=\"_blank\" rel=\"noopener\">En direct, Gaza : l\u2019Union europ\u00e9enne condamne le \u00ab meurtre de cinq journalistes d\u2019Al-Jazira \u00bb dans une frappe isra\u00e9lienne, dit la cheffe de la diplomatie de l\u2019UE<\/a>&nbsp;&nbsp;Le Monde.fr<\/li>\n<li><a href=\"https:\/\/news.google.com\/rss\/articles\/CBMi1wFBVV95cUxPN2Y0T0hwcGtRZHVVSS1JRFlFU2VGbXBfa2ZLaVFZZWlFV1BWblhyNlZ2REpQaTRpdmdEZjRnU0hrcUZWbngxZFR4bWhKWE5zUnlGTWotSEsydmt0bXA2LVdXZ0VPNmZFZVVGaG5LRjdVczF6SVMwYjlWcmRBNkIxQnd1S2RFcURqaTVISDFQb2RUT1BIVWlGOEVmaUppQ2pZYlYxejY5OFc3SU5XM19FZzFMWDcwYnp4T3dvVEdPTG5VckxJdWQzY2dYWHpQRUhDV1NhN1RPYw?oc=5\" target=\"_blank\" rel=\"noopener\">Gaza, droits de douane, Pennsylvanie : les informations de la nuit<\/a>&nbsp;&nbsp;Courrier international<\/li>\n<\/ol>\n","protected":false},"excerpt":{"rendered":"Isra\u00ebl assassine six journalistes palestiniens \u00e0 Gaza, dont le c\u00e9l\u00e8bre reporter Anas al-Sharif&nbsp;&nbsp;Mediapart La revue de presse :&hellip;\n","protected":false},"author":2,"featured_media":312668,"comment_status":"","ping_status":"","sticky":false,"template":"","format":"standard","meta":{"footnotes":""},"categories":[5],"tags":[11,1011,27,665,9267,14,664,2957,12,31,28],"class_list":{"0":"post-313429","1":"post","2":"type-post","3":"status-publish","4":"format-standard","5":"has-post-thumbnail","7":"category-international","8":"tag-actualites","9":"tag-fr","10":"tag-france","11":"tag-gaza","12":"tag-genocide","13":"tag-international","14":"tag-israel","15":"tag-journaliste","16":"tag-news","17":"tag-proche-et-moyen-orient","18":"tag-world"},"share_on_mastodon":{"url":"https:\/\/pubeurope.com\/@fr\/115014689368713433","error":""},"_links":{"self":[{"href":"https:\/\/www.europesays.com\/fr\/wp-json\/wp\/v2\/posts\/313429","targetHints":{"allow":["GET"]}}],"collection":[{"href":"https:\/\/www.europesays.com\/fr\/wp-json\/wp\/v2\/posts"}],"about":[{"href":"https:\/\/www.europesays.com\/fr\/wp-json\/wp\/v2\/types\/post"}],"author":[{"embeddable":true,"href":"https:\/\/www.europesays.com\/fr\/wp-json\/wp\/v2\/users\/2"}],"replies":[{"embeddable":true,"href":"https:\/\/www.europesays.com\/fr\/wp-json\/wp\/v2\/comments?post=313429"}],"version-history":[{"count":0,"href":"https:\/\/www.europesays.com\/fr\/wp-json\/wp\/v2\/posts\/313429\/revisions"}],"wp:featuredmedia":[{"embeddable":true,"href":"https:\/\/www.europesays.com\/fr\/wp-json\/wp\/v2\/media\/312668"}],"wp:attachment":[{"href":"https:\/\/www.europesays.com\/fr\/wp-json\/wp\/v2\/media?parent=313429"}],"wp:term":[{"taxonomy":"category","embeddable":true,"href":"https:\/\/www.europesays.com\/fr\/wp-json\/wp\/v2\/categories?post=313429"},{"taxonomy":"post_tag","embeddable":true,"href":"https:\/\/www.europesays.com\/fr\/wp-json\/wp\/v2\/tags?post=313429"}],"curies":[{"name":"wp","href":"https:\/\/api.w.org\/{rel}","templated":true}]}}