{"id":313430,"date":"2025-08-12T07:47:11","date_gmt":"2025-08-12T07:47:11","guid":{"rendered":"https:\/\/www.europesays.com\/fr\/313430\/"},"modified":"2025-08-12T07:47:11","modified_gmt":"2025-08-12T07:47:11","slug":"quatorze-departements-en-alerte-ce-mardi-la-vigilance-maintenue-demain","status":"publish","type":"post","link":"https:\/\/www.europesays.com\/fr\/313430\/","title":{"rendered":"quatorze d\u00e9partements en alerte ce mardi, la vigilance maintenue demain"},"content":{"rendered":"<p>        <img decoding=\"async\" loading=\"lazy\" src=\"https:\/\/www.europesays.com\/fr\/wp-content\/uploads\/2025\/08\/b739f4e_1658620731355-62ac165d2500003d0832df5a.jpg\"  width=\"728\" height=\"486\" alt=\"La canicule se poursuit avec 14\u00a0d\u00e9partement en vigilance rouge ce mardi et demain (photo d\u2019illustration \u00e0 Toulouse)\"\/>  <\/p>\n<p>Alain Pitton \/ NurPhoto \/ Getty Images<\/p>\n<p>La canicule se poursuit avec 14\u00a0d\u00e9partement en vigilance rouge ce mardi et demain (photo d\u2019illustration \u00e0 Toulouse)<\/p>\n<p class=\"asset asset-text\">METEO &#8211; Pas de changement de couleur. La <a href=\"https:\/\/www.huffingtonpost.fr\/france\/article\/vigilance-rouge-canicule-tout-ce-qu-implique-ce-niveau-d-alerte-maximale-declenche-dans-12-departements-ce-lundi-clx1_252016.html\" target=\"_blank\" rel=\"noopener\">vigilance rouge<\/a> en vigueur ce mardi 12\u00a0ao\u00fbt dans 14 d\u00e9partements du Sud-Ouest et du Centre-Est en proie \u00e0 la canicule sera maintenue mercredi13\u00a0ao\u00fbt, a annonc\u00e9 M\u00e9t\u00e9o-France dans son dernier bulletin publi\u00e9 \u00e0 6h. Le pr\u00e9visionniste maintient \u00e9galement en vigilance orange les 64 d\u00e9partements sous ce niveau d\u2019alerte.<\/p>\n<p class=\"asset asset-text\">Apr\u00e8s des <a href=\"https:\/\/www.huffingtonpost.fr\/france\/article\/canicule-la-barre-symbolique-des-40-c-depassee-dans-le-sud-ouest-avec-plusieurs-records-a-la-cle_253475.html\" target=\"_blank\" rel=\"noopener\">temp\u00e9ratures d\u00e9j\u00e0 \u00e9touffantes<\/a> lundi, les d\u00e9partements de la Gironde, de la Dordogne, de Lot-et-Garonne, des Landes, du Lot, de Tarn-et-Garonne, du Gers, du Tarn, de la Haute-Garonne et de l\u2019Aude restent en vigilance rouge ce mardi, rejoints \u00e0 12h par le Rh\u00f4ne, l\u2019Is\u00e8re, la Dr\u00f4me, et l\u2019Ard\u00e8che. Une liste valable \u00e9galement pour mercredi 13\u00a0ao\u00fbt, donc.<\/p>\n<p class=\"asset asset-text\">\u00ab\u00a0Ce mardi, les temp\u00e9ratures restent tr\u00e8s \u00e9lev\u00e9es sur le Sud-Ouest, \u00e0 peine inf\u00e9rieures \u00e0 celle de lundi\u00a0\u00bb, explique M\u00e9t\u00e9o-France. \u00ab\u00a0Les 40\u00b0C sont m\u00eame possibles sur le littoral aquitain par endroits. Toujours des pointes \u00e0 42\u00b0C dans l\u2019Aude.\u00a0\u00bb Dans la vall\u00e9e du Rh\u00f4ne et dans le Lyonnais, \u00ab\u00a0il est pr\u00e9vu entre 39 et 41\u00b0C\u00a0\u00bb.<\/p>\n<p class=\"asset asset-text\">En ce deuxi\u00e8me jour de la semaine, \u00ab\u00a0les fortes chaleurs gagnent vers le nord et le nord-est\u00a0: 36\u00b0C \u00e0 38\u00b0C sont attendus du Val-de-Loire \u00e0 l\u2019\u00cele-de-France et au Grand-Est\u00a0\u00bb, pr\u00e9vient M\u00e9t\u00e9o-France.<\/p>\n<p class=\"asset asset-text\">Apr\u00e8s une journ\u00e9e \u00e9touffante aujourd\u2019hui, les temp\u00e9ratures \u00ab\u00a0marquent un peu le pas en g\u00e9n\u00e9ral au Sud\u00a0\u00bb mercredi. Elles seront \u00ab\u00a0en l\u00e9g\u00e8re hausse dans le Nord-Est\u00a0: des pointes \u00e0 40\u00b0C sont pr\u00e9vues en Bourgogne, encore autour de 35\/36\u00b0C \u00e0 Paris\u00a0\u00bb, a ajout\u00e9 l\u2019institut de pr\u00e9vision.<\/p>\n","protected":false},"excerpt":{"rendered":"Alain Pitton \/ NurPhoto \/ Getty Images La canicule se poursuit avec 14\u00a0d\u00e9partement en vigilance rouge ce mardi&hellip;\n","protected":false},"author":2,"featured_media":313431,"comment_status":"","ping_status":"","sticky":false,"template":"","format":"standard","meta":{"footnotes":""},"categories":[4],"tags":[11,6698,1011,27,2487,12,25,35567],"class_list":{"0":"post-313430","1":"post","2":"type-post","3":"status-publish","4":"format-standard","5":"has-post-thumbnail","7":"category-france","8":"tag-actualites","9":"tag-canicule","10":"tag-fr","11":"tag-france","12":"tag-meteo","13":"tag-news","14":"tag-republique-francaise","15":"tag-vigilance-rouge"},"share_on_mastodon":{"url":"https:\/\/pubeurope.com\/@fr\/115014693299005769","error":""},"_links":{"self":[{"href":"https:\/\/www.europesays.com\/fr\/wp-json\/wp\/v2\/posts\/313430","targetHints":{"allow":["GET"]}}],"collection":[{"href":"https:\/\/www.europesays.com\/fr\/wp-json\/wp\/v2\/posts"}],"about":[{"href":"https:\/\/www.europesays.com\/fr\/wp-json\/wp\/v2\/types\/post"}],"author":[{"embeddable":true,"href":"https:\/\/www.europesays.com\/fr\/wp-json\/wp\/v2\/users\/2"}],"replies":[{"embeddable":true,"href":"https:\/\/www.europesays.com\/fr\/wp-json\/wp\/v2\/comments?post=313430"}],"version-history":[{"count":0,"href":"https:\/\/www.europesays.com\/fr\/wp-json\/wp\/v2\/posts\/313430\/revisions"}],"wp:featuredmedia":[{"embeddable":true,"href":"https:\/\/www.europesays.com\/fr\/wp-json\/wp\/v2\/media\/313431"}],"wp:attachment":[{"href":"https:\/\/www.europesays.com\/fr\/wp-json\/wp\/v2\/media?parent=313430"}],"wp:term":[{"taxonomy":"category","embeddable":true,"href":"https:\/\/www.europesays.com\/fr\/wp-json\/wp\/v2\/categories?post=313430"},{"taxonomy":"post_tag","embeddable":true,"href":"https:\/\/www.europesays.com\/fr\/wp-json\/wp\/v2\/tags?post=313430"}],"curies":[{"name":"wp","href":"https:\/\/api.w.org\/{rel}","templated":true}]}}