{"id":313434,"date":"2025-08-12T07:50:12","date_gmt":"2025-08-12T07:50:12","guid":{"rendered":"https:\/\/www.europesays.com\/fr\/313434\/"},"modified":"2025-08-12T07:50:12","modified_gmt":"2025-08-12T07:50:12","slug":"immersion-dans-ce-camping-naturiste-des-gorges-de-la-loire","status":"publish","type":"post","link":"https:\/\/www.europesays.com\/fr\/313434\/","title":{"rendered":"immersion dans ce camping naturiste des Gorges de la Loire"},"content":{"rendered":"<p>Sur la petite route \u00e9troite qui m\u00e8ne au lieu-dit Le Dorier, \u00e0 Saint-Victor-sur-Loire, la vue est imprenable sur la vall\u00e9e de l\u2019Ondaine que l\u2019on d\u00e9couvre en contrebas, de l\u2019autre c\u00f4t\u00e9 des plateaux du Pilat.<\/p>\n<p>On monte, on descend, sur un d\u00e9nivel\u00e9 parfois \u00e0 25\u00a0%, avec en point de mire les d\u00f4mes des Sucs. Plein sud. Quelques li\u00e8vres traversent d\u2019un bond l\u2019asphalte quand au-dessus des t\u00eates, un Milan royal plane avec nonchalance.<\/p>\n<p><strong>&gt;&gt; <a href=\"https:\/\/www.leprogres.fr\/magazine-sante\/2024\/08\/18\/naturisme-faut-il-aimer-son-corps-pour-franchir-le-pas\" target=\"_blank\" rel=\"noopener\">Naturisme : faut-il aimer son corps pour franchir le pas ?<\/a><\/strong><\/p>\n<p>Il y a 50 ans, une friche remplie de ronces<\/p>\n<p>C\u2019est dans ce cadre magnifique que le camping naturiste Le Dorier a vu le jour il y a cinquante ans. Bien cach\u00e9 juste au-dessus des gorges de la Loire. \u00ab\u00a0Avec trois amis, on a trouv\u00e9 ce terrain en 1974, se souvient Monique Carton&#8230;.<\/p>\n","protected":false},"excerpt":{"rendered":"Sur la petite route \u00e9troite qui m\u00e8ne au lieu-dit Le Dorier, \u00e0 Saint-Victor-sur-Loire, la vue est imprenable sur&hellip;\n","protected":false},"author":2,"featured_media":313435,"comment_status":"","ping_status":"","sticky":false,"template":"","format":"standard","meta":{"footnotes":""},"categories":[9653],"tags":[1111,11,2430,4406,33,7539,1777,674,107,1011,27,12,25,4001,7538,4604,273,104,602],"class_list":{"0":"post-313434","1":"post","2":"type-post","3":"status-publish","4":"format-standard","5":"has-post-thumbnail","7":"category-saint-etienne","8":"tag-actu","9":"tag-actualites","10":"tag-auvergne-rhone-alpes","11":"tag-commerce-et-services","12":"tag-economie","13":"tag-edition-loire-sud","14":"tag-eu","15":"tag-europe","16":"tag-fil-info","17":"tag-fr","18":"tag-france","19":"tag-news","20":"tag-republique-francaise","21":"tag-saint-etienne","22":"tag-saint-etienne-ville","23":"tag-selection-abonne","24":"tag-selection-de-la-redaction","25":"tag-societe","26":"tag-tourisme"},"share_on_mastodon":{"url":"https:\/\/pubeurope.com\/@fr\/115014705165297271","error":""},"_links":{"self":[{"href":"https:\/\/www.europesays.com\/fr\/wp-json\/wp\/v2\/posts\/313434","targetHints":{"allow":["GET"]}}],"collection":[{"href":"https:\/\/www.europesays.com\/fr\/wp-json\/wp\/v2\/posts"}],"about":[{"href":"https:\/\/www.europesays.com\/fr\/wp-json\/wp\/v2\/types\/post"}],"author":[{"embeddable":true,"href":"https:\/\/www.europesays.com\/fr\/wp-json\/wp\/v2\/users\/2"}],"replies":[{"embeddable":true,"href":"https:\/\/www.europesays.com\/fr\/wp-json\/wp\/v2\/comments?post=313434"}],"version-history":[{"count":0,"href":"https:\/\/www.europesays.com\/fr\/wp-json\/wp\/v2\/posts\/313434\/revisions"}],"wp:featuredmedia":[{"embeddable":true,"href":"https:\/\/www.europesays.com\/fr\/wp-json\/wp\/v2\/media\/313435"}],"wp:attachment":[{"href":"https:\/\/www.europesays.com\/fr\/wp-json\/wp\/v2\/media?parent=313434"}],"wp:term":[{"taxonomy":"category","embeddable":true,"href":"https:\/\/www.europesays.com\/fr\/wp-json\/wp\/v2\/categories?post=313434"},{"taxonomy":"post_tag","embeddable":true,"href":"https:\/\/www.europesays.com\/fr\/wp-json\/wp\/v2\/tags?post=313434"}],"curies":[{"name":"wp","href":"https:\/\/api.w.org\/{rel}","templated":true}]}}