{"id":313440,"date":"2025-08-12T07:54:10","date_gmt":"2025-08-12T07:54:10","guid":{"rendered":"https:\/\/www.europesays.com\/fr\/313440\/"},"modified":"2025-08-12T07:54:10","modified_gmt":"2025-08-12T07:54:10","slug":"lintegralite-du-tableau-des-transferts-du-rc-toulon-pour-la-saison-2025-2026","status":"publish","type":"post","link":"https:\/\/www.europesays.com\/fr\/313440\/","title":{"rendered":"L&rsquo;int\u00e9gralit\u00e9 du tableau des transferts du RC Toulon pour la saison 2025 \/ 2026 !"},"content":{"rendered":"<p>Le Rugby Club Toulonnais pr\u00e9pare actuellement la saison 2025 \/ 2026.<\/p>\n<p>A l\u2019approche de cette nouvelle saison, voyons ensemble l\u2019int\u00e9gralit\u00e9 du tableau des transferts du RCT pour cette nouvelle saison.<\/p>\n<p>Comme vous le savez, il y a davantage de d\u00e9parts que d\u2019arriv\u00e9e : 7 arriv\u00e9es pour 10 d\u00e9parts.<\/p>\n<p>Et pour cause, le staff Toulonnais souhaite donner la chance \u00e0 certains jeunes du centre de formation.<\/p>\n<p><strong>Voici le tableau des transferts du RCT :\u00a0<\/strong><\/p>\n<p><strong>Arriv\u00e9es\u00a0:<\/strong><\/p>\n<p>Nikoloz Narmania (pilier, Biarritz), Zach Mercer (troisi\u00e8me ligne, Gloucester), Patrick Tuifua (troisi\u00e8me ligne, Hawke\u2019s Bay), Clovis Le Bail (demi de m\u00eal\u00e9e, Racing 92), Mateo Garcia (ouvreur, Union Bordeaux-B\u00e8gles), Ignacio Brex (centre, Tr\u00e9vise), Mathis Fert\u00e9 (arri\u00e8re, Brive).<\/p>\n<p><strong>D\u00e9parts\u00a0:<\/strong><\/p>\n<p>Emerick Setiano (pilier, Bayonne), Matteo Le Corvec (troisi\u00e8me ligne, Perpignan), Facundo Isa (troisi\u00e8me ligne, Pau), Selevasio Tolofua (troisi\u00e8me ligne, Clermont), Jules Danglot (demi de m\u00eal\u00e9e, Colomiers), Duncan Paia\u2019aua (centre, Perpignan), Leicester Fainga\u2019anuku (centre, Crusaders), Jiuta Wainiqolo (ailier, Lyon), Davit Mchedlidze (pilier, pr\u00eat Nevers), Dan Biggar (ouvreur, retraite).<\/p>\n","protected":false},"excerpt":{"rendered":"Le Rugby Club Toulonnais pr\u00e9pare actuellement la saison 2025 \/ 2026. A l\u2019approche de cette nouvelle saison, voyons&hellip;\n","protected":false},"author":2,"featured_media":232086,"comment_status":"","ping_status":"","sticky":false,"template":"","format":"standard","meta":{"footnotes":""},"categories":[9619],"tags":[1111,11,1777,674,1011,27,12,882,25,2310],"class_list":{"0":"post-313440","1":"post","2":"type-post","3":"status-publish","4":"format-standard","5":"has-post-thumbnail","7":"category-toulon","8":"tag-actu","9":"tag-actualites","10":"tag-eu","11":"tag-europe","12":"tag-fr","13":"tag-france","14":"tag-news","15":"tag-provence-alpes-cote-dazur","16":"tag-republique-francaise","17":"tag-toulon"},"share_on_mastodon":{"url":"https:\/\/pubeurope.com\/@fr\/115014720776338081","error":""},"_links":{"self":[{"href":"https:\/\/www.europesays.com\/fr\/wp-json\/wp\/v2\/posts\/313440","targetHints":{"allow":["GET"]}}],"collection":[{"href":"https:\/\/www.europesays.com\/fr\/wp-json\/wp\/v2\/posts"}],"about":[{"href":"https:\/\/www.europesays.com\/fr\/wp-json\/wp\/v2\/types\/post"}],"author":[{"embeddable":true,"href":"https:\/\/www.europesays.com\/fr\/wp-json\/wp\/v2\/users\/2"}],"replies":[{"embeddable":true,"href":"https:\/\/www.europesays.com\/fr\/wp-json\/wp\/v2\/comments?post=313440"}],"version-history":[{"count":0,"href":"https:\/\/www.europesays.com\/fr\/wp-json\/wp\/v2\/posts\/313440\/revisions"}],"wp:featuredmedia":[{"embeddable":true,"href":"https:\/\/www.europesays.com\/fr\/wp-json\/wp\/v2\/media\/232086"}],"wp:attachment":[{"href":"https:\/\/www.europesays.com\/fr\/wp-json\/wp\/v2\/media?parent=313440"}],"wp:term":[{"taxonomy":"category","embeddable":true,"href":"https:\/\/www.europesays.com\/fr\/wp-json\/wp\/v2\/categories?post=313440"},{"taxonomy":"post_tag","embeddable":true,"href":"https:\/\/www.europesays.com\/fr\/wp-json\/wp\/v2\/tags?post=313440"}],"curies":[{"name":"wp","href":"https:\/\/api.w.org\/{rel}","templated":true}]}}