{"id":313465,"date":"2025-08-12T08:11:10","date_gmt":"2025-08-12T08:11:10","guid":{"rendered":"https:\/\/www.europesays.com\/fr\/313465\/"},"modified":"2025-08-12T08:11:10","modified_gmt":"2025-08-12T08:11:10","slug":"malgre-lopposition-de-riverains-la-renovation-de-la-place-des-chartrons-en-place-a-litalienne-se-poursuit","status":"publish","type":"post","link":"https:\/\/www.europesays.com\/fr\/313465\/","title":{"rendered":"malgr\u00e9 l\u2019opposition de riverains, la r\u00e9novation de la place des Chartrons en \u00abplace \u00e0 l\u2019italienne\u00bb se poursuit"},"content":{"rendered":"<p>Apr\u00e8s un recours gracieux rest\u00e9 lettre morte aupr\u00e8s de la Ville, un collectif de riverains avait sollicit\u00e9 en urgence l\u2019arr\u00eat du chantier. La demande a \u00e9t\u00e9 rejet\u00e9e par le tribunal administratif. Les travaux, dont une partie est d\u00e9j\u00e0 visible, devraient donc se poursuivre jusqu\u2019au printemps prochain.<\/p>\n<p class=\"fig-paragraph\">Le r\u00e9am\u00e9nagement de la place du march\u00e9 des\u00a0<a href=\"https:\/\/www.lefigaro.fr\/bordeaux\/bordeaux-les-riverains-inquiets-du-chantier-lance-par-les-ecologistes-sur-la-place-du-marche-des-chartrons-20240410?msockid=258c4318a154643d05395665a0ed65f9\" target=\"_blank\" data-fig-type=\"NewsFlash\" rel=\"sponsored noopener\" data-gtm-custom-categorie=\"navigation\" data-gtm-custom-action=\"crossclick\" data-gtm-custom-label=\"Contextuel\" data-gtm-event=\"customEventSPE\" data-fig-domain=\"LEFIGARO\">Chartrons<\/a>\u00a0se poursuivra sans interruption. Le 30 juillet, le tribunal administratif a rejet\u00e9 la demande de suspension en r\u00e9f\u00e9r\u00e9 d\u00e9pos\u00e9e par le collectif \u00abC les Chartrons\u00bb, qui rassemble\u00a0<a href=\"https:\/\/www.lefigaro.fr\/bordeaux\/bordeaux-pourquoi-certains-riverains-s-opposent-au-projet-de-transformation-de-la-place-des-chartrons-20250331?msockid=258c4318a154643d05395665a0ed65f9\" target=\"_blank\" data-fig-type=\"NewsFlash\" rel=\"sponsored noopener\" data-gtm-custom-categorie=\"navigation\" data-gtm-custom-action=\"crossclick\" data-gtm-custom-label=\"Contextuel\" data-gtm-event=\"customEventSPE\" data-fig-domain=\"LEFIGARO\">des riverains oppos\u00e9s au projet<\/a>.\u00a0\u00a0<\/p>\n<p class=\"fig-paragraph\">Le\u00a0<a href=\"https:\/\/video.lefigaro.fr\/figaro\/video\/un-ancien-athlete-paralympique-ecroue-apres-plusieurs-agressions-sexuelles\/\" target=\"_blank\" data-fig-type=\"Video\" rel=\"sponsored noopener\" data-gtm-custom-categorie=\"navigation\" data-gtm-custom-action=\"crossclick\" data-gtm-custom-label=\"Contextuel\" data-gtm-event=\"customEventSPE\" data-fig-domain=\"VIDEO\">tribunal<\/a>\u00a0n\u2019a pas retenu sa demande sur le fond, puisqu\u2019il a estim\u00e9 que la proc\u00e9dure n\u2019\u00e9tait pas conforme. L\u2019association n\u2019avait pas respect\u00e9 le d\u00e9lai l\u00e9gal entre sa d\u00e9claration en pr\u00e9fecture et le d\u00e9p\u00f4t de son recours, un laps de temps d\u00e9sormais impos\u00e9 par le code de l\u2019urbanisme, ce qui a rendu sa demande irrecevable.<\/p>\n<p>                                    <a class=\"fig-a11y-skip a11y-hidden\" href=\"#fig-a11y-skip-main-inarticle\"><br \/>\n        Passer la publicit\u00e9<br \/>\n    <\/a><\/p>\n<p class=\"fig-paragraph\">\u00abOn prend acte de cette d\u00e9cision de justice, qui met un terme \u00e0 notre capacit\u00e9 \u00e0 passer par l\u2019action juridique. On ne peut pas se permettre d\u2019aller en cassation, que ce soit financi\u00e8rement ou m\u00eame en termes de temporalit\u00e9. Il fallait que notre collectif soit constitu\u00e9 un an avant la d\u00e9cision qu\u2019on souhaite contest\u00e9e. Mais il y a un an, nous n\u2019avions pas connaissance du contenu du projet de la requalification de la place des Chartrons\u00bb, d\u00e9plore un porte-parole de l\u2019association.<\/p>\n<p>Un projet \u00e0 1,6 million d\u2019euros<\/p>\n<p class=\"fig-paragraph\">Le d\u00e9saccord sur le fond demeure pourtant intact\u00a0: les opposants d\u00e9noncent la suppression du stationnement, la transformation en zone pi\u00e9tonne et un verdissement jug\u00e9 insuffisant. \u00abLa Ville d\u00e9pense presque deux millions sur une place qui ne les n\u00e9cessitait pas. La vis\u00e9e \u00e9cologique de ce projet, c\u2019est quatre arbres et une dizaine d\u2019arbustes. On ne voit pas la pertinence du projet\u00bb, insiste le riverain. \u00abLe combat continue, mais autrement. On va tout faire pour entamer un vrai dialogue avec la mairie\u00bb, explique-t-il.<\/p>\n<p class=\"fig-paragraph\">Malgr\u00e9 la contestation, la place des Chartrons continue sa transformation en \u00abplace \u00e0 l\u2019italienne\u00bb, depuis le 7 avril dernier. Le projet est de construire une place sur un seul niveau, avec une vingtaine d\u2019arbres et un espace augment\u00e9 pour les pi\u00e9tons, pour un co\u00fbt total de 1,6 million d\u2019euros.<\/p>\n<p class=\"fig-paragraph\">Pour l\u2019instant, il est encore difficile d\u2019imaginer la nouvelle place. La municipalit\u00e9 pr\u00e9voit la plantation d\u2019arbres et arbustes en novembre. La fin du chantier est programm\u00e9e pour d\u00e9but 2026.<\/p>\n<p>    Le projet, en image, de la nouvelle place des Chartrons.<br \/>\n                Ville de Bordeaux<\/p>\n","protected":false},"excerpt":{"rendered":"Apr\u00e8s un recours gracieux rest\u00e9 lettre morte aupr\u00e8s de la Ville, un collectif de riverains avait sollicit\u00e9 en&hellip;\n","protected":false},"author":2,"featured_media":313466,"comment_status":"","ping_status":"","sticky":false,"template":"","format":"standard","meta":{"footnotes":""},"categories":[2817],"tags":[1111,11,10285,1997,1777,674,1011,27,12,2219,25,1352],"class_list":{"0":"post-313465","1":"post","2":"type-post","3":"status-publish","4":"format-standard","5":"has-post-thumbnail","7":"category-bordeaux","8":"tag-actu","9":"tag-actualites","10":"tag-amenagement-du-territoire","11":"tag-bordeaux","12":"tag-eu","13":"tag-europe","14":"tag-fr","15":"tag-france","16":"tag-news","17":"tag-nouvelle-aquitaine","18":"tag-republique-francaise","19":"tag-urbanisme"},"share_on_mastodon":{"url":"https:\/\/pubeurope.com\/@fr\/115014788080674351","error":""},"_links":{"self":[{"href":"https:\/\/www.europesays.com\/fr\/wp-json\/wp\/v2\/posts\/313465","targetHints":{"allow":["GET"]}}],"collection":[{"href":"https:\/\/www.europesays.com\/fr\/wp-json\/wp\/v2\/posts"}],"about":[{"href":"https:\/\/www.europesays.com\/fr\/wp-json\/wp\/v2\/types\/post"}],"author":[{"embeddable":true,"href":"https:\/\/www.europesays.com\/fr\/wp-json\/wp\/v2\/users\/2"}],"replies":[{"embeddable":true,"href":"https:\/\/www.europesays.com\/fr\/wp-json\/wp\/v2\/comments?post=313465"}],"version-history":[{"count":0,"href":"https:\/\/www.europesays.com\/fr\/wp-json\/wp\/v2\/posts\/313465\/revisions"}],"wp:featuredmedia":[{"embeddable":true,"href":"https:\/\/www.europesays.com\/fr\/wp-json\/wp\/v2\/media\/313466"}],"wp:attachment":[{"href":"https:\/\/www.europesays.com\/fr\/wp-json\/wp\/v2\/media?parent=313465"}],"wp:term":[{"taxonomy":"category","embeddable":true,"href":"https:\/\/www.europesays.com\/fr\/wp-json\/wp\/v2\/categories?post=313465"},{"taxonomy":"post_tag","embeddable":true,"href":"https:\/\/www.europesays.com\/fr\/wp-json\/wp\/v2\/tags?post=313465"}],"curies":[{"name":"wp","href":"https:\/\/api.w.org\/{rel}","templated":true}]}}