{"id":313475,"date":"2025-08-12T08:17:10","date_gmt":"2025-08-12T08:17:10","guid":{"rendered":"https:\/\/www.europesays.com\/fr\/313475\/"},"modified":"2025-08-12T08:17:10","modified_gmt":"2025-08-12T08:17:10","slug":"pres-de-marseille-ce-parc-dattractions-ferme-durgence-un-danger-grave-et-immediat","status":"publish","type":"post","link":"https:\/\/www.europesays.com\/fr\/313475\/","title":{"rendered":"Pr\u00e8s de Marseille. Ce parc d&rsquo;attractions ferm\u00e9 d&rsquo;urgence, un \u00ab\u00a0danger grave et imm\u00e9diat\u00a0\u00bb"},"content":{"rendered":"<p>            Par<br \/>\n        <strong><br \/>\n            <a href=\"https:\/\/actu.fr\/auteur\/fabien-binacchi\" title=\"Consulter tous les articles de Fabien Binacchi\" target=\"_blank\" rel=\"noopener\">Fabien Binacchi<\/a><br \/>\n        <\/strong><\/p>\n<p>        Publi\u00e9 le<\/p>\n<p>            12 ao\u00fbt 2025 \u00e0 9h31        <\/p>\n<p>Les visiteurs n\u2019\u00e9taient pas en s\u00e9curit\u00e9. La pr\u00e9fecture des <a href=\"https:\/\/actu.fr\/provence-alpes-cote-d-azur\/bouches-du-rhone_13\" target=\"_blank\" rel=\"noopener\">Bouches-du-Rh\u00f4ne<\/a> a d\u00e9cid\u00e9 de prononcer la fermeture administrative d\u2019un parc d\u2019attractions install\u00e9 \u00e0 <a href=\"https:\/\/actu.fr\/provence-alpes-cote-d-azur\/aix-en-provence_13001\" target=\"_blank\" rel=\"noopener\">Aix-en-Provence<\/a>. Un <strong>contr\u00f4le effectu\u00e9 sur place<\/strong> a r\u00e9v\u00e9l\u00e9 un \u00ab\u2009danger grave et imm\u00e9diat\u2009\u00bb, annoncent les services de l\u2019\u00c9tat ce mardi 12 ao\u00fbt 2025 dans un communiqu\u00e9 transmis \u00e0 <a href=\"https:\/\/actu.fr\/marseille\/\" target=\"_blank\" rel=\"noopener\">actu Marseille<\/a>. Les installations sont ferm\u00e9es au public depuis lundi et <strong>jusqu\u2019\u00e0 nouvel ordre.<\/strong><\/p>\n<p>Blessures graves et \u00e9lectrocution<\/p>\n<p class=\" wall-content\">Le Monde de Molly \u00e9tait <strong>ouvert depuis le 14\u00a0juillet<\/strong>, avenue de l\u2019arc de Meyran, au Sud d\u2019Aix-en-Provence, et devait accueillir les visiteurs jusqu\u2019au 31 ao\u00fbt. Les autorit\u00e9s ont d\u00e9cid\u00e9 de le faire fermer de force, en avance, \u00e0 la suite de graves manquements.<\/p>\n<p>    <a href=\"https:\/\/www.google.com\/maps\/embed?pb=!1m18!1m12!1m3!1d2349.408499104012!2d5.452344647245884!3d43.51074596475061!2m3!1f0!2f0!3f0!3m2!1i1024!2i768!4f13.1!3m3!1m2!1s0x12c98d8b9113f9ff%3A0x9295e7ac76d5ac88!2sMeyran!5e1!3m2!1sfr!2sfr!4v1754983270915!5m2!1sfr!2sfr\" title=\"Ouvrie le lien\" target=\"_blank\" rel=\"noopener\">Cliquez ici pour visualiser le contenu<\/a><\/p>\n<p class=\" wall-content\">Une partie de l\u2019activit\u00e9 de ce <strong>parc aquatique et de jeux itin\u00e9rant<\/strong> a \u00e9t\u00e9 suspendue pour une dur\u00e9e de trois mois, \u00e0 la \u00ab\u2009suite d\u2019un contr\u00f4le op\u00e9r\u00e9 par les services de la Direction d\u00e9partementale de la protection des populations (DDPP) le 6\u00a0ao\u00fbt dernier\u2009\u00bb.<\/p>\n<blockquote class=\"ac-article-quote wall-content\">\n<p>Au cours de celui-ci, les agents ont constat\u00e9 un danger grave et imm\u00e9diat encouru par les utilisateurs dans le cadre d\u2019une pratique raisonnable, pouvant g\u00e9n\u00e9rer des risques de blessures graves en cas de chutes, de heurts ou d\u2019\u00e9lectrocution, comme une protection insuffisante de dispositifs \u00e9lectriques pr\u00e9sentant un risque d&rsquo;\u00e9lectrocution, la pr\u00e9sence de poteaux m\u00e9talliques non prot\u00e9g\u00e9s\u2026<\/p>\n<p>    <strong>La pr\u00e9fecture des Bouches-du-Rh\u00f4ne<\/strong>\n            <\/p><\/blockquote>\n<p class=\" wall-content\">En clair, <strong>la s\u00e9curit\u00e9 des visiteurs n\u2019\u00e9tait pas garantie.<\/strong><\/p>\n<p class=\" wall-content\"><a href=\"https:\/\/www.instagram.com\/p\/DMLWtx2Mmd5\/embed\" title=\"Ouvrir le lien sur Instagram\" target=\"_blank\" rel=\"noopener\">Visualiser le contenu sur Instagram<\/a><\/p>\n<p>La direction donne une autre version<\/p>\n<p class=\" wall-content\">\u00ab\u2009La g\u00e9rance de la structure constatant l\u2019essentiel de ses activit\u00e9s vis\u00e9es pour non-conformit\u00e9, a d\u00e9cid\u00e9 [lundi] matin, d\u2019elle-m\u00eame, de fermer l\u2019ensemble des attractions, <strong>le temps de d\u00e9ployer les mesures correctives n\u00e9cessaires<\/strong> \u00e0 garantir la s\u00e9curit\u00e9 des utilisateurs\u2009\u00bb, pr\u00e9cisent les services de l\u2019\u00c9tat.<\/p>\n<p class=\" wall-content\">Sur les r\u00e9seaux sociaux du parc, sa direction ne fait pas mention de la d\u00e9cision de la pr\u00e9fecture. Elle \u00e9voque une \u00ab\u2009fermeture exceptionnelle\u2009\u00bb jusqu\u2019au 13\u00a0ao\u00fbt et de sa propre initiative. \u00ab\u2009Dans le cadre de notre programme d\u2019entretien r\u00e9gulier, nos \u00e9quipes proc\u00e8dent [\u2026] au <strong>nettoyage mensuel<\/strong> et \u00e0 la maintenance compl\u00e8te des bassins\u2009\u00bb, avancent-ils.<\/p>\n<p>    <a href=\"https:\/\/www.facebook.com\/plugins\/post.php?href=https%3A%2F%2Fwww.facebook.com%2Fpermalink.php%3Fstory_fbid%3Dpfbid0AviKMJ27kNbyZwymyDSp244JHZUFqXmC1a5NaH9yj4GNe4G3c651tSQkrBxbi6eol%26id%3D100069971108177&amp;show_text=true&amp;width=350\" title=\"Ouvrie le lien\" target=\"_blank\" rel=\"noopener\">Cliquez ici pour visualiser le contenu<\/a><\/p>\n<p class=\" wall-content\">Les autorit\u00e9s, elles, assurent que \u00ab\u2009la reprise de l\u2019activit\u00e9 ne pourra intervenir qu\u2019\u00e0 l\u2019issue d\u2019une mise en conformit\u00e9 [\u2026] et d\u2019un nouveau contr\u00f4le\u2009\u00bb.<\/p>\n<p class=\" wall-content\">Suivez toute l\u2019actualit\u00e9 de vos villes et m\u00e9dias favoris en vous inscrivant \u00e0 <a href=\"https:\/\/moncompte.actu.fr\" title=\"D\u00e9couvez Mon Actu\" rel=\"nofollow noopener\" data-trk=\"{&quot;cta&quot;:{&quot;action&quot;:&quot;https:\\\/\\\/moncompte.actu.fr&quot;,&quot;category&quot;:&quot;mon compte&quot;,&quot;from&quot;:&quot;article footer&quot;,&quot;name&quot;:&quot;Mon actu&quot;,&quot;type&quot;:&quot;cta&quot;}}\" target=\"_blank\">Mon Actu<\/a>.<\/p>\n<ul class=\"ac-article-tag wall-content\">\n<li><a href=\"https:\/\/actu.fr\/tag\/prefecture-des-bouches-du-rhone\" data-trk=\"{&quot;cta&quot;:{&quot;action&quot;:&quot;pr\\u00e9fecture des Bouches-du-Rh\\u00f4ne&quot;,&quot;category&quot;:&quot;tag&quot;,&quot;from&quot;:&quot;article footer&quot;,&quot;name&quot;:&quot;pr\\u00e9fecture des Bouches-du-Rh\\u00f4ne&quot;,&quot;type&quot;:&quot;cta&quot;}}\" target=\"_blank\" rel=\"noopener\">#pr\u00e9fecture des Bouches-du-Rh\u00f4ne<\/a><\/li>\n<\/ul>\n<p>                    <script async src=\"\/\/www.instagram.com\/embed.js\"><\/script><\/p>\n","protected":false},"excerpt":{"rendered":"Par Fabien Binacchi Publi\u00e9 le 12 ao\u00fbt 2025 \u00e0 9h31 Les visiteurs n\u2019\u00e9taient pas en s\u00e9curit\u00e9. La pr\u00e9fecture&hellip;\n","protected":false},"author":2,"featured_media":313476,"comment_status":"","ping_status":"","sticky":false,"template":"","format":"standard","meta":{"footnotes":""},"categories":[2814],"tags":[1111,11,1777,674,1011,27,884,12,45301,882,25,104],"class_list":{"0":"post-313475","1":"post","2":"type-post","3":"status-publish","4":"format-standard","5":"has-post-thumbnail","7":"category-marseille","8":"tag-actu","9":"tag-actualites","10":"tag-eu","11":"tag-europe","12":"tag-fr","13":"tag-france","14":"tag-marseille","15":"tag-news","16":"tag-prefecture-des-bouches-du-rhone","17":"tag-provence-alpes-cote-dazur","18":"tag-republique-francaise","19":"tag-societe"},"share_on_mastodon":{"url":"https:\/\/pubeurope.com\/@fr\/115014811254113988","error":""},"_links":{"self":[{"href":"https:\/\/www.europesays.com\/fr\/wp-json\/wp\/v2\/posts\/313475","targetHints":{"allow":["GET"]}}],"collection":[{"href":"https:\/\/www.europesays.com\/fr\/wp-json\/wp\/v2\/posts"}],"about":[{"href":"https:\/\/www.europesays.com\/fr\/wp-json\/wp\/v2\/types\/post"}],"author":[{"embeddable":true,"href":"https:\/\/www.europesays.com\/fr\/wp-json\/wp\/v2\/users\/2"}],"replies":[{"embeddable":true,"href":"https:\/\/www.europesays.com\/fr\/wp-json\/wp\/v2\/comments?post=313475"}],"version-history":[{"count":0,"href":"https:\/\/www.europesays.com\/fr\/wp-json\/wp\/v2\/posts\/313475\/revisions"}],"wp:featuredmedia":[{"embeddable":true,"href":"https:\/\/www.europesays.com\/fr\/wp-json\/wp\/v2\/media\/313476"}],"wp:attachment":[{"href":"https:\/\/www.europesays.com\/fr\/wp-json\/wp\/v2\/media?parent=313475"}],"wp:term":[{"taxonomy":"category","embeddable":true,"href":"https:\/\/www.europesays.com\/fr\/wp-json\/wp\/v2\/categories?post=313475"},{"taxonomy":"post_tag","embeddable":true,"href":"https:\/\/www.europesays.com\/fr\/wp-json\/wp\/v2\/tags?post=313475"}],"curies":[{"name":"wp","href":"https:\/\/api.w.org\/{rel}","templated":true}]}}