{"id":313479,"date":"2025-08-12T08:19:09","date_gmt":"2025-08-12T08:19:09","guid":{"rendered":"https:\/\/www.europesays.com\/fr\/313479\/"},"modified":"2025-08-12T08:19:09","modified_gmt":"2025-08-12T08:19:09","slug":"canicule-ces-deux-communes-de-la-metropole-de-lyon-rendent-leurs-piscines-gratuites","status":"publish","type":"post","link":"https:\/\/www.europesays.com\/fr\/313479\/","title":{"rendered":"Canicule. Ces deux communes de la M\u00e9tropole de Lyon rendent leurs piscines gratuites"},"content":{"rendered":"<p>            Par<br \/>\n        <strong><br \/>\n            <a href=\"https:\/\/actu.fr\/auteur\/emma-ressegaire\" title=\"Consulter tous les articles de Emma Ressegaire\" target=\"_blank\" rel=\"noopener\">Emma Ressegaire<\/a><br \/>\n        <\/strong><\/p>\n<p>        Publi\u00e9 le<\/p>\n<p>            12 ao\u00fbt 2025 \u00e0 9h47        <\/p>\n<p>\u00c0 partir de ce mardi 12 ao\u00fbt, \u00e0 midi, le d\u00e9partement du Rh\u00f4ne est plac\u00e9 en <a href=\"https:\/\/actu.fr\/meteo\/canicule-le-rhone-et-lyon-basculent-en-vigilance-rouge-mardi-plus-de-41-c-annonces_63023196.html\" target=\"_blank\" rel=\"noopener\"><strong>vigilance rouge canicule<\/strong><\/a>. Et face \u00e0 ces temp\u00e9ratures exceptionnelles, certaines communes de la M\u00e9tropole de Lyon ont pris des mesures concernant <strong>leurs piscines municipales<\/strong>.\u00a0<\/p>\n<p class=\" wall-content\">C\u2019est le cas de la commune de Caluire-et-Cuire qui, \u00e0 compter d\u2019aujourd\u2019hui, propose \u00e0 ses habitants de <strong>se rafra\u00eechir gratuitement<\/strong> \u00e0 la piscine Isabelle Jouffroy, situ\u00e9e avenue Elie Vignal.<\/p>\n<p class=\" wall-content\">Une annonce faite par le maire Bastien Joint sur ses r\u00e9seaux sociaux. \u00ab\u00a0D\u00e8s demain, mardi 12 ao\u00fbt, et pendant toute la dur\u00e9e de cette alerte de vigilance rouge, l\u2019entr\u00e9e de la piscine municipale sera gratuite <strong>pour tous les habitants de Caluire-et-Cuire<\/strong>, femmes enceintes et personnes en situation de handicap.\u00a0\u00bb<\/p>\n<p class=\" wall-content\">\n<p>Un justificatif de domicile<\/p>\n<p class=\" wall-content\">C\u2019est aussi ce qu\u2019a fait la commune <strong>d\u2019Oullins-Pierre-B\u00e9nite<\/strong>. En effet, la mairie a pris la d\u00e9cision de rendre l\u2019acc\u00e8s \u00e0 sa piscine municipale gratuite pour ses habitants \u00e0 partir de mardi 12 ao\u00fbt, et ce pendant toute la dur\u00e9e de l\u2019alerte de vigilance rouge.<\/p>\n<p class=\" wall-content\">Une mesure que la commune avait d\u00e9j\u00e0 mise en place depuis que le d\u00e9partement du Rh\u00f4ne avait \u00e9t\u00e9 plac\u00e9 en vigilance orange canicule. Pour profiter de cet acc\u00e8s gratuit, il <strong>suffit de pr\u00e9senter un justificatif de domicile<\/strong>.<\/p>\n<p class=\" wall-content\">Suivez toute l\u2019actualit\u00e9 de vos villes et m\u00e9dias favoris en vous inscrivant \u00e0 <a href=\"https:\/\/moncompte.actu.fr\" title=\"D\u00e9couvez Mon Actu\" rel=\"nofollow noopener\" data-trk=\"{&quot;cta&quot;:{&quot;action&quot;:&quot;https:\\\/\\\/moncompte.actu.fr&quot;,&quot;category&quot;:&quot;mon compte&quot;,&quot;from&quot;:&quot;article footer&quot;,&quot;name&quot;:&quot;Mon actu&quot;,&quot;type&quot;:&quot;cta&quot;}}\" target=\"_blank\">Mon Actu<\/a>.<\/p>\n","protected":false},"excerpt":{"rendered":"Par Emma Ressegaire Publi\u00e9 le 12 ao\u00fbt 2025 \u00e0 9h47 \u00c0 partir de ce mardi 12 ao\u00fbt, \u00e0&hellip;\n","protected":false},"author":2,"featured_media":313480,"comment_status":"","ping_status":"","sticky":false,"template":"","format":"standard","meta":{"footnotes":""},"categories":[1889],"tags":[1111,11,2430,6698,1777,674,1011,27,2428,12,25,104],"class_list":{"0":"post-313479","1":"post","2":"type-post","3":"status-publish","4":"format-standard","5":"has-post-thumbnail","7":"category-lyon","8":"tag-actu","9":"tag-actualites","10":"tag-auvergne-rhone-alpes","11":"tag-canicule","12":"tag-eu","13":"tag-europe","14":"tag-fr","15":"tag-france","16":"tag-lyon","17":"tag-news","18":"tag-republique-francaise","19":"tag-societe"},"share_on_mastodon":{"url":"https:\/\/pubeurope.com\/@fr\/115014819127357329","error":""},"_links":{"self":[{"href":"https:\/\/www.europesays.com\/fr\/wp-json\/wp\/v2\/posts\/313479","targetHints":{"allow":["GET"]}}],"collection":[{"href":"https:\/\/www.europesays.com\/fr\/wp-json\/wp\/v2\/posts"}],"about":[{"href":"https:\/\/www.europesays.com\/fr\/wp-json\/wp\/v2\/types\/post"}],"author":[{"embeddable":true,"href":"https:\/\/www.europesays.com\/fr\/wp-json\/wp\/v2\/users\/2"}],"replies":[{"embeddable":true,"href":"https:\/\/www.europesays.com\/fr\/wp-json\/wp\/v2\/comments?post=313479"}],"version-history":[{"count":0,"href":"https:\/\/www.europesays.com\/fr\/wp-json\/wp\/v2\/posts\/313479\/revisions"}],"wp:featuredmedia":[{"embeddable":true,"href":"https:\/\/www.europesays.com\/fr\/wp-json\/wp\/v2\/media\/313480"}],"wp:attachment":[{"href":"https:\/\/www.europesays.com\/fr\/wp-json\/wp\/v2\/media?parent=313479"}],"wp:term":[{"taxonomy":"category","embeddable":true,"href":"https:\/\/www.europesays.com\/fr\/wp-json\/wp\/v2\/categories?post=313479"},{"taxonomy":"post_tag","embeddable":true,"href":"https:\/\/www.europesays.com\/fr\/wp-json\/wp\/v2\/tags?post=313479"}],"curies":[{"name":"wp","href":"https:\/\/api.w.org\/{rel}","templated":true}]}}