{"id":313486,"date":"2025-08-12T08:23:11","date_gmt":"2025-08-12T08:23:11","guid":{"rendered":"https:\/\/www.europesays.com\/fr\/313486\/"},"modified":"2025-08-12T08:23:11","modified_gmt":"2025-08-12T08:23:11","slug":"trump-fait-monter-la-pression-avant-le-sommet-en-alaska","status":"publish","type":"post","link":"https:\/\/www.europesays.com\/fr\/313486\/","title":{"rendered":"Trump fait monter la pression avant le sommet en Alaska"},"content":{"rendered":"<p>            lire plus tard<\/p>\n<p id=\"dialog__title\" class=\"dialog__title\">Pour sauvegarder cet article, connectez-vous ou cr\u00e9ez un compte franceinfo<\/p>\n<p class=\"dialog__description\">Sans paiement. Sans abonnement.<\/p>\n<p>        Fermer la fen\u00eatre d\u2019activation des notifications France Info<\/p>\n<p>            cr\u00e9er votre compte<\/p>\n<p>            se connecter<\/p>\n<p>        Fermer la fen\u00eatre de pr\u00e9sentation<\/p>\n<p>    Publi\u00e9 le 12\/08\/2025 08:41<\/p>\n<p>      Mis \u00e0 jour le 12\/08\/2025 09:09<\/p>\n<p>        Temps de lecture : 1min &#8211; vid\u00e9o : 2min<\/p>\n<p>    <img decoding=\"async\" class=\"francetv-player-wrapper__image\" alt=\"Guerre en Ukraine : Trump fait monter la pression avant le sommet en Alaska\"  width=\"432\" height=\"243\" src=\"https:\/\/www.europesays.com\/fr\/wp-content\/uploads\/2025\/08\/rencontre-trump-poutine-zelensky-689ae11d4da72606414348.jpg\" fetchpriority=\"high\"\/><\/p>\n<p>              Guerre en Ukraine : Trump fait monter la pression avant le sommet en Alaska<br \/>\n                    (franceinfo)<\/p>\n<p>      2min<\/p>\n<p class=\"c-chapo \">\n  Le pr\u00e9sident am\u00e9ricain se positionne comme m\u00e9diateur entre l&rsquo;Ukraine et la Russie, alors qu&rsquo;il rencontrera Vladimir Poutine en Alaska vendredi 15 ao\u00fbt. Pour l&rsquo;instant, Volodymyr Zelensky n&rsquo;est pas de la partie.\n<\/p>\n<p><strong>Ce texte correspond \u00e0 une partie de la retranscription du reportage ci-dessus. Cliquez sur la vid\u00e9o pour la regarder en int\u00e9gralit\u00e9.\u00a0<\/strong><\/p>\n<p>Donald Trump fait monter la pression quelques jours avant sa rencontre avec Vladimir Poutine en Alaska. Le pr\u00e9sident am\u00e9ricain se positionne comme m\u00e9diateur entre l&rsquo;Ukraine et la Russie. Il souhaite mettre fin \u00e0 la guerre et n\u00e9gocier un accord de paix lors de cette rencontre avec son homologue russe qu&rsquo;il n&rsquo;a pas vu depuis plus de trois ans. Pour l&rsquo;instant, ce serait sans Volodymyr Zelensky.<\/p>\n<p>\u00ab\u00a0Je veux organiser une r\u00e9union entre les dirigeants. <a target=\"_self\" rel=\"noopener noreferrer nofollow\" href=\"https:\/\/www.franceinfo.fr\/monde\/europe\/manifestations-en-ukraine\/guerre-en-ukraine-donald-trump-evoque-un-futur-echange-de-territoires-dans-le-cadre-d-un-accord-entre-moscou-et-kiev_7425463.html\">Il y aura des \u00e9changes de territoires<\/a>, je le sais, j&rsquo;en ai beaucoup discut\u00e9 autour de moi, en faveur de l&rsquo;Ukraine bien s\u00fbr, d&rsquo;autres en faveur de la Russie\u00a0\u00bb, a lanc\u00e9 Donald Trump. La Russie r\u00e9clame que l&rsquo;Ukraine lui c\u00e8de quatre r\u00e9gions partiellement occup\u00e9es, en plus de la Crim\u00e9e annex\u00e9e en 2014. Des concessions importantes que le pr\u00e9sident ukrainien refuse cat\u00e9goriquement.<\/p>\n<p>Des tensions entre Trump et Zelensky pourraient-elles refaire surface ? On se souvient de cette sc\u00e8ne de tension inou\u00efe au bureau ovale en f\u00e9vrier dernier, durant laquelle Trump reprochait \u00e0 son homologue ukrainien de ne pas \u00eatre reconnaissant envers les \u00c9tats-Unis. Les deux hommes s&rsquo;\u00e9taient r\u00e9concili\u00e9s lors des fun\u00e9railles du pape Fran\u00e7ois, isol\u00e9s dans la basilique Saint-Pierre.<\/p>\n<p>La position de Trump vis-\u00e0-vis de Poutine est \u00e9galement floue. Le pr\u00e9sident am\u00e9ricain dit bien s&rsquo;entendre avec son homologue russe et pense \u00eatre capable de le faire avancer sur le dossier ukrainien.<\/p>\n<p class=\"related-tags__title\" role=\"heading\" aria-level=\"2\">les mots-cl\u00e9s associ\u00e9s \u00e0 cet article\n    <\/p>\n","protected":false},"excerpt":{"rendered":"lire plus tard Pour sauvegarder cet article, connectez-vous ou cr\u00e9ez un compte franceinfo Sans paiement. Sans abonnement. Fermer&hellip;\n","protected":false},"author":2,"featured_media":313487,"comment_status":"","ping_status":"","sticky":false,"template":"","format":"standard","meta":{"footnotes":""},"categories":[1888],"tags":[1111,1928,11,1927,1777,674,1011,27,12,1926,626,1925,25],"class_list":{"0":"post-313486","1":"post","2":"type-post","3":"status-publish","4":"format-standard","5":"has-post-thumbnail","7":"category-paris","8":"tag-actu","9":"tag-actu-paris","10":"tag-actualites","11":"tag-actualites-paris","12":"tag-eu","13":"tag-europe","14":"tag-fr","15":"tag-france","16":"tag-news","17":"tag-news-paris","18":"tag-paris","19":"tag-paris-news","20":"tag-republique-francaise"},"share_on_mastodon":{"url":"https:\/\/pubeurope.com\/@fr\/115014834890068863","error":""},"_links":{"self":[{"href":"https:\/\/www.europesays.com\/fr\/wp-json\/wp\/v2\/posts\/313486","targetHints":{"allow":["GET"]}}],"collection":[{"href":"https:\/\/www.europesays.com\/fr\/wp-json\/wp\/v2\/posts"}],"about":[{"href":"https:\/\/www.europesays.com\/fr\/wp-json\/wp\/v2\/types\/post"}],"author":[{"embeddable":true,"href":"https:\/\/www.europesays.com\/fr\/wp-json\/wp\/v2\/users\/2"}],"replies":[{"embeddable":true,"href":"https:\/\/www.europesays.com\/fr\/wp-json\/wp\/v2\/comments?post=313486"}],"version-history":[{"count":0,"href":"https:\/\/www.europesays.com\/fr\/wp-json\/wp\/v2\/posts\/313486\/revisions"}],"wp:featuredmedia":[{"embeddable":true,"href":"https:\/\/www.europesays.com\/fr\/wp-json\/wp\/v2\/media\/313487"}],"wp:attachment":[{"href":"https:\/\/www.europesays.com\/fr\/wp-json\/wp\/v2\/media?parent=313486"}],"wp:term":[{"taxonomy":"category","embeddable":true,"href":"https:\/\/www.europesays.com\/fr\/wp-json\/wp\/v2\/categories?post=313486"},{"taxonomy":"post_tag","embeddable":true,"href":"https:\/\/www.europesays.com\/fr\/wp-json\/wp\/v2\/tags?post=313486"}],"curies":[{"name":"wp","href":"https:\/\/api.w.org\/{rel}","templated":true}]}}