{"id":313514,"date":"2025-08-12T08:37:18","date_gmt":"2025-08-12T08:37:18","guid":{"rendered":"https:\/\/www.europesays.com\/fr\/313514\/"},"modified":"2025-08-12T08:37:18","modified_gmt":"2025-08-12T08:37:18","slug":"grant-forrest-double-la-mise-au-nexo-championship-lequipe","status":"publish","type":"post","link":"https:\/\/www.europesays.com\/fr\/313514\/","title":{"rendered":"Grant Forrest double la mise au Nexo Championship &#8211; L&#039;\u00c9quipe"},"content":{"rendered":"<ol>\n<li><a href=\"https:\/\/news.google.com\/rss\/articles\/CBMinAFBVV95cUxNVnBJYVNaXzBvcHRBQk56cVBQalRMQTJnczBDSVpjd2txZ3RKRzlpc3NxdzJsN0VGdVRDVjFMRzlkaGN6Wmc3aE9rM0pOMWw2bmRjQm9YamtBNDVfY21wdkpZTFZHQnVGV19uNjdHc0pISGEtbVhaeWVVejFEUkVwcGR3Rlp0SkVDWUhqRGw2dUtzN2dyZ3I1LUt1UUE?oc=5\" target=\"_blank\" rel=\"nofollow noopener\">Grant Forrest double la mise au Nexo Championship<\/a>&nbsp;&nbsp;L&rsquo;\u00c9quipe<\/li>\n<li><a href=\"https:\/\/news.google.com\/rss\/articles\/CBMilAJBVV95cUxOenZ4U29sX3BSYVA0Ym9DVDhmTGNWcmZDZng1RVl1enpWS204ZWJIVTlPOWg4RFlmSE1XTFFGOEJKTVJHNmFtQW5faTY3Y0d3aFZmYVY3T2NyNldmY1FSaHA4TnZOTE9Ed0Rjd0h6d3JuR28zbF9qNk90bmoyMkIwU3hubFpDSEpENmJUZmNoWmlmejhSbW8zQ2w4al9xanA4eS1BSWJjWmlDS1RTdWJKbXR5RV9Id1J5ZWxqWHM5VTIzVlloejl0V0JSVG9tZHpQZFFheS1zMlUxNXJyWEJyeXFiOTFKYkR6Z1BWUFJSQkVfaUZDaWF2MmVEX0VXbUZLdTBRNDcxZlRXMFNoQWQyUTFiLVI?oc=5\" target=\"_blank\" rel=\"nofollow noopener\">Golf. DPW Tour &#8211; Nexo Championship: Victoire \u00e9clatante avec une avance de 4 coups pour Grant Forrest<\/a>&nbsp;&nbsp;Ouest-France<\/li>\n<li><a href=\"https:\/\/news.google.com\/rss\/articles\/CBMitAFBVV95cUxQd1V2MGM1RzZMUERhMjQwVG1OaTQ2WU5tR3FFWGN6SE5CeGpJVnd3dGtGekZVb3RRektUMS1uaGN4cmhqLU1SUHhhc09Xb2dJNXdMUHpsZXFtYklWTXZrQ2Y1OEN1NzhpYVpjLWthZTNwWV9Oem1sbEI4VG9GTm01TlNJUEJDVmNleU01WWNPVlJxekl4TTExMERoRE8zYmJtQXFqZE9TMjF0bWRneC15ckRROEM?oc=5\" target=\"_blank\" rel=\"nofollow noopener\">Le triomphe de l\u2019intouchable Grant Forrest, Cl\u00e9ment Sordet meilleur Fran\u00e7ais<\/a>&nbsp;&nbsp;Golf Plan\u00e8te<\/li>\n<li><a href=\"https:\/\/news.google.com\/rss\/articles\/CBMiqgFBVV95cUxPZUtueHFjdEV4VlBmam5tYmdJRDZJZDlCclVlRk1oN0NGam5EZkpWUkNpaHVHVm9NSUZ6ek51aHhSU0x0bndDTy0tbHliZ21fcVYyMzF4YkRxRDV4NHNZVzZrV1hJbU5aa1lOTTh5bC1ZSHBEYkJoeWNXelZQQ3ZUN2tVZXdTQVNPMURRNk1Sd2d4eWdtRlVsTlB3V1oyaEhkZlNnZ1RHN1dRUQ?oc=5\" target=\"_blank\" rel=\"nofollow noopener\">Richard Sterne remonte le temps, les Fran\u00e7ais \u00e0 la peine \u00e0 Aberdeen<\/a>&nbsp;&nbsp;Golf Plan\u00e8te<\/li>\n<li><a href=\"https:\/\/news.google.com\/rss\/articles\/CBMi4wFBVV95cUxOaXI1X2E3SmNqTUJmWnFLVjZ6SzNXUUJKcktCak5GSGNfa0ZRT0R0U2hUQnZzMjZ1cFFMZUx6TW1uczlRMGdkazIxLWVYYkhpa2lYZWpWTzhlS2RMNE9nMFhkSVNGRGhSSzZ5WGR3ZXRkX080NEU5Wjl3enZaQVA4V3pwVXBBWkVGdjRUVHBxMmExdHZtZVFwRE5OdVBScmdyWjBGT3JoWGZjd21DQnNSamZNMTRlVzVZeFFCbkdiNnVnVHczbmNWU1JFREtBcFJOQ0hwbzJJbDhFQmprVXMxOGptcw?oc=5\" target=\"_blank\" rel=\"nofollow noopener\">DP World Tour &#8211; Matthis Besard termine \u00e0 une belle 13e place en \u00c9cosse<\/a>&nbsp;&nbsp;La Libre.be<\/li>\n<\/ol>\n","protected":false},"excerpt":{"rendered":"Grant Forrest double la mise au Nexo Championship&nbsp;&nbsp;L&rsquo;\u00c9quipe Golf. DPW Tour &#8211; Nexo Championship: Victoire \u00e9clatante avec une&hellip;\n","protected":false},"author":2,"featured_media":313515,"comment_status":"","ping_status":"","sticky":false,"template":"","format":"standard","meta":{"footnotes":""},"categories":[1418],"tags":[1011,27,1472,60],"class_list":{"0":"post-313514","1":"post","2":"type-post","3":"status-publish","4":"format-standard","5":"has-post-thumbnail","7":"category-golf","8":"tag-fr","9":"tag-france","10":"tag-golf","11":"tag-sports"},"share_on_mastodon":{"url":"https:\/\/pubeurope.com\/@fr\/115014889815723580","error":""},"_links":{"self":[{"href":"https:\/\/www.europesays.com\/fr\/wp-json\/wp\/v2\/posts\/313514","targetHints":{"allow":["GET"]}}],"collection":[{"href":"https:\/\/www.europesays.com\/fr\/wp-json\/wp\/v2\/posts"}],"about":[{"href":"https:\/\/www.europesays.com\/fr\/wp-json\/wp\/v2\/types\/post"}],"author":[{"embeddable":true,"href":"https:\/\/www.europesays.com\/fr\/wp-json\/wp\/v2\/users\/2"}],"replies":[{"embeddable":true,"href":"https:\/\/www.europesays.com\/fr\/wp-json\/wp\/v2\/comments?post=313514"}],"version-history":[{"count":0,"href":"https:\/\/www.europesays.com\/fr\/wp-json\/wp\/v2\/posts\/313514\/revisions"}],"wp:featuredmedia":[{"embeddable":true,"href":"https:\/\/www.europesays.com\/fr\/wp-json\/wp\/v2\/media\/313515"}],"wp:attachment":[{"href":"https:\/\/www.europesays.com\/fr\/wp-json\/wp\/v2\/media?parent=313514"}],"wp:term":[{"taxonomy":"category","embeddable":true,"href":"https:\/\/www.europesays.com\/fr\/wp-json\/wp\/v2\/categories?post=313514"},{"taxonomy":"post_tag","embeddable":true,"href":"https:\/\/www.europesays.com\/fr\/wp-json\/wp\/v2\/tags?post=313514"}],"curies":[{"name":"wp","href":"https:\/\/api.w.org\/{rel}","templated":true}]}}