{"id":313520,"date":"2025-08-12T08:42:13","date_gmt":"2025-08-12T08:42:13","guid":{"rendered":"https:\/\/www.europesays.com\/fr\/313520\/"},"modified":"2025-08-12T08:42:13","modified_gmt":"2025-08-12T08:42:13","slug":"diggia-revele-laura-de-valentino-rossi","status":"publish","type":"post","link":"https:\/\/www.europesays.com\/fr\/313520\/","title":{"rendered":"Diggia R\u00e9v\u00e8le l&rsquo;Aura de Valentino Rossi"},"content":{"rendered":"<p>Fabio Di Giannantonio \u00c9voque Valentino Rossi au MotoGP de Silverstone<\/p>\n<p class=\"w-full max-w-[624px] px-4 md:px-0 md:mx-auto paragraph break-words mb-4 text-body font-lora rendered-component content\">NORTHAMPTONSHIRE, DIMANCHE \u2014 Fabio Di Giannantonio a rappel\u00e9 des souvenirs de Valentino Rossi avec son style de course lors de sa bataille contre Alex Marquez lors du MotoGP britannique sur le circuit de Silverstone, ce dimanche (5\/8\/2024). Le pilote surnomm\u00e9 \u201cDiggia\u201d a illumin\u00e9 la c\u00e9l\u00e8bre livr\u00e9e \u201cSole Luna\u201d, ou Soleil et Lune, en hommage \u00e0 \u201cThe Doctor\u201d. Cette d\u00e9monstration de talent s\u2019inscrit dans l\u2019esprit r\u00e9tro qui c\u00e9l\u00e8bre le 75e anniversaire de la MotoGP.<\/p>\n<p class=\"w-full max-w-[624px] px-4 md:px-0 md:mx-auto paragraph break-words mb-4 text-body font-lora rendered-component content\">L\u2019esprit de la livr\u00e9e Sole Luna, port\u00e9e par les motos de l\u2019\u00e9quipe Pertamina Enduro VR46 Racing, a motiv\u00e9 Diggia \u00e0 donner le meilleur de lui-m\u00eame \u00e0 Silverstone. Il a \u00e9galement arbor\u00e9 un casque au design de Rossi, en hommage \u00e0 l\u2019opportunit\u00e9 qu\u2019il a eu de rester en MotoGP.<\/p>\n<p class=\"w-full max-w-[624px] px-4 md:px-0 md:mx-auto paragraph break-words mb-4 text-body font-lora rendered-component content\">\u00ab Avant tout, c\u2019est incroyable de porter ces couleurs. C\u2019est un honneur de courir dans la livr\u00e9e de Vale, qui repr\u00e9sente son succ\u00e8s dans le sport \u00bb, a d\u00e9clar\u00e9 Diggia.<\/p>\n<p><img data-lazyloaded=\"1\" decoding=\"async\" loading=\"lazy\" src=\"https:\/\/www.europesays.com\/fr\/wp-content\/uploads\/2025\/08\/Diggia-Revele-lAura-de-Valentino-Rossi.jpg\" alt=\"Fabio Di Giannantonio a utilis\u00e9 une livr\u00e9e avec le design embl\u00e9matique Sole Luna lors de son combat avec Alex Marquez \u00e0 Silverstone.\" class=\"w-full\"\/><\/p>\n<p class=\"w-full max-w-[624px] px-4 md:px-0 md:mx-auto paragraph break-words mb-4 text-body font-lora rendered-component content\">Diggia a commenc\u00e9 la course en 10\u00e8me position mais a su finir cinqui\u00e8me, affrontant avec intensit\u00e9 le pilote de Gresini Racing, Alex Marquez, durant les tours huit \u00e0 dix. Les deux pilotes ont \u00e9chang\u00e9 plusieurs d\u00e9passements, les man\u0153uvres de Diggia rappelant le style de Rossi dans ses ann\u00e9es de gloire.<\/p>\n<p class=\"w-full max-w-[624px] px-4 md:px-0 md:mx-auto paragraph break-words mb-4 text-body font-lora rendered-component content\">\u00ab Lorsque l\u2019on me compare \u00e0 Rossi dans ce combat contre Alex Marquez, je ressens une grande fiert\u00e9 et de la gratitude. \u201cWow, cela me donne des frissons\u201d, a r\u00e9pondu Diggia. \u201cC\u2019est certain que j\u2019ai eu beaucoup moins de victoires et de podiums. Je suis tr\u00e8s honor\u00e9 que quelqu\u2019un dise cela.\u201d<\/p>\n<p class=\"w-full max-w-[624px] px-4 md:px-0 md:mx-auto paragraph break-words mb-4 text-body font-lora rendered-component content\">Finir cinqui\u00e8me est un accomplissement non n\u00e9gligeable pour Diggia et l\u2019\u00e9quipe VR46, car avec la GP23, c\u2019est le meilleur r\u00e9sultat r\u00e9alisable \u00e0 Silverstone. Cette performance consolide \u00e9galement la position de Diggia pour la saison suivante, o\u00f9 il devrait piloter la moto sp\u00e9ciale de l\u2019\u00e9quipe Ducati, la Desmosedici GP25.<\/p>\n<p><img data-lazyloaded=\"1\" decoding=\"async\" loading=\"lazy\" src=\"https:\/\/www.europesays.com\/fr\/wp-content\/uploads\/2025\/08\/1754986539_347_Diggia-Revele-lAura-de-Valentino-Rossi.jpg\" alt=\"Di Giannantonio a salu\u00e9 les spectateurs apr\u00e8s la course \u00e0 Silverstone.\" class=\"w-full\"\/><\/p>\n<p class=\"w-full max-w-[624px] px-4 md:px-0 md:mx-auto paragraph break-words mb-4 text-body font-lora rendered-component content\">Le manager de l\u2019\u00e9quipe Pertamina Enduro VR46 Racing, Pablo Nieto, a comment\u00e9 : \u00ab Il a tr\u00e8s bien commenc\u00e9. Il a g\u00e9r\u00e9 ses pneus de course de mani\u00e8re exceptionnelle et \u00e9tait proche du podium \u00bb. Il a ajout\u00e9 : \u00ab Une journ\u00e9e sp\u00e9ciale pour l\u2019\u00e9quipe, avec la livr\u00e9e Sun and Moon. Valentino restera toujours une partie essentielle de la MotoGP \u00bb.<\/p>\n<p>Bon \u00e0 savoir<\/p>\n<ul>\n<li>Fabio Di Giannantonio a commenc\u00e9 sa carri\u00e8re en MotoGP en tant que membre de l\u2019\u00e9quipe VR46, fond\u00e9e par Valentino Rossi.<\/li>\n<li>La livr\u00e9e Sole Luna symbolise l\u2019h\u00e9ritage et le succ\u00e8s de Rossi dans le monde du motocyclisme.<\/li>\n<li>Le prochain d\u00e9fi pour les pilotes de MotoGP sera le prochain Grand Prix, o\u00f9 Diggia esp\u00e8re construire sur ses succ\u00e8s r\u00e9cents.<\/li>\n<\/ul>\n<p>Il est fascinant de voir comment l\u2019h\u00e9ritage de l\u00e9gendes comme Valentino Rossi continue d\u2019influencer la nouvelle g\u00e9n\u00e9ration de pilotes. Les aficionados du MotoGP se demandent souvent : jusqu\u2019o\u00f9 ces jeunes pilotes, comme Di Giannantonio, peuvent-ils aller en s\u2019inspirant de leurs pr\u00e9d\u00e9cesseurs ?<\/p>\n","protected":false},"excerpt":{"rendered":"Fabio Di Giannantonio \u00c9voque Valentino Rossi au MotoGP de Silverstone NORTHAMPTONSHIRE, DIMANCHE \u2014 Fabio Di Giannantonio a rappel\u00e9&hellip;\n","protected":false},"author":2,"featured_media":313521,"comment_status":"","ping_status":"","sticky":false,"template":"","format":"standard","meta":{"footnotes":""},"categories":[1413],"tags":[1011,27,1457,1456,60],"class_list":{"0":"post-313520","1":"post","2":"type-post","3":"status-publish","4":"format-standard","5":"has-post-thumbnail","7":"category-moto","8":"tag-fr","9":"tag-france","10":"tag-moto","11":"tag-motocycle","12":"tag-sports"},"share_on_mastodon":{"url":"https:\/\/pubeurope.com\/@fr\/115014909677755264","error":""},"_links":{"self":[{"href":"https:\/\/www.europesays.com\/fr\/wp-json\/wp\/v2\/posts\/313520","targetHints":{"allow":["GET"]}}],"collection":[{"href":"https:\/\/www.europesays.com\/fr\/wp-json\/wp\/v2\/posts"}],"about":[{"href":"https:\/\/www.europesays.com\/fr\/wp-json\/wp\/v2\/types\/post"}],"author":[{"embeddable":true,"href":"https:\/\/www.europesays.com\/fr\/wp-json\/wp\/v2\/users\/2"}],"replies":[{"embeddable":true,"href":"https:\/\/www.europesays.com\/fr\/wp-json\/wp\/v2\/comments?post=313520"}],"version-history":[{"count":0,"href":"https:\/\/www.europesays.com\/fr\/wp-json\/wp\/v2\/posts\/313520\/revisions"}],"wp:featuredmedia":[{"embeddable":true,"href":"https:\/\/www.europesays.com\/fr\/wp-json\/wp\/v2\/media\/313521"}],"wp:attachment":[{"href":"https:\/\/www.europesays.com\/fr\/wp-json\/wp\/v2\/media?parent=313520"}],"wp:term":[{"taxonomy":"category","embeddable":true,"href":"https:\/\/www.europesays.com\/fr\/wp-json\/wp\/v2\/categories?post=313520"},{"taxonomy":"post_tag","embeddable":true,"href":"https:\/\/www.europesays.com\/fr\/wp-json\/wp\/v2\/tags?post=313520"}],"curies":[{"name":"wp","href":"https:\/\/api.w.org\/{rel}","templated":true}]}}