{"id":313522,"date":"2025-08-12T08:43:13","date_gmt":"2025-08-12T08:43:13","guid":{"rendered":"https:\/\/www.europesays.com\/fr\/313522\/"},"modified":"2025-08-12T08:43:13","modified_gmt":"2025-08-12T08:43:13","slug":"jorge-martin-a-identifie-comment-progresser-sur-laprilia","status":"publish","type":"post","link":"https:\/\/www.europesays.com\/fr\/313522\/","title":{"rendered":"Jorge Mart\u00edn a identifi\u00e9 comment progresser sur l&rsquo;Aprilia"},"content":{"rendered":"<p><a href=\"https:\/\/fr.motorsport.com\/driver\/jorge-martin\/109391\/\" target=\"_blank\" rel=\"noopener nofollow\">Jorge Mart\u00edn<\/a> a encore une connaissance tr\u00e8s limit\u00e9e de l&rsquo;Aprilia. Alors que ses rivaux ont plus d&rsquo;une demi-saison d&rsquo;exp\u00e9rience avec leur moto, le champion en titre n&rsquo;a eu droit qu&rsquo;\u00e0 12 tours pendant la pr\u00e9-saison avant de se blesser, puis un week-end \u00e0 Losail lors duquel il restait diminu\u00e9 physiquement et qui s&rsquo;est conclu sur une nouvelle blessure, avant son retour \u00e0 Brno avant la tr\u00eave estivale.<\/p>\n<p>Mart\u00edn a montr\u00e9 des signes prometteurs lors de ce week-end tch\u00e8que, en prenant ses premiers points de l&rsquo;ann\u00e9e avec une encourageante septi\u00e8me place le dimanche. Pendant ce temps, <a href=\"https:\/\/fr.motorsport.com\/driver\/marco-bezzecchi\/441839\/\" target=\"_blank\" rel=\"noopener nofollow\">Marco Bezzecchi<\/a> a montr\u00e9 le potentiel de l&rsquo;Aprilia en remontant au quatri\u00e8me rang.<\/p>\n<p>\u00ab\u00a0Je pensais que Marco avait gagn\u00e9 la course parce que quand j&rsquo;\u00e9tais encore derri\u00e8re le groupe, j&rsquo;ai vu qu&rsquo;il \u00e9tait premier. Mais, au final, \u00e7a n&rsquo;a pas \u00e9t\u00e9 le cas\u00a0\u00bb, a comment\u00e9 Mart\u00edn, enthousiaste quant au potentiel de sa moto apr\u00e8s avoir pourtant voulu quitter la marque\u00a0: \u00ab\u00a0Oui, je suis heureux pour Aprilia.\u00a0\u00bb<\/p>\n<p>Fort de son top 7 \u00e0 Brno, Mart\u00edn a confi\u00e9 son d\u00e9sir d&rsquo;atteindre le niveau de Bezzecchi avec la RS-GP et de <a href=\"https:\/\/fr.motorsport.com\/motogp\/news\/jorge-martin-espere-au-moins-podiums\/10744884\/\" rel=\"nofollow noopener\" target=\"_blank\">jouer le podium avant la fin de la saison<\/a>. Apr\u00e8s avoir uniquement pilot\u00e9 des Ducati en MotoGP, il doit encore s&rsquo;adapter aux caract\u00e9ristiques de l&rsquo;Aprilia, notamment en entr\u00e9e de courbe.<\/p>\n<p>\u00ab\u00a0Ce que j&rsquo;ai surtout vu, c&rsquo;est qu&rsquo;ils arrivent \u00e0 beaucoup plus refermer les trajectoires. Normalement, avec la moto que je pilotais avant, je manquais un peu de confiance dans la derni\u00e8re partie du freinage et j&rsquo;\u00e9largissais un peu, alors qu&rsquo;avec cette moto je vois que je peux \u00eatre plus sur les freins pour entrer dans les virages.\u00a0\u00bb<\/p>\n<p>   <img decoding=\"async\" draggable=\"false\" src=\"https:\/\/www.europesays.com\/fr\/wp-content\/uploads\/2025\/08\/1754660472_274_jorge-martin-aprilia-racing-te.jpg\" alt=\"Jorge Martin, Aprilia Racing Team\" width=\"1200\" height=\"800\" loading=\"lazy\"\/> <\/p>\n<p class=\"title\">Jorge Mart\u00edn<\/p>\n<p class=\"photographer\">Photo de: Aprilia Racing<\/p>\n<p>\u00ab\u00a0Et c&rsquo;est ce qui me manque, ils le font alors que moi, je continue \u00e0 \u00e9largir un peu. Je prends le point de corde, mais ensuite il faut que je rel\u00e2che. Donc j&rsquo;ai besoin de plus de tours pour comprendre \u00e0 quel point je peux pousser. Dans les derniers tours [au GP de R\u00e9publique tch\u00e8que], je l&rsquo;ai fait et \u00e7a s&rsquo;am\u00e9liorait.\u00a0\u00bb<\/p>\n<p>\u00ab\u00a0C&rsquo;est un point sur lequel j&rsquo;ai besoin de progresser, tandis que je me sens d\u00e9j\u00e0 tr\u00e8s comp\u00e9titif au point de corde et en sortie. Je dois juste am\u00e9liorer un peu mes sensations et le turning.\u00a0\u00bb<\/p>\n<p>Pendant la pause des derni\u00e8res semaines, Mart\u00edn a maintenu un entra\u00eenement intensif pour continuer \u00e0 am\u00e9liorer sa condition physique. Il voit \u00e9galement une piste de progr\u00e8s dans son travail avec Aprilia, au sein d&rsquo;une \u00e9quipe qu&rsquo;il conna\u00eet toujours assez peu.<\/p>\n<p>\u00ab\u00a0J&rsquo;ai travaill\u00e9 dur cet \u00e9t\u00e9, et c&rsquo;\u00e9tait extr\u00eamement intense, donc je pense que je suis encore plus pr\u00eat que je ne l&rsquo;\u00e9tais \u00e0 Brno. Maintenant, l&rsquo;objectif est de progresser avec l&rsquo;\u00e9quipe et de continuer \u00e0 se d\u00e9couvrir, parce que nous avons encore une longue saison devant nous. Nous allons continuer \u00e0 grandir ensemble pour d\u00e9crocher des r\u00e9sultats au plus vite.\u00a0\u00bb<\/p>\n<p style=\"text-align: right;\">Avec L\u00e9na Buffa<\/p>\n<p>Lire aussi :<\/p>\n<p>Dans cet article<\/p>\n<p>Soyez le premier inform\u00e9 et souscrivez aux alertes mails pour recevoir les infos en temps r\u00e9el<\/p>\n<p>    S&rsquo;abonner aux alertes de news<\/p>\n","protected":false},"excerpt":{"rendered":"Jorge Mart\u00edn a encore une connaissance tr\u00e8s limit\u00e9e de l&rsquo;Aprilia. Alors que ses rivaux ont plus d&rsquo;une demi-saison&hellip;\n","protected":false},"author":2,"featured_media":313523,"comment_status":"","ping_status":"","sticky":false,"template":"","format":"standard","meta":{"footnotes":""},"categories":[1412],"tags":[3563,1451,1452,1453,1454,1455,1011,27,3564,45312,1458,60],"class_list":{"0":"post-313522","1":"post","2":"type-post","3":"status-publish","4":"format-standard","5":"has-post-thumbnail","7":"category-f1","8":"tag-aprilia-racing-team","9":"tag-f1","10":"tag-formula-1","11":"tag-formula1","12":"tag-formule-1","13":"tag-formule1","14":"tag-fr","15":"tag-france","16":"tag-jorge-martu00edn","17":"tag-jorge-martu00edn-a-identifiu00e9-comment-progresser-sur-laprilia","18":"tag-motogp","19":"tag-sports"},"share_on_mastodon":{"url":"https:\/\/pubeurope.com\/@fr\/115014913499605823","error":""},"_links":{"self":[{"href":"https:\/\/www.europesays.com\/fr\/wp-json\/wp\/v2\/posts\/313522","targetHints":{"allow":["GET"]}}],"collection":[{"href":"https:\/\/www.europesays.com\/fr\/wp-json\/wp\/v2\/posts"}],"about":[{"href":"https:\/\/www.europesays.com\/fr\/wp-json\/wp\/v2\/types\/post"}],"author":[{"embeddable":true,"href":"https:\/\/www.europesays.com\/fr\/wp-json\/wp\/v2\/users\/2"}],"replies":[{"embeddable":true,"href":"https:\/\/www.europesays.com\/fr\/wp-json\/wp\/v2\/comments?post=313522"}],"version-history":[{"count":0,"href":"https:\/\/www.europesays.com\/fr\/wp-json\/wp\/v2\/posts\/313522\/revisions"}],"wp:featuredmedia":[{"embeddable":true,"href":"https:\/\/www.europesays.com\/fr\/wp-json\/wp\/v2\/media\/313523"}],"wp:attachment":[{"href":"https:\/\/www.europesays.com\/fr\/wp-json\/wp\/v2\/media?parent=313522"}],"wp:term":[{"taxonomy":"category","embeddable":true,"href":"https:\/\/www.europesays.com\/fr\/wp-json\/wp\/v2\/categories?post=313522"},{"taxonomy":"post_tag","embeddable":true,"href":"https:\/\/www.europesays.com\/fr\/wp-json\/wp\/v2\/tags?post=313522"}],"curies":[{"name":"wp","href":"https:\/\/api.w.org\/{rel}","templated":true}]}}