{"id":313528,"date":"2025-08-12T08:46:13","date_gmt":"2025-08-12T08:46:13","guid":{"rendered":"https:\/\/www.europesays.com\/fr\/313528\/"},"modified":"2025-08-12T08:46:13","modified_gmt":"2025-08-12T08:46:13","slug":"emmanuel-macron-le-patrick-sebastien-de-ca-balance-severe-sur-cnews-mais-le-timing-interpelle","status":"publish","type":"post","link":"https:\/\/www.europesays.com\/fr\/313528\/","title":{"rendered":"Emmanuel Macron, \u201cle Patrick S\u00e9bastien de\u2026\u201d : \u00e7a balance s\u00e9v\u00e8re sur CNews mais le timing interpelle"},"content":{"rendered":"<p>Ce 11 ao\u00fbt 2025, Vincent Roy \u00e9tait invit\u00e9 sur le plateau de<br \/>\nL\u2019Heure des Pros, sur CNews. Le journaliste \u00e9tait<br \/>\ninterrog\u00e9 sur le bilan \u00e9conomique et la gestion des finances<br \/>\npubliques d\u2019Emmanuel Macron.<\/p>\n<p>Alors qu\u2019il d\u00e9non\u00e7ait une g\u00e9rance \u00ab\u00a0catastrophique\u00a0\u00bb du<br \/>\npr\u00e9sident de la R\u00e9publique et de son <a href=\"https:\/\/www.closermag.fr\/politique\/francois-bayrou-veut-serrer-la-ceinture-des-francais-et-valerie-damidot-eclate-sa-maman-la-3564171\" rel=\"nofollow noopener\" target=\"_blank\"><br \/>\ngouvernement<\/a>, il a fait une comparaison qui n\u2019est pas pass\u00e9e<br \/>\ninaper\u00e7ue.<\/p>\n<p>CNews\u00a0: un invit\u00e9 fait une comparaison surprenante<\/p>\n<p>Ce lundi 11 ao\u00fbt, sur <a href=\"https:\/\/www.closermag.fr\/people\/pascal-praud-lache-par-deux-proches-coup-dur-pour-le-journaliste-de-cnews-3568953\" rel=\"nofollow noopener\" target=\"_blank\"><br \/>\nCNews<\/a>, l\u2019\u00e9crivain\u00a0<strong>Vincent Roy<\/strong>\u00a0a<br \/>\namus\u00e9 tout le plateau avec une comparaison pour le moins inattendu.<br \/>\nL\u2019\u00e9crivain \u00e9voquait le bilan \u00e9conomique d\u2019<a href=\"https:\/\/www.closermag.fr\/politique\/emmanuel-macron-doit-preparer-son-cercueil-violentes-menaces-en-direct-la-justice-ne-laisse-pas-passer-3570044\" rel=\"nofollow noopener\" target=\"_blank\">Emmanuel<br \/>\nMacron<\/a> et sa gestion des finances publiques. Vincent Roy a<br \/>\nalors l\u00e2ch\u00e9, \u00e0 propos du chef de l\u2019\u00c9tat : \u00ab\u00a0<strong>On nous l&rsquo;a<br \/>\nvendu comme le Mozart des finances, lui et toute sa troupe, et on<br \/>\nse retrouve avec un Patrick S\u00e9bastien de la finance<\/strong>\u00ab\u00a0.<br \/>\nDe quoi provoquer des rires timides en plateau.<\/p>\n<p>L\u2019\u00e9crivain a ensuite ajout\u00e9 : \u00ab\u00a0et j\u2019ai rien contre Patrick<br \/>\nS\u00e9bastien\u00a0\u00bb. Il a ensuite expliqu\u00e9 son propos. \u00ab\u00a0On a eu une<br \/>\n<strong>gestion catastrophique<\/strong> sur tous les plans. On voit<br \/>\nles r\u00e9sultats. Et on a le front de dire aux Fran\u00e7ais \u2018attendez,<br \/>\nvous n\u2019avez pas encore fait assez d\u2019effort\u2019 (\u2026) Le responsable, le<br \/>\nchef, il s\u2019appelle Emmanuel Macron\u00a0\u00bb\u00a0a-t-il d\u00e9clar\u00e9.<\/p>\n<blockquote class=\"twitter-tweet\"><p><a class=\"twitter-link\" rel=\"noindex, nofollow noopener\" href=\"https:\/\/twitter.com\/CNEWS\/status\/1954834420826829225\" target=\"_blank\"><\/p><\/blockquote>\n<p>Une comparaison \u00e9trange et un timing<br \/>\npas vraiment id\u00e9al<\/p>\n<p>Vincent Roy a alors laiss\u00e9 entendre qu\u2019il consid\u00e8re qu\u2019il y a un<br \/>\n\u00e9norme <strong>d\u00e9calage<\/strong> entre l\u2019image du <a href=\"https:\/\/www.closermag.fr\/politique\/la-france-a-macron-balle-perdue-pour-le-president-dans-secret-story-2025-3569440\" rel=\"nofollow noopener\" target=\"_blank\"><br \/>\npr\u00e9sident de la R\u00e9publique<\/a> au moment de son arriv\u00e9e \u00e0 l\u2019\u00c9lys\u00e9e,<br \/>\nen 2017, et ses actions \u00e9conomiques, sept ans plus tard. En effet,<br \/>\nEmmanuel Macron, ancien banquier et ministre de l\u2019\u00c9conomie, avait<br \/>\nune r\u00e9putation d\u2019<strong>expert financier<\/strong> avant son<br \/>\narriv\u00e9e au pouvoir.<\/p>\n<p>Mais le journaliste a choisi de la comparer \u00e0\u00a0<a href=\"https:\/\/www.closermag.fr\/people\/patrick-sebastien-apres-sa-fausse-fellation-sur-scene-cette-nouvelle-video-avec-ses-fans-qui-surprend-3569140\" rel=\"nofollow noopener\" target=\"_blank\">Patrick<br \/>\nS\u00e9bastien<\/a>, qui se retrouve actuellement au c\u0153ur d&rsquo;une \u00e9norme<br \/>\n<strong>pol\u00e9mique<\/strong>. Le 22 juillet dernier, le chanteur<br \/>\ndonnait un concert dans un camping naturiste du Cap d\u2019Agde. Une<br \/>\nspectatrice est alors mont\u00e9e sur sc\u00e8ne pour le rejoindre, et les<br \/>\ndeux ont mim\u00e9 une fellation. La sc\u00e8ne a rapidement fait le tour de<br \/>\nla Toile et d\u00e9clench\u00e9 un toll\u00e9, car des mineurs \u00e9taient pr\u00e9sents<br \/>\ndans le public. Le moment n&rsquo;\u00e9tait donc pas vraiment bien choisi<br \/>\npour comparer le chef de l&rsquo;\u00c9tat \u00e0 <a href=\"https:\/\/www.closermag.fr\/people\/patrick-sebastien-laffaire-embarrasse-cette-interdiction-claire-qui-a-circule-en-douce-3569381\" rel=\"nofollow noopener\" target=\"_blank\"><br \/>\nl&rsquo;artiste populaire<\/a>.<\/p>\n<p><script async src=\"https:\/\/platform.twitter.com\/widgets.js\" charset=\"utf-8\"><\/script><\/p>\n","protected":false},"excerpt":{"rendered":"Ce 11 ao\u00fbt 2025, Vincent Roy \u00e9tait invit\u00e9 sur le plateau de L\u2019Heure des Pros, sur CNews. Le&hellip;\n","protected":false},"author":2,"featured_media":313529,"comment_status":"","ping_status":"","sticky":false,"template":"","format":"standard","meta":{"footnotes":""},"categories":[1359],"tags":[548,58,1073,59,1011,27,6097,973],"class_list":{"0":"post-313528","1":"post","2":"type-post","3":"status-publish","4":"format-standard","5":"has-post-thumbnail","7":"category-people","8":"tag-article-simple","9":"tag-divertissement","10":"tag-emmanuel-macron","11":"tag-entertainment","12":"tag-fr","13":"tag-france","14":"tag-patrick-sebastien","15":"tag-people"},"share_on_mastodon":{"url":"https:\/\/pubeurope.com\/@fr\/115014925181211288","error":""},"_links":{"self":[{"href":"https:\/\/www.europesays.com\/fr\/wp-json\/wp\/v2\/posts\/313528","targetHints":{"allow":["GET"]}}],"collection":[{"href":"https:\/\/www.europesays.com\/fr\/wp-json\/wp\/v2\/posts"}],"about":[{"href":"https:\/\/www.europesays.com\/fr\/wp-json\/wp\/v2\/types\/post"}],"author":[{"embeddable":true,"href":"https:\/\/www.europesays.com\/fr\/wp-json\/wp\/v2\/users\/2"}],"replies":[{"embeddable":true,"href":"https:\/\/www.europesays.com\/fr\/wp-json\/wp\/v2\/comments?post=313528"}],"version-history":[{"count":0,"href":"https:\/\/www.europesays.com\/fr\/wp-json\/wp\/v2\/posts\/313528\/revisions"}],"wp:featuredmedia":[{"embeddable":true,"href":"https:\/\/www.europesays.com\/fr\/wp-json\/wp\/v2\/media\/313529"}],"wp:attachment":[{"href":"https:\/\/www.europesays.com\/fr\/wp-json\/wp\/v2\/media?parent=313528"}],"wp:term":[{"taxonomy":"category","embeddable":true,"href":"https:\/\/www.europesays.com\/fr\/wp-json\/wp\/v2\/categories?post=313528"},{"taxonomy":"post_tag","embeddable":true,"href":"https:\/\/www.europesays.com\/fr\/wp-json\/wp\/v2\/tags?post=313528"}],"curies":[{"name":"wp","href":"https:\/\/api.w.org\/{rel}","templated":true}]}}