{"id":313532,"date":"2025-08-12T08:48:10","date_gmt":"2025-08-12T08:48:10","guid":{"rendered":"https:\/\/www.europesays.com\/fr\/313532\/"},"modified":"2025-08-12T08:48:10","modified_gmt":"2025-08-12T08:48:10","slug":"cette-autrice-de-dieppe-raconte-son-pelerinage-a-lenvers-dans-un-livre","status":"publish","type":"post","link":"https:\/\/www.europesays.com\/fr\/313532\/","title":{"rendered":"Cette autrice de Dieppe raconte son p\u00e8lerinage \u00e0 l\u2019envers dans un livre"},"content":{"rendered":"<p>            Par<br \/>\n        <strong><br \/>\n            <a href=\"https:\/\/actu.fr\/auteur\/marie-lemaistre\" title=\"Consulter tous les articles de Marie LEMAISTRE\" rel=\"nofollow noopener\" target=\"_blank\">Marie LEMAISTRE<\/a><br \/>\n        <\/strong><\/p>\n<p>        Publi\u00e9 le<\/p>\n<p>            12 ao\u00fbt 2025 \u00e0 10h12        <\/p>\n<p>Jo\u00eblle Cuvilliez, autrice ayant grandi \u00e0 <a href=\"https:\/\/actu.fr\/normandie\/dieppe_76217\" rel=\"nofollow noopener\" target=\"_blank\">Dieppe (Seine-Maritime)<\/a>, signe son premier r\u00e9cit de voyage avec Buen Camino, paru le <b>1er\u00a0juillet<\/b> <b>2025 <\/b>aux \u00e9ditions Duro.<\/p>\n<p class=\" wall-content\">Il s\u2019agit de son <b>septi\u00e8me <\/b>ouvrage, apr\u00e8s plusieurs romans et recueils de nouvelles. En parall\u00e8le, elle a co\u00e9crit <b>neuf <\/b>autres livres.<\/p>\n<p>Passionn\u00e9e de voyages<\/p>\n<p class=\" wall-content\">N\u00e9e \u00e0 <b>F\u00e9camp<\/b>, Jo\u00eblle Cuvilliez emm\u00e9nage \u00e0 Dieppe avec sa famille \u00e0 l\u2019\u00e2ge de <b>8\u00a0ans<\/b>. Apr\u00e8s le baccalaur\u00e9at, elle part faire ses \u00e9tudes \u00e0 <b>Paris<\/b>.<\/p>\n<p class=\" wall-content\">Dans la capitale, elle s\u2019inscrit \u00e0 l\u2019Institut des langues arabes, puis poursuit avec une ma\u00eetrise de linguistique, avant de d\u00e9buter sa carri\u00e8re comme professeure d\u2019arabe au lyc\u00e9e fran\u00e7ais de <b>Tunis<\/b>. Elle termine son parcours professionnel comme r\u00e9dactrice en chef du magazine Ensemble et Solidaire, \u00e9dit\u00e9 par Union nationale des retrait\u00e9s et des personnes \u00e2g\u00e9es.<\/p>\n<p class=\" wall-content\">Passionn\u00e9e de voyages, elle a parcouru une <b>cinquantaine <\/b>de pays \u00e0 travers les cinq continents. Elle publie son premier roman \u00e0 l\u2019\u00e2ge de <b>40\u00a0ans<\/b>. Chacune de ses escapades inspire ses r\u00e9cits. Pour autant, elle n\u2019a jamais cess\u00e9 de revenir <b>au Pollet<\/b>, o\u00f9 vivent toujours ses parents.<\/p>\n<p>Vid\u00e9os : en ce moment sur Actu<\/p>\n<p class=\" wall-content\">Buen Camino retrace le p\u00e9riple qu\u2019elle a entrepris l\u2019an dernier le long de la <b>p\u00e9ninsule Ib\u00e9rique<\/b> pour c\u00e9l\u00e9brer son d\u00e9part \u00e0 la retraite. Partie de Saint-Jacques-de-Compostelle, elle a parcouru <b>630\u00a0km <\/b>vers le sud, en 29 \u00e9tapes, jusqu\u2019\u00e0 Lagos, au Portugal, o\u00f9 elle devait retrouver sa fille.<\/p>\n<p class=\" wall-content\">\u00ab Buen Camino signifie \u00ab <b>bon chemin <\/b>\u00bb, pr\u00e9cise-t-elle. C\u2019est ce que l\u2019on dit aux personnes que l\u2019on croise sur le chemin de Compostelle. Moi, je l\u2019ai fait \u00e0 l\u2019envers, puisque normalement on va vers Saint-Jacques, on ne part pas de Saint-Jacques. C\u2019\u00e9tait pour moi l\u2019occasion de d\u00e9couvrir <b>la Galice<\/b>, que je ne connaissais pas, avant de retrouver ma fille. Je n\u2019imaginais pas les difficult\u00e9s auxquelles j\u2019allais me heurter. \u00bb<\/p>\n<p>Vaincre ses peurs<\/p>\n<p class=\" wall-content\">En faisant ce choix de partir dans le sens <b>inverse <\/b>du chemin traditionnel, Jo\u00eblle Cuvilliez se retrouve dos aux balises, oblig\u00e9e de se retourner r\u00e9guli\u00e8rement pour s\u2019assurer qu\u2019elle ne se perd pas. \u00c0 63\u00a0ans, elle affronte aussi la <b>solitude<\/b>. \u00ab J\u2019ai quand m\u00eame laiss\u00e9 4\u00a0kg sur le chemin \u00bb, sourit-elle.<\/p>\n<p class=\" wall-content\">De cette exp\u00e9rience, elle tire le titre de son ouvrage. \u00ab J\u2019ai crois\u00e9 des <b>centaines <\/b>de p\u00e8lerins. Je passais mes journ\u00e9es \u00e0 dire Buen Camino, alors que ceux que je rencontrais ne croisaient que moi, puisque j\u2019\u00e9tais seule \u00e0 marcher dans cette direction, se souvient-elle. Chaque soir, je notais les <b>anecdotes <\/b>et <b>p\u00e9rip\u00e9ties <\/b>de la journ\u00e9e. C\u2019est en rentrant que je me suis dit qu\u2019il y avait peut-\u00eatre mati\u00e8re \u00e0 structurer tout cela pour en faire <b>un r\u00e9cit<\/b>. \u00bb<\/p>\n<p class=\" wall-content\">Son ouvrage porte aussi un message. \u00ab Dans la vie, on a souvent des peurs qui nous emp\u00eachent d\u2019<b>avancer<\/b>. En r\u00e9alit\u00e9, il ne m\u2019est arriv\u00e9 que de bonnes choses, \u00e0 part les genoux qui grincent, plaisante-t-elle. Je ne me suis jamais sentie en danger. Le plus important, c\u2019est le premier pas. Au fond, c\u2019est une <b>m\u00e9taphore <\/b>de la vie. Je me suis dit que mon exp\u00e9rience pouvait au moins parler \u00e0 des femmes de mon \u00e2ge qui n\u2019<b>osent pas <\/b>se lancer. \u00bb<\/p>\n<p>Buen Camino, r\u00e9cit de voyage de Jo\u00eblle Cuvilliez, aux Editions Duro, collection Litt\u00e9ralit\u00e9s 160 pages, 19\u00a0euros.<\/p>\n<p class=\" wall-content\">Suivez toute l\u2019actualit\u00e9 de vos villes et m\u00e9dias favoris en vous inscrivant \u00e0 <a href=\"https:\/\/moncompte.actu.fr\" title=\"D\u00e9couvez Mon Actu\" rel=\"nofollow noopener\" data-trk=\"{&quot;cta&quot;:{&quot;action&quot;:&quot;https:\\\/\\\/moncompte.actu.fr&quot;,&quot;category&quot;:&quot;mon compte&quot;,&quot;from&quot;:&quot;article footer&quot;,&quot;name&quot;:&quot;Mon actu&quot;,&quot;type&quot;:&quot;cta&quot;}}\" target=\"_blank\">Mon Actu<\/a>.<\/p>\n","protected":false},"excerpt":{"rendered":"Par Marie LEMAISTRE Publi\u00e9 le 12 ao\u00fbt 2025 \u00e0 10h12 Jo\u00eblle Cuvilliez, autrice ayant grandi \u00e0 Dieppe (Seine-Maritime),&hellip;\n","protected":false},"author":2,"featured_media":313533,"comment_status":"","ping_status":"","sticky":false,"template":"","format":"standard","meta":{"footnotes":""},"categories":[1357],"tags":[1379,58,59,1011,27,1380,1652],"class_list":{"0":"post-313532","1":"post","2":"type-post","3":"status-publish","4":"format-standard","5":"has-post-thumbnail","7":"category-livres","8":"tag-books","9":"tag-divertissement","10":"tag-entertainment","11":"tag-fr","12":"tag-france","13":"tag-livres","14":"tag-loisirs-culture"},"share_on_mastodon":{"url":"https:\/\/pubeurope.com\/@fr\/115014933121256424","error":""},"_links":{"self":[{"href":"https:\/\/www.europesays.com\/fr\/wp-json\/wp\/v2\/posts\/313532","targetHints":{"allow":["GET"]}}],"collection":[{"href":"https:\/\/www.europesays.com\/fr\/wp-json\/wp\/v2\/posts"}],"about":[{"href":"https:\/\/www.europesays.com\/fr\/wp-json\/wp\/v2\/types\/post"}],"author":[{"embeddable":true,"href":"https:\/\/www.europesays.com\/fr\/wp-json\/wp\/v2\/users\/2"}],"replies":[{"embeddable":true,"href":"https:\/\/www.europesays.com\/fr\/wp-json\/wp\/v2\/comments?post=313532"}],"version-history":[{"count":0,"href":"https:\/\/www.europesays.com\/fr\/wp-json\/wp\/v2\/posts\/313532\/revisions"}],"wp:featuredmedia":[{"embeddable":true,"href":"https:\/\/www.europesays.com\/fr\/wp-json\/wp\/v2\/media\/313533"}],"wp:attachment":[{"href":"https:\/\/www.europesays.com\/fr\/wp-json\/wp\/v2\/media?parent=313532"}],"wp:term":[{"taxonomy":"category","embeddable":true,"href":"https:\/\/www.europesays.com\/fr\/wp-json\/wp\/v2\/categories?post=313532"},{"taxonomy":"post_tag","embeddable":true,"href":"https:\/\/www.europesays.com\/fr\/wp-json\/wp\/v2\/tags?post=313532"}],"curies":[{"name":"wp","href":"https:\/\/api.w.org\/{rel}","templated":true}]}}