{"id":313534,"date":"2025-08-12T08:49:10","date_gmt":"2025-08-12T08:49:10","guid":{"rendered":"https:\/\/www.europesays.com\/fr\/313534\/"},"modified":"2025-08-12T08:49:10","modified_gmt":"2025-08-12T08:49:10","slug":"audiences-20h-debuts-en-semaine-compliques-pour-sonia-chironi-sur-france-2-tres-largement-battue-par-jean-baptiste-boursier-hier-soir-sur-tf1","status":"publish","type":"post","link":"https:\/\/www.europesays.com\/fr\/313534\/","title":{"rendered":"Audiences 20h: D\u00e9buts en semaine compliqu\u00e9s pour Sonia Chironi sur France 2 tr\u00e8s largement battue par Jean-Baptiste Boursier hier soir sur TF1"},"content":{"rendered":"<p>Hier soir \u00e0 20h sur TF1, Jean-Baptiste Boursier \u00e9tait \u00e0 la pr\u00e9sentation d&rsquo;une nouvelle \u00e9dition du JT. En face, sur France 2, l&rsquo;\u00e9dition \u00e9tait assur\u00e9e par Sonia Chironi.\u00a0<\/p>\n<p>Du c\u00f4t\u00e9 de France 3, une nouvelle \u00e9dition de \u00ab\u00a0Tout le sport\u00a0\u00bb \u00e9tait propos\u00e9e face \u00e0 M6 et son \u00ab\u00a019.45\u00a0\u00bb.\u00a0<\/p>\n<p>\u00a0<\/p>\n<p>        Le JT de 20h &#8211; Jean-Baptiste Boursier<br \/>\n        31.3 % de PDA\n        <\/p>\n<p>        4 600 000<\/p>\n<p>        Le JT de 20h &#8211; Sonia Chironi<br \/>\n        21.9 % de PDA\n        <\/p>\n<p>        3 210 000<\/p>\n<p>        Le 19.45<br \/>\n        14.3 % de PDA\n        <\/p>\n<p>        2 000 000<\/p>\n<p>        Tout le sport<br \/>\n        6.7 % de PDA\n        <\/p>\n<p>        930 000<\/p>\n<p>  Le Top des parts de march\u00e9<\/p>\n","protected":false},"excerpt":{"rendered":"Hier soir \u00e0 20h sur TF1, Jean-Baptiste Boursier \u00e9tait \u00e0 la pr\u00e9sentation d&rsquo;une nouvelle \u00e9dition du JT. En&hellip;\n","protected":false},"author":2,"featured_media":313535,"comment_status":"","ping_status":"","sticky":false,"template":"","format":"standard","meta":{"footnotes":""},"categories":[1356],"tags":[2367,58,59,1011,27,876,594,494,252,199,1364],"class_list":{"0":"post-313534","1":"post","2":"type-post","3":"status-publish","4":"format-standard","5":"has-post-thumbnail","7":"category-television","8":"tag-audiences","9":"tag-divertissement","10":"tag-entertainment","11":"tag-fr","12":"tag-france","13":"tag-france-3","14":"tag-france-2","15":"tag-m6","16":"tag-television","17":"tag-tf1","18":"tag-tv"},"share_on_mastodon":{"url":"https:\/\/pubeurope.com\/@fr\/115014937073876549","error":""},"_links":{"self":[{"href":"https:\/\/www.europesays.com\/fr\/wp-json\/wp\/v2\/posts\/313534","targetHints":{"allow":["GET"]}}],"collection":[{"href":"https:\/\/www.europesays.com\/fr\/wp-json\/wp\/v2\/posts"}],"about":[{"href":"https:\/\/www.europesays.com\/fr\/wp-json\/wp\/v2\/types\/post"}],"author":[{"embeddable":true,"href":"https:\/\/www.europesays.com\/fr\/wp-json\/wp\/v2\/users\/2"}],"replies":[{"embeddable":true,"href":"https:\/\/www.europesays.com\/fr\/wp-json\/wp\/v2\/comments?post=313534"}],"version-history":[{"count":0,"href":"https:\/\/www.europesays.com\/fr\/wp-json\/wp\/v2\/posts\/313534\/revisions"}],"wp:featuredmedia":[{"embeddable":true,"href":"https:\/\/www.europesays.com\/fr\/wp-json\/wp\/v2\/media\/313535"}],"wp:attachment":[{"href":"https:\/\/www.europesays.com\/fr\/wp-json\/wp\/v2\/media?parent=313534"}],"wp:term":[{"taxonomy":"category","embeddable":true,"href":"https:\/\/www.europesays.com\/fr\/wp-json\/wp\/v2\/categories?post=313534"},{"taxonomy":"post_tag","embeddable":true,"href":"https:\/\/www.europesays.com\/fr\/wp-json\/wp\/v2\/tags?post=313534"}],"curies":[{"name":"wp","href":"https:\/\/api.w.org\/{rel}","templated":true}]}}