{"id":313536,"date":"2025-08-12T08:50:10","date_gmt":"2025-08-12T08:50:10","guid":{"rendered":"https:\/\/www.europesays.com\/fr\/313536\/"},"modified":"2025-08-12T08:50:10","modified_gmt":"2025-08-12T08:50:10","slug":"taylor-swift-annonce-la-sortie-de-son-nouvel-album-the-life-of-a-showgirl","status":"publish","type":"post","link":"https:\/\/www.europesays.com\/fr\/313536\/","title":{"rendered":"Taylor Swift annonce la sortie de son nouvel album, The Life of a Showgirl"},"content":{"rendered":"<p>La star mondiale de la pop a d\u00e9voil\u00e9 la sortie du 12e disque de sa carri\u00e8re dans la nuit de lundi \u00e0 mardi.<\/p>\n<p class=\"fig-paragraph\">Les \u00ab\u00a0swifties\u00a0\u00bb l\u2019attendaient impatiemment.\u00a0<a href=\"http:\/\/www.lefigaro.fr\/culture\/les-statues-de-cire-de-taylor-swift-pretes-a-voyager-a-travers-le-monde-20250724\" data-fig-type=\"NewsFlash\" data-gtm-custom-categorie=\"navigation\" data-gtm-custom-action=\"crossclick\" data-gtm-custom-label=\"Contextuel\" data-gtm-event=\"customEventSPE\" data-fig-domain=\"LEFIGARO\" rel=\"nofollow noopener\" target=\"_blank\">Taylor Swift<\/a>, chanteuse am\u00e9ricaine aux 14 Grammy Awards, a annonc\u00e9 cette nuit la sortie prochaine de son 12e album intitul\u00e9 The Life of a Showgirl. \u00ab\u00a0Voici mon nouveau disque\u00a0\u00bb, a-t-elle d\u00e9clar\u00e9 \u00e0 lors d\u2019un podcast avec\u00a0<a href=\"http:\/\/madame.lefigaro.fr\/celebrites\/actu-people\/taylor-swift-et-travis-kelce-leur-etrange-premier-tapis-rouge-dans-une-universite-de-nashville-20250625\" data-fig-type=\"Article\" data-gtm-custom-categorie=\"navigation\" data-gtm-custom-action=\"crossclick\" data-gtm-custom-label=\"Contextuel\" data-gtm-event=\"customEventSPE\" data-fig-domain=\"MADAME\" rel=\"nofollow noopener\" target=\"_blank\">son compagnon Travis Kelce<\/a>, star de football am\u00e9ricain \u00e9voluant aux Kansas City Chiefs, et son fr\u00e8re Jason. L\u2019actuelle star incontest\u00e9e de la pop a alors d\u00e9voil\u00e9 la pochette de ce projet dont la date de sortie sera annonc\u00e9e plus tard.<\/p>\n<p class=\"fig-paragraph\">Tr\u00e8s vite, les fans de Taylor Swift se sont rendus sur son site web pour pr\u00e9commander The Life of a Showgirl. Le compte twitter Pop Base a partag\u00e9 une capture d\u2019\u00e9cran t\u00e9moignant d\u2019un engouement sans pr\u00e9c\u00e9dent chez les \u00ab\u00a0swifties\u00a0\u00bb. Aux alentours de 7 heures du matin, heure fran\u00e7aise, ces derniers devaient patienter plus d\u2019une heure pour avoir acc\u00e8s \u00e0 la boutique. En France, \u00e0 8 heures, le temps d\u2019attente \u00e9tait estim\u00e9 \u00e0 seulement trois minutes.<\/p>\n<p>                                    <a class=\"fig-a11y-skip a11y-hidden\" href=\"#fig-a11y-skip-main-inarticle\"><br \/>\n        Passer la publicit\u00e9<br \/>\n    <\/a><\/p>\n<p class=\"fig-paragraph\">La pop star propose trois diff\u00e9rentes versions de son prochain album, l\u2019une en format vinyle \u00e0 29,99 dollars, une autre en cassette \u00e0 19,99 dollars et un CD \u00e0 12,99 dollars. Le design du disque est pour l\u2019instant masqu\u00e9. Un cadenas orange et paillet\u00e9 cache la pochette qui semble \u00eatre color\u00e9e en vert caca d\u2019oie. Sur ses r\u00e9seaux sociaux, Taylor Swift a chang\u00e9 sa photo de profil avec le m\u00eame design et invit\u00e9 ses fans \u00e0 se rendre sur son site.<\/p>\n<p>L\u2019artiste la plus rentable du monde\u00a0?<\/p>\n<p class=\"fig-paragraph\">The Life of a Showgirl arrive un an apr\u00e8s la sortie de\u00a0<a href=\"http:\/\/www.lefigaro.fr\/musique\/the-tortured-poets-department-de-taylor-swift-une-pop-sans-risque-20240424\" data-fig-type=\"Article\" data-gtm-custom-categorie=\"navigation\" data-gtm-custom-action=\"crossclick\" data-gtm-custom-label=\"Contextuel\" data-gtm-event=\"customEventSPE\" data-fig-domain=\"LEFIGARO\" rel=\"nofollow noopener\" target=\"_blank\">The Tortured Poets Department<\/a> , son dernier album qui s\u2019\u00e9tait \u00e9coul\u00e9 \u00e0 quelque 2,61 millions d\u2019exemplaires. Le disque avait alors r\u00e9alis\u00e9 la meilleure premi\u00e8re semaine de l\u2019histoire aux \u00c9tats-Unis au classement Billboard. Sur Spotify, il avait \u00e9t\u00e9 \u00e9cout\u00e9 plus d\u2019un milliard de fois en une semaine. Du jamais vu.<\/p>\n<p class=\"fig-body-link\">\n            \u00c0 lire aussi<br \/>\n        <a class=\"fig-body-link__link fig-premium-mark\" href=\"http:\/\/www.lefigaro.fr\/medias\/de-paris-a-lyon-les-megaconcerts-du-phenomene-taylor-swift-affolent-tous-les-compteurs-20240508\" target=\"_blank\" data-fig-type=\"Article\" rel=\"noopener nofollow\" data-gtm-custom-categorie=\"navigation\" data-gtm-custom-action=\"crossclick\" data-gtm-custom-label=\"Contextuel\" data-gtm-event=\"customEventSPE\" data-fig-domain=\"LEFIGARO\">De Paris \u00e0 Lyon, les m\u00e9gaconcerts du ph\u00e9nom\u00e8ne Taylor Swift affolent tous les compteurs<br \/>\n    <\/a>\n<\/p>\n<p class=\"fig-paragraph\">\u00c0 35 ans, Taylor Swift ne cesse d\u2019empiler les records. Sa derni\u00e8re tourn\u00e9e mondiale, baptis\u00e9e\u00a0<a href=\"http:\/\/www.lefigaro.fr\/musique\/2-milliards-de-dollars-de-recettes-149-concerts-the-eras-tour-la-tournee-de-tous-les-records-pour-taylor-swift-20241209\" data-fig-type=\"NewsFlash\" data-gtm-custom-categorie=\"navigation\" data-gtm-custom-action=\"crossclick\" data-gtm-custom-label=\"Contextuel\" data-gtm-event=\"customEventSPE\" data-fig-domain=\"LEFIGARO\" rel=\"nofollow noopener\" target=\"_blank\">Eras Tour<\/a>, a \u00e9t\u00e9\u00a0<a href=\"https:\/\/www.lefigaro.fr\/medias\/plus-de-1-milliard-de-dollars-de-recettes-pour-the-eras-tour-de-taylor-swift-20231211\" data-fig-type=\"Article\" data-gtm-custom-categorie=\"navigation\" data-gtm-custom-action=\"crossclick\" data-gtm-custom-label=\"Contextuel\" data-gtm-event=\"customEventSPE\" data-fig-domain=\"LEFIGARO\" rel=\"nofollow noopener\" target=\"_blank\">la plus lucrative de l\u2019histoire<\/a>\u00a0en d\u00e9passant le milliard de dollars de recettes. Les \u00e9conomistes se sont amus\u00e9s \u00e0 parler de \u00ab\u00a0swiftflation\u00a0\u00bb apr\u00e8s avoir remarqu\u00e9 une stimulation de l\u2019\u00e9conomie dans plusieurs pays du monde suite au passage de la star am\u00e9ricaine. Les secteurs de l\u2019h\u00f4tellerie et de la restauration en ont \u00e9t\u00e9 les principaux b\u00e9n\u00e9ficiaires.<\/p>\n","protected":false},"excerpt":{"rendered":"La star mondiale de la pop a d\u00e9voil\u00e9 la sortie du 12e disque de sa carri\u00e8re dans la&hellip;\n","protected":false},"author":2,"featured_media":313537,"comment_status":"","ping_status":"","sticky":false,"template":"","format":"standard","meta":{"footnotes":""},"categories":[1355],"tags":[58,59,73,1011,27,1361,873,7206,2713],"class_list":{"0":"post-313536","1":"post","2":"type-post","3":"status-publish","4":"format-standard","5":"has-post-thumbnail","7":"category-musique","8":"tag-divertissement","9":"tag-entertainment","10":"tag-etats-unis","11":"tag-fr","12":"tag-france","13":"tag-music","14":"tag-musique","15":"tag-nouvel-album","16":"tag-taylor-swift"},"share_on_mastodon":{"url":"https:\/\/pubeurope.com\/@fr\/115014941121650169","error":""},"_links":{"self":[{"href":"https:\/\/www.europesays.com\/fr\/wp-json\/wp\/v2\/posts\/313536","targetHints":{"allow":["GET"]}}],"collection":[{"href":"https:\/\/www.europesays.com\/fr\/wp-json\/wp\/v2\/posts"}],"about":[{"href":"https:\/\/www.europesays.com\/fr\/wp-json\/wp\/v2\/types\/post"}],"author":[{"embeddable":true,"href":"https:\/\/www.europesays.com\/fr\/wp-json\/wp\/v2\/users\/2"}],"replies":[{"embeddable":true,"href":"https:\/\/www.europesays.com\/fr\/wp-json\/wp\/v2\/comments?post=313536"}],"version-history":[{"count":0,"href":"https:\/\/www.europesays.com\/fr\/wp-json\/wp\/v2\/posts\/313536\/revisions"}],"wp:featuredmedia":[{"embeddable":true,"href":"https:\/\/www.europesays.com\/fr\/wp-json\/wp\/v2\/media\/313537"}],"wp:attachment":[{"href":"https:\/\/www.europesays.com\/fr\/wp-json\/wp\/v2\/media?parent=313536"}],"wp:term":[{"taxonomy":"category","embeddable":true,"href":"https:\/\/www.europesays.com\/fr\/wp-json\/wp\/v2\/categories?post=313536"},{"taxonomy":"post_tag","embeddable":true,"href":"https:\/\/www.europesays.com\/fr\/wp-json\/wp\/v2\/tags?post=313536"}],"curies":[{"name":"wp","href":"https:\/\/api.w.org\/{rel}","templated":true}]}}